{"id":109765,"date":"2025-08-19T11:23:45","date_gmt":"2025-08-19T17:23:45","guid":{"rendered":"https:\/\/elmetropolitano.com.gt\/es\/?p=109765"},"modified":"2025-08-19T11:23:46","modified_gmt":"2025-08-19T17:23:46","slug":"presidente-arevalo-destaca-cooperacion-impulsada-por-guatemala-con-mexico-y-belice","status":"publish","type":"post","link":"https:\/\/elmetropolitano.com.gt\/es\/presidente-arevalo-destaca-cooperacion-impulsada-por-guatemala-con-mexico-y-belice\/","title":{"rendered":"Presidente Ar\u00e9valo destaca cooperaci\u00f3n impulsada por Guatemala con M\u00e9xico y Belice"},"content":{"rendered":"\n<p>El presidente Bernardo Ar\u00e9valo resalt\u00f3 este lunes los convenios de cooperaci\u00f3n que Guatemala estableci\u00f3 con M\u00e9xico y Belice en el que sobresale la creaci\u00f3n del Corredor Biocultural Gran Selva Maya, as\u00ed como proyectos de desarrollo fronterizo y seguridad que se impulsan con el gobierno mexicano.<\/p>\n\n\n\n<p>El presidente de Guatemala inform\u00f3 en la rueda de prensa La Ronda sobre la reuni\u00f3n efectuada el viernes en Pet\u00e9n con la mandataria mexicana Claudia Sheinbaum, con quien evalu\u00f3 temas de la agenda bilateral de inter\u00e9s de las dos naciones.<\/p><div class=\"elmet-contenido\" id=\"elmet-3157373607\"><div class=\"elmet-adlabel\">Anuncios<\/div><div style=\"margin-top: 20px;margin-right: 20px;margin-bottom: 20px;margin-left: 20px;\" id=\"elmet-1960465176\"><a href=\"https:\/\/www.facebook.com\/arrincuanantigua\/\" aria-label=\"cintillo-arrin-cual\"><img loading=\"lazy\" decoding=\"async\" src=\"https:\/\/elmetropolitano.com.gt\/es\/wp-content\/uploads\/2021\/11\/cintillo-arrin-cual-1.jpg\" alt=\"\"  srcset=\"https:\/\/elmetropolitano.com.gt\/es\/wp-content\/uploads\/2021\/11\/cintillo-arrin-cual-1.jpg 750w, https:\/\/elmetropolitano.com.gt\/es\/wp-content\/uploads\/2021\/11\/cintillo-arrin-cual-1-300x36.jpg 300w, https:\/\/elmetropolitano.com.gt\/es\/wp-content\/uploads\/2021\/11\/cintillo-arrin-cual-1-600x72.jpg 600w\" sizes=\"(max-width: 750px) 100vw, 750px\" width=\"750\" height=\"90\"   \/><\/a><\/div><\/div>\n\n\n\n<p>Luego de la sesi\u00f3n bilateral en Tikal, Pet\u00e9n, coraz\u00f3n de la Biosfera Maya, los dos mandatarios y sus equipos de gobiernos se trasladaron al sitio arqueol\u00f3gico de Calakmul, en el estado mexicano de Campeche, a donde lleg\u00f3 el primer ministro de Belice, John Brice\u00f1o, para incorporarse a las conversaciones.<\/p>\n\n\n\n<p>Los gobernantes de Guatemala, M\u00e9xico y Belice, tras una jornada de evaluaci\u00f3n de asuntos de inter\u00e9s regional, suscribieron la denominada Declaraci\u00f3n de Calakmul Corredor Biocultural Gran Selva Maya.<\/p>\n\n\n\n<p>Protecci\u00f3n del patrimonio natural y cultural<\/p>\n\n\n\n<p>Se trata de un convenio de desarrollo sostenible de un territorio considerado el segundo bosque tropical m\u00e1s extenso del continente americano, y el m\u00e1s importante en Mesoam\u00e9rica.<\/p>\n\n\n\n<p>Seg\u00fan la Declaraci\u00f3n, los objetivos de la creaci\u00f3n del Corredor Biocultural Gran Selva Maya son proteger el patrimonio cultural y natural de la regi\u00f3n, fortalecer la econom\u00eda y conservar una superficie de 5.7 millones de hect\u00e1reas.<\/p>\n\n\n\n<p>La zona de implementaci\u00f3n del convenio abarca en Guatemala 2.7 millones de hect\u00e1reas del Parque Nacional Mirador-R\u00edo y la Reserva de Biosfera Maya.<\/p>\n\n\n\n<p>En M\u00e9xico cubre 2.4 millones de hect\u00e1reas de las reservas de la Biosfera Calakmul, de la Biosfera Balamk\u00fa y de la Biosfea Montes Azules.<\/p>\n\n\n\n<p>Mientras que en Belice preservar\u00e1 unas 600 mil hect\u00e1reas del \u00c1rea de Conservaci\u00f3n y Manejo de R\u00edo Bravo y del \u00c1rea Natural Protegida Aguas Turbias.<\/p>\n\n\n\n<p>Adem\u00e1s de proteger la flora, fauna y vestigios arqueol\u00f3gicos y reconocer la biocultural dad y ecosistemas, las especies emblem\u00e1ticas como el jaguar, as\u00ed como la protecci\u00f3n de siete mil especies de flora y fauna, 50 especies prioritarias para conservaci\u00f3n y m\u00e1s de 200 especies en categor\u00eda de riesgo.<\/p>\n\n\n\n<p>Asimismo, el presidente Ar\u00e9valo asegur\u00f3:<\/p>\n\n\n\n<p>Nos hemos comprometido a cooperar para fomentar el uso sostenible de la selva y para conservarla, protegiendo los derechos humanos y culturales de las comunidades ind\u00edgenas de este territorio, colaborando para responder juntos a las amenazas comunes.<\/p>\n\n\n\n<p>Guatemala y M\u00e9xico acuerdan acciones en seguridad y desarrollo fronterizo<\/p>\n\n\n\n<p>El acuerdo del viernes pasado entre las tres naciones destaca los esfuerzos por impulsar un modelo sostenible de desarrollo que beneficie a las comunidades que habitan en esta \u00e1rea, en nuestros tres pa\u00edses.<\/p>\n\n\n\n<p>Las acciones se establecer\u00e1n respetando su cultura y sus pr\u00e1cticas ancestrales, al tiempo que se las aprovecha para la preservaci\u00f3n del patrimonio natural y arqueol\u00f3gico.<\/p>\n\n\n\n<p>El mandatario dijo que adem\u00e1s de la creaci\u00f3n por los tres pa\u00edses del Corredor Biocultural Gran Selva Maya, los gobiernos de Guatemala y M\u00e9xico revisaron asuntos importantes de la agenda como la interconexi\u00f3n ferroviaria.<\/p>\n\n\n\n<p>Con M\u00e9xico estamos procurando una verdadera interconexi\u00f3n ferroviaria de pasajeros y de carga, que coincida con los objetivos de desarrollo de nuestro gobierno, a\u00f1adi\u00f3.<\/p>\n\n\n\n<p>Tambi\u00e9n destac\u00f3 de manera particular la interconexi\u00f3n energ\u00e9tica entre Guatemala y M\u00e9xico que ha permitido que miles de familias guatemaltecas en \u00e1reas de dif\u00edcil acceso puedan obtener energ\u00eda el\u00e9ctrica.<\/p>\n\n\n\n<p>Indic\u00f3 que tambi\u00e9n dicha interconexi\u00f3n proyecta un acceso a la energ\u00eda con la calidad y la potencia necesaria para el desarrollo econ\u00f3mico del pa\u00eds.<\/p>\n\n\n\n<p>En la rueda de prensa llevada a cabo en el Palacio Nacional, resalt\u00f3 otros acuerdos alcanzados con el gobierno mexicano como la reactivaci\u00f3n del Grupo de Alto Nivel de Seguridad (GANSEG) que se revisa para hacer m\u00e1s efectiva la lucha contra el crimen transnacional.<\/p>\n\n\n\n<p>As\u00ed, reiteramos la importancia de esta colaboraci\u00f3n, del trabajo coordinado y conjunto en el combate al narcotr\u00e1fico y a otras formas de delincuencia organizada transnacional.<\/p>\n\n\n\n<p>En el tema de migraci\u00f3n, M\u00e9xico y Guatemala vamos a trabajar unidos para proteger a quienes salen de nuestros pa\u00edses, a quienes transitan por nuestros pa\u00edses y a quienes retornan a nuestros pa\u00edses, puntualiz\u00f3.<\/p>\n\n\n\n<p>Texto: Pablo Reyna<\/p>\n\n\n\n<p>#bernardoar\u00e9valo #cooperacion #mexicoguatemala #metroredes www.elmetropolitano.com.gt www.metroredes.com<\/p>\n","protected":false},"excerpt":{"rendered":"<p>El presidente Bernardo Ar\u00e9valo resalt\u00f3 este lunes los convenios de cooperaci\u00f3n que Guatemala estableci\u00f3 con M\u00e9xico y Belice en el que sobresale la creaci\u00f3n del Corredor Biocultural Gran Selva Maya, as\u00ed como proyectos de desarrollo fronterizo y seguridad que se impulsan con el gobierno mexicano. El presidente de Guatemala inform\u00f3 en la rueda de prensa <a class=\"read-more\" href=\"https:\/\/elmetropolitano.com.gt\/es\/presidente-arevalo-destaca-cooperacion-impulsada-por-guatemala-con-mexico-y-belice\/\">Leer m\u00e1s<\/a><\/p>\n","protected":false},"author":1,"featured_media":109766,"comment_status":"open","ping_status":"closed","sticky":false,"template":"","format":"standard","meta":{"footnotes":""},"categories":[2],"tags":[12],"class_list":["post-109765","post","type-post","status-publish","format-standard","has-post-thumbnail","hentry","category-nacionales","tag-nacionales"],"_links":{"self":[{"href":"https:\/\/elmetropolitano.com.gt\/es\/wp-json\/wp\/v2\/posts\/109765","targetHints":{"allow":["GET"]}}],"collection":[{"href":"https:\/\/elmetropolitano.com.gt\/es\/wp-json\/wp\/v2\/posts"}],"about":[{"href":"https:\/\/elmetropolitano.com.gt\/es\/wp-json\/wp\/v2\/types\/post"}],"author":[{"embeddable":true,"href":"https:\/\/elmetropolitano.com.gt\/es\/wp-json\/wp\/v2\/users\/1"}],"replies":[{"embeddable":true,"href":"https:\/\/elmetropolitano.com.gt\/es\/wp-json\/wp\/v2\/comments?post=109765"}],"version-history":[{"count":1,"href":"https:\/\/elmetropolitano.com.gt\/es\/wp-json\/wp\/v2\/posts\/109765\/revisions"}],"predecessor-version":[{"id":109767,"href":"https:\/\/elmetropolitano.com.gt\/es\/wp-json\/wp\/v2\/posts\/109765\/revisions\/109767"}],"wp:featuredmedia":[{"embeddable":true,"href":"https:\/\/elmetropolitano.com.gt\/es\/wp-json\/wp\/v2\/media\/109766"}],"wp:attachment":[{"href":"https:\/\/elmetropolitano.com.gt\/es\/wp-json\/wp\/v2\/media?parent=109765"}],"wp:term":[{"taxonomy":"category","embeddable":true,"href":"https:\/\/elmetropolitano.com.gt\/es\/wp-json\/wp\/v2\/categories?post=109765"},{"taxonomy":"post_tag","embeddable":true,"href":"https:\/\/elmetropolitano.com.gt\/es\/wp-json\/wp\/v2\/tags?post=109765"}],"curies":[{"name":"wp","href":"https:\/\/api.w.org\/{rel}","templated":true}]}}