{"id":109777,"date":"2025-08-19T13:30:50","date_gmt":"2025-08-19T19:30:50","guid":{"rendered":"https:\/\/elmetropolitano.com.gt\/es\/?p=109777"},"modified":"2025-08-19T13:30:51","modified_gmt":"2025-08-19T19:30:51","slug":"presidente-arevalo-encabeza-entrega-simbolica-de-adoquines-en-santa-lucia-utatlan-solola","status":"publish","type":"post","link":"https:\/\/elmetropolitano.com.gt\/es\/presidente-arevalo-encabeza-entrega-simbolica-de-adoquines-en-santa-lucia-utatlan-solola\/","title":{"rendered":"Presidente Ar\u00e9valo encabeza entrega simb\u00f3lica de adoquines en Santa Luc\u00eda Utatl\u00e1n, Solol\u00e1"},"content":{"rendered":"\n<p>El presidente de la Rep\u00fablica, Bernardo Ar\u00e9valo, particip\u00f3 este martes en la entrega simb\u00f3lica de adoquines en el municipio de Santa Luc\u00eda Utatl\u00e1n, Solol\u00e1, lo que corresponde a la respuesta del Gobierno central a los compromisos adquiridos por las autoridades ind\u00edgenas durante la agenda territorial.<\/p>\n\n\n\n<p>Asimismo, esta entrega forma parte de los avances de esta agenda que el mandatario mantiene con las comunidades ind\u00edgenas desde noviembre del 2024, especialmente, en materia de infraestructura vial, salud, educaci\u00f3n y medioambiente.<\/p><div class=\"elmet-contenido\" id=\"elmet-276662310\"><div class=\"elmet-adlabel\">Anuncios<\/div><div style=\"margin-top: 20px;margin-right: 20px;margin-bottom: 20px;margin-left: 20px;\" id=\"elmet-2671285817\"><a href=\"https:\/\/www.facebook.com\/arrincuanantigua\/\" aria-label=\"cintillo-arrin-cual\"><img loading=\"lazy\" decoding=\"async\" src=\"https:\/\/elmetropolitano.com.gt\/es\/wp-content\/uploads\/2021\/11\/cintillo-arrin-cual-1.jpg\" alt=\"\"  srcset=\"https:\/\/elmetropolitano.com.gt\/es\/wp-content\/uploads\/2021\/11\/cintillo-arrin-cual-1.jpg 750w, https:\/\/elmetropolitano.com.gt\/es\/wp-content\/uploads\/2021\/11\/cintillo-arrin-cual-1-300x36.jpg 300w, https:\/\/elmetropolitano.com.gt\/es\/wp-content\/uploads\/2021\/11\/cintillo-arrin-cual-1-600x72.jpg 600w\" sizes=\"(max-width: 750px) 100vw, 750px\" width=\"750\" height=\"90\"   \/><\/a><\/div><\/div>\n\n\n\n<p>Entrega de adoquines<\/p>\n\n\n\n<p>La entrega de adoquines est\u00e1 a cargo del Ministerio de Desarrollo Social (Mides), a trav\u00e9s del Fondo de Desarrollo Social (Fodes), el cual entregar\u00e1 un total de 232 mil 600 adoquines en cuatro comunidades de Santa Luc\u00eda Utatl\u00e1n, con lo que beneficiar\u00e1 directamente a 256 familias que ah\u00ed habitan.<\/p>\n\n\n\n<p>Adem\u00e1s, la entrega se inici\u00f3 desde el pasado 6 de agosto. Hasta el momento se han entregado 118 mil adoquines, por lo que quedan por repartir 114 mil 600 m\u00e1s. En su intervenci\u00f3n, el ministro de Desarrollo, Abelardo Pinto, present\u00f3 la distribuci\u00f3n de las entregas:<\/p>\n\n\n\n<p>Sector l de Paj\u00e1: 35 mil 800 adoquines<\/p>\n\n\n\n<p>Sector Los Pinos lll: 20 mil adoquines<\/p>\n\n\n\n<p>Xesampul: 18 mil 400 adoquines<\/p>\n\n\n\n<p>El Novillero: 43 mil 800<\/p>\n\n\n\n<p>M\u00e1s oportunidades a trav\u00e9s de mejores caminos<\/p>\n\n\n\n<p>La entrega de este material tiene el fin de mejorar la infraestructura vial del municipio, reconociendo que mejores carreteras representan mejores oportunidades y la llegada del desarrollo social y econ\u00f3mico.<\/p>\n\n\n\n<p>As\u00ed lo afirm\u00f3 Abelardo Pinto en su discurso:<\/p>\n\n\n\n<p>Cuando se invierte en caminos vecinales se invierte en dignidad, en la movilidad y en el futuro de las familias de Santa Luc\u00eda Utatl\u00e1n. Se invierte en la posibilidad de que cada persona sin importar donde viva tenga acceso a la educaci\u00f3n, a la salud, al trabajo y a una vida mejor.<\/p>\n\n\n\n<p>De esta manera, el gobierno del presidente Bernardo Ar\u00e9valo cumple su compromiso de brindar oportunidades reales de desarrollo para aquellas comunidades hist\u00f3ricamente olvidadas por gobiernos anteriores, escuchando activamente y respondiendo directamente a sus necesidades.<\/p>\n\n\n\n<p>Texto Mariana L\u00f3pez<\/p>\n\n\n\n<p>#BernardoAr\u00e9valo&nbsp; #SantaLuc\u00edaUtatlan&nbsp; #adoquines&nbsp; #metroredes&nbsp; <a href=\"http:\/\/www.elmetropolitano.com.gt\">www.elmetropolitano.com.gt<\/a>&nbsp; <a href=\"http:\/\/www.metroredes.com\">www.metroredes.com<\/a><\/p>\n\n\n\n<figure class=\"wp-block-gallery has-nested-images columns-default is-cropped wp-block-gallery-1 is-layout-flex wp-block-gallery-is-layout-flex\">\n<figure class=\"wp-block-image size-large\"><img loading=\"lazy\" decoding=\"async\" width=\"1024\" height=\"683\" data-id=\"109780\" src=\"https:\/\/elmetropolitano.com.gt\/es\/wp-content\/uploads\/2025\/08\/Gyuvc_oX0AAcqvE-1024x683.jpeg\" alt=\"\" class=\"wp-image-109780\" srcset=\"https:\/\/elmetropolitano.com.gt\/es\/wp-content\/uploads\/2025\/08\/Gyuvc_oX0AAcqvE-1024x683.jpeg 1024w, https:\/\/elmetropolitano.com.gt\/es\/wp-content\/uploads\/2025\/08\/Gyuvc_oX0AAcqvE-300x200.jpeg 300w, https:\/\/elmetropolitano.com.gt\/es\/wp-content\/uploads\/2025\/08\/Gyuvc_oX0AAcqvE-768x512.jpeg 768w, https:\/\/elmetropolitano.com.gt\/es\/wp-content\/uploads\/2025\/08\/Gyuvc_oX0AAcqvE-1536x1024.jpeg 1536w, https:\/\/elmetropolitano.com.gt\/es\/wp-content\/uploads\/2025\/08\/Gyuvc_oX0AAcqvE-2048x1366.jpeg 2048w\" sizes=\"auto, (max-width: 1024px) 100vw, 1024px\" \/><\/figure>\n\n\n\n<figure class=\"wp-block-image size-large\"><img loading=\"lazy\" decoding=\"async\" width=\"1024\" height=\"683\" data-id=\"109782\" src=\"https:\/\/elmetropolitano.com.gt\/es\/wp-content\/uploads\/2025\/08\/GyuvdA-XMAAzGKM-1024x683.jpeg\" alt=\"\" class=\"wp-image-109782\" srcset=\"https:\/\/elmetropolitano.com.gt\/es\/wp-content\/uploads\/2025\/08\/GyuvdA-XMAAzGKM-1024x683.jpeg 1024w, https:\/\/elmetropolitano.com.gt\/es\/wp-content\/uploads\/2025\/08\/GyuvdA-XMAAzGKM-300x200.jpeg 300w, https:\/\/elmetropolitano.com.gt\/es\/wp-content\/uploads\/2025\/08\/GyuvdA-XMAAzGKM-768x512.jpeg 768w, https:\/\/elmetropolitano.com.gt\/es\/wp-content\/uploads\/2025\/08\/GyuvdA-XMAAzGKM-1536x1024.jpeg 1536w, https:\/\/elmetropolitano.com.gt\/es\/wp-content\/uploads\/2025\/08\/GyuvdA-XMAAzGKM-2048x1366.jpeg 2048w\" sizes=\"auto, (max-width: 1024px) 100vw, 1024px\" \/><\/figure>\n\n\n\n<figure class=\"wp-block-image size-large\"><img loading=\"lazy\" decoding=\"async\" width=\"1024\" height=\"683\" data-id=\"109783\" src=\"https:\/\/elmetropolitano.com.gt\/es\/wp-content\/uploads\/2025\/08\/GyuvdDPWcAA_imZ-1024x683.jpeg\" alt=\"\" class=\"wp-image-109783\" srcset=\"https:\/\/elmetropolitano.com.gt\/es\/wp-content\/uploads\/2025\/08\/GyuvdDPWcAA_imZ-1024x683.jpeg 1024w, https:\/\/elmetropolitano.com.gt\/es\/wp-content\/uploads\/2025\/08\/GyuvdDPWcAA_imZ-300x200.jpeg 300w, https:\/\/elmetropolitano.com.gt\/es\/wp-content\/uploads\/2025\/08\/GyuvdDPWcAA_imZ-768x512.jpeg 768w, https:\/\/elmetropolitano.com.gt\/es\/wp-content\/uploads\/2025\/08\/GyuvdDPWcAA_imZ-1536x1024.jpeg 1536w, https:\/\/elmetropolitano.com.gt\/es\/wp-content\/uploads\/2025\/08\/GyuvdDPWcAA_imZ-2048x1366.jpeg 2048w\" sizes=\"auto, (max-width: 1024px) 100vw, 1024px\" \/><\/figure>\n\n\n\n<figure class=\"wp-block-image size-large\"><img loading=\"lazy\" decoding=\"async\" width=\"683\" height=\"1024\" data-id=\"109781\" src=\"https:\/\/elmetropolitano.com.gt\/es\/wp-content\/uploads\/2025\/08\/GyuvdGDWgAA_D6e-683x1024.jpeg\" alt=\"\" class=\"wp-image-109781\" srcset=\"https:\/\/elmetropolitano.com.gt\/es\/wp-content\/uploads\/2025\/08\/GyuvdGDWgAA_D6e-683x1024.jpeg 683w, https:\/\/elmetropolitano.com.gt\/es\/wp-content\/uploads\/2025\/08\/GyuvdGDWgAA_D6e-200x300.jpeg 200w, https:\/\/elmetropolitano.com.gt\/es\/wp-content\/uploads\/2025\/08\/GyuvdGDWgAA_D6e-768x1152.jpeg 768w, https:\/\/elmetropolitano.com.gt\/es\/wp-content\/uploads\/2025\/08\/GyuvdGDWgAA_D6e-1024x1536.jpeg 1024w, https:\/\/elmetropolitano.com.gt\/es\/wp-content\/uploads\/2025\/08\/GyuvdGDWgAA_D6e-1366x2048.jpeg 1366w, https:\/\/elmetropolitano.com.gt\/es\/wp-content\/uploads\/2025\/08\/GyuvdGDWgAA_D6e.jpeg 1387w\" sizes=\"auto, (max-width: 683px) 100vw, 683px\" \/><\/figure>\n\n\n\n<figure class=\"wp-block-image size-large\"><img loading=\"lazy\" decoding=\"async\" width=\"1024\" height=\"512\" data-id=\"109779\" src=\"https:\/\/elmetropolitano.com.gt\/es\/wp-content\/uploads\/2025\/08\/PRESIDENTE-ENTREGA-ADOQUINES-1140x570-2-1024x512.jpeg\" alt=\"\" class=\"wp-image-109779\" srcset=\"https:\/\/elmetropolitano.com.gt\/es\/wp-content\/uploads\/2025\/08\/PRESIDENTE-ENTREGA-ADOQUINES-1140x570-2-1024x512.jpeg 1024w, https:\/\/elmetropolitano.com.gt\/es\/wp-content\/uploads\/2025\/08\/PRESIDENTE-ENTREGA-ADOQUINES-1140x570-2-300x150.jpeg 300w, https:\/\/elmetropolitano.com.gt\/es\/wp-content\/uploads\/2025\/08\/PRESIDENTE-ENTREGA-ADOQUINES-1140x570-2-768x384.jpeg 768w, https:\/\/elmetropolitano.com.gt\/es\/wp-content\/uploads\/2025\/08\/PRESIDENTE-ENTREGA-ADOQUINES-1140x570-2.jpeg 1140w\" sizes=\"auto, (max-width: 1024px) 100vw, 1024px\" \/><\/figure>\n<\/figure>\n","protected":false},"excerpt":{"rendered":"<p>El presidente de la Rep\u00fablica, Bernardo Ar\u00e9valo, particip\u00f3 este martes en la entrega simb\u00f3lica de adoquines en el municipio de Santa Luc\u00eda Utatl\u00e1n, Solol\u00e1, lo que corresponde a la respuesta del Gobierno central a los compromisos adquiridos por las autoridades ind\u00edgenas durante la agenda territorial. Asimismo, esta entrega forma parte de los avances de esta <a class=\"read-more\" href=\"https:\/\/elmetropolitano.com.gt\/es\/presidente-arevalo-encabeza-entrega-simbolica-de-adoquines-en-santa-lucia-utatlan-solola\/\">Leer m\u00e1s<\/a><\/p>\n","protected":false},"author":1,"featured_media":109778,"comment_status":"open","ping_status":"closed","sticky":false,"template":"","format":"standard","meta":{"footnotes":""},"categories":[4],"tags":[13],"class_list":["post-109777","post","type-post","status-publish","format-standard","has-post-thumbnail","hentry","category-departamentales","tag-departamentales"],"_links":{"self":[{"href":"https:\/\/elmetropolitano.com.gt\/es\/wp-json\/wp\/v2\/posts\/109777","targetHints":{"allow":["GET"]}}],"collection":[{"href":"https:\/\/elmetropolitano.com.gt\/es\/wp-json\/wp\/v2\/posts"}],"about":[{"href":"https:\/\/elmetropolitano.com.gt\/es\/wp-json\/wp\/v2\/types\/post"}],"author":[{"embeddable":true,"href":"https:\/\/elmetropolitano.com.gt\/es\/wp-json\/wp\/v2\/users\/1"}],"replies":[{"embeddable":true,"href":"https:\/\/elmetropolitano.com.gt\/es\/wp-json\/wp\/v2\/comments?post=109777"}],"version-history":[{"count":1,"href":"https:\/\/elmetropolitano.com.gt\/es\/wp-json\/wp\/v2\/posts\/109777\/revisions"}],"predecessor-version":[{"id":109784,"href":"https:\/\/elmetropolitano.com.gt\/es\/wp-json\/wp\/v2\/posts\/109777\/revisions\/109784"}],"wp:featuredmedia":[{"embeddable":true,"href":"https:\/\/elmetropolitano.com.gt\/es\/wp-json\/wp\/v2\/media\/109778"}],"wp:attachment":[{"href":"https:\/\/elmetropolitano.com.gt\/es\/wp-json\/wp\/v2\/media?parent=109777"}],"wp:term":[{"taxonomy":"category","embeddable":true,"href":"https:\/\/elmetropolitano.com.gt\/es\/wp-json\/wp\/v2\/categories?post=109777"},{"taxonomy":"post_tag","embeddable":true,"href":"https:\/\/elmetropolitano.com.gt\/es\/wp-json\/wp\/v2\/tags?post=109777"}],"curies":[{"name":"wp","href":"https:\/\/api.w.org\/{rel}","templated":true}]}}