{"id":109813,"date":"2025-08-20T09:27:46","date_gmt":"2025-08-20T15:27:46","guid":{"rendered":"https:\/\/elmetropolitano.com.gt\/es\/?p=109813"},"modified":"2025-08-20T09:27:47","modified_gmt":"2025-08-20T15:27:47","slug":"jalpatagua-se-prepara-para-recibir-la-antorcha-centroamericana-por-la-paz-y-la-libertad","status":"publish","type":"post","link":"https:\/\/elmetropolitano.com.gt\/es\/jalpatagua-se-prepara-para-recibir-la-antorcha-centroamericana-por-la-paz-y-la-libertad\/","title":{"rendered":"Jalpatagua se prepara para recibir la Antorcha Centroamericana por La Paz y la Libertad"},"content":{"rendered":"\n<p>El Gobernador Departamental de Guatemala, Mauricio Benard, sostuvo una reuni\u00f3n de trabajo con el alcalde de Jalpatagua, Armando V\u00e1squez, para coordinar los actos protocolarios relacionados con el recorrido de la Antorcha Centroamericana por la Paz y la Libertad, que llegar\u00e1 a este municipio fronterizo el pr\u00f3ximo 3 de septiembre, antes de continuar su marcha hacia El Salvador.<\/p>\n\n\n\n<p>Durante el encuentro, se defini\u00f3 el espacio que ser\u00e1 utilizado para el desarrollo de las actividades programadas los d\u00edas 3 y 4 de septiembre.<\/p><div class=\"elmet-contenido\" id=\"elmet-25800266\"><div class=\"elmet-adlabel\">Anuncios<\/div><div style=\"margin-top: 20px;margin-right: 20px;margin-bottom: 20px;margin-left: 20px;\" id=\"elmet-3561410295\"><a href=\"https:\/\/www.facebook.com\/arrincuanantigua\/\" aria-label=\"cintillo-arrin-cual\"><img loading=\"lazy\" decoding=\"async\" src=\"https:\/\/elmetropolitano.com.gt\/es\/wp-content\/uploads\/2021\/11\/cintillo-arrin-cual-1.jpg\" alt=\"\"  srcset=\"https:\/\/elmetropolitano.com.gt\/es\/wp-content\/uploads\/2021\/11\/cintillo-arrin-cual-1.jpg 750w, https:\/\/elmetropolitano.com.gt\/es\/wp-content\/uploads\/2021\/11\/cintillo-arrin-cual-1-300x36.jpg 300w, https:\/\/elmetropolitano.com.gt\/es\/wp-content\/uploads\/2021\/11\/cintillo-arrin-cual-1-600x72.jpg 600w\" sizes=\"(max-width: 750px) 100vw, 750px\" width=\"750\" height=\"90\"   \/><\/a><\/div><\/div>\n\n\n\n<p>Agenda de actividades<\/p>\n\n\n\n<p>3 de septiembre, 9:00 a.m.: El Ministerio de Cultura y Deportes, a trav\u00e9s de la Direcci\u00f3n de \u00c1reas Sustantivas realizar\u00e1 un Festival 10 para Todos, que incluir\u00e1 actividades deportivas y recreativas para la poblaci\u00f3n.<\/p>\n\n\n\n<p>3 de septiembre, 7:00 p.m.: Recibimiento de la Antorcha Centroamericana en Jalpatagua con un acto c\u00edvico y actividades culturales organizadas por el Comit\u00e9 Local de Fiestas de Independencia. Previo a ello,<\/p>\n\n\n\n<p>4 de septiembre, 7:00 a.m.: Salida oficial de la Antorcha Centroamericana desde Jalpatagua rumbo a El Salvador, en un acto simb\u00f3lico de hermandad e integraci\u00f3n regional.<\/p>\n\n\n\n<p>4 de septiembre, 9:00 a.m.: Entrega de la Antorcha Centroamericana a los hermanos de El Salvador<\/p>\n\n\n\n<p>El Gobernador Departamental destac\u00f3 la importancia de esta coordinaci\u00f3n interinstitucional que busca garantizar que la fiesta c\u00edvica se desarrolle con \u00e9xito, reforzando los valores de unidad, paz y libertad que representa este recorrido hist\u00f3rico en el marco de la independencia patria.<\/p>\n\n\n\n<p>Texto: Estuardo Ibarra<\/p>\n\n\n\n<p><a href=\"https:\/\/www.facebook.com\/hashtag\/ferborpatrio?__eep__=6&amp;__cft__[0]=AZVx04HM3zJS2dWIlutmP2j123EY4g6H96WvH8AsLGyCbcGediuaX4PSs7-hMCWZQVZMo8xwEZeufTNOhOomijyRnWOu4lGlwYQuzD7GeMQJVzNVy-RON8HNZ1VwlHJUxQREUJ_XqHE2kBwyM6YpaiC0TkXf3DqL5VgdrxB7tqTJydfItpGJHUbJn8VsCDNKiEM&amp;__tn__=*NK-R\">#FerborPatrio<\/a><a href=\"https:\/\/www.facebook.com\/hashtag\/antorchacentoamericana?__eep__=6&amp;__cft__[0]=AZVx04HM3zJS2dWIlutmP2j123EY4g6H96WvH8AsLGyCbcGediuaX4PSs7-hMCWZQVZMo8xwEZeufTNOhOomijyRnWOu4lGlwYQuzD7GeMQJVzNVy-RON8HNZ1VwlHJUxQREUJ_XqHE2kBwyM6YpaiC0TkXf3DqL5VgdrxB7tqTJydfItpGJHUbJn8VsCDNKiEM&amp;__tn__=*NK-R\">#AntorchaCentoamericana<\/a><\/p>\n\n\n\n<figure class=\"wp-block-gallery has-nested-images columns-default is-cropped wp-block-gallery-1 is-layout-flex wp-block-gallery-is-layout-flex\">\n<figure class=\"wp-block-image size-large\"><img loading=\"lazy\" decoding=\"async\" width=\"1024\" height=\"678\" data-id=\"109816\" src=\"https:\/\/elmetropolitano.com.gt\/es\/wp-content\/uploads\/2025\/08\/534421069_1304556735003740_9050945182293000388_n-1-1024x678.jpg\" alt=\"\" class=\"wp-image-109816\" srcset=\"https:\/\/elmetropolitano.com.gt\/es\/wp-content\/uploads\/2025\/08\/534421069_1304556735003740_9050945182293000388_n-1-1024x678.jpg 1024w, https:\/\/elmetropolitano.com.gt\/es\/wp-content\/uploads\/2025\/08\/534421069_1304556735003740_9050945182293000388_n-1-300x199.jpg 300w, https:\/\/elmetropolitano.com.gt\/es\/wp-content\/uploads\/2025\/08\/534421069_1304556735003740_9050945182293000388_n-1-768x509.jpg 768w, https:\/\/elmetropolitano.com.gt\/es\/wp-content\/uploads\/2025\/08\/534421069_1304556735003740_9050945182293000388_n-1.jpg 1536w\" sizes=\"auto, (max-width: 1024px) 100vw, 1024px\" \/><\/figure>\n\n\n\n<figure class=\"wp-block-image size-large\"><img loading=\"lazy\" decoding=\"async\" width=\"1024\" height=\"678\" data-id=\"109817\" src=\"https:\/\/elmetropolitano.com.gt\/es\/wp-content\/uploads\/2025\/08\/535097587_1304556738337073_4895942728749160235_n-1024x678.jpg\" alt=\"\" class=\"wp-image-109817\" srcset=\"https:\/\/elmetropolitano.com.gt\/es\/wp-content\/uploads\/2025\/08\/535097587_1304556738337073_4895942728749160235_n-1024x678.jpg 1024w, https:\/\/elmetropolitano.com.gt\/es\/wp-content\/uploads\/2025\/08\/535097587_1304556738337073_4895942728749160235_n-300x199.jpg 300w, https:\/\/elmetropolitano.com.gt\/es\/wp-content\/uploads\/2025\/08\/535097587_1304556738337073_4895942728749160235_n-768x509.jpg 768w, https:\/\/elmetropolitano.com.gt\/es\/wp-content\/uploads\/2025\/08\/535097587_1304556738337073_4895942728749160235_n.jpg 1536w\" sizes=\"auto, (max-width: 1024px) 100vw, 1024px\" \/><\/figure>\n\n\n\n<figure class=\"wp-block-image size-large\"><img loading=\"lazy\" decoding=\"async\" width=\"1024\" height=\"678\" data-id=\"109815\" src=\"https:\/\/elmetropolitano.com.gt\/es\/wp-content\/uploads\/2025\/08\/535285998_1304556761670404_5247151185242464637_n-1024x678.jpg\" alt=\"\" class=\"wp-image-109815\" srcset=\"https:\/\/elmetropolitano.com.gt\/es\/wp-content\/uploads\/2025\/08\/535285998_1304556761670404_5247151185242464637_n-1024x678.jpg 1024w, https:\/\/elmetropolitano.com.gt\/es\/wp-content\/uploads\/2025\/08\/535285998_1304556761670404_5247151185242464637_n-300x199.jpg 300w, https:\/\/elmetropolitano.com.gt\/es\/wp-content\/uploads\/2025\/08\/535285998_1304556761670404_5247151185242464637_n-768x509.jpg 768w, https:\/\/elmetropolitano.com.gt\/es\/wp-content\/uploads\/2025\/08\/535285998_1304556761670404_5247151185242464637_n.jpg 1536w\" sizes=\"auto, (max-width: 1024px) 100vw, 1024px\" \/><\/figure>\n\n\n\n<figure class=\"wp-block-image size-large\"><img loading=\"lazy\" decoding=\"async\" width=\"1024\" height=\"678\" data-id=\"109818\" src=\"https:\/\/elmetropolitano.com.gt\/es\/wp-content\/uploads\/2025\/08\/535595376_1304556768337070_5793237191248485554_n-1024x678.jpg\" alt=\"\" class=\"wp-image-109818\" srcset=\"https:\/\/elmetropolitano.com.gt\/es\/wp-content\/uploads\/2025\/08\/535595376_1304556768337070_5793237191248485554_n-1024x678.jpg 1024w, https:\/\/elmetropolitano.com.gt\/es\/wp-content\/uploads\/2025\/08\/535595376_1304556768337070_5793237191248485554_n-300x199.jpg 300w, https:\/\/elmetropolitano.com.gt\/es\/wp-content\/uploads\/2025\/08\/535595376_1304556768337070_5793237191248485554_n-768x509.jpg 768w, https:\/\/elmetropolitano.com.gt\/es\/wp-content\/uploads\/2025\/08\/535595376_1304556768337070_5793237191248485554_n.jpg 1536w\" sizes=\"auto, (max-width: 1024px) 100vw, 1024px\" \/><\/figure>\n<\/figure>\n","protected":false},"excerpt":{"rendered":"<p>El Gobernador Departamental de Guatemala, Mauricio Benard, sostuvo una reuni\u00f3n de trabajo con el alcalde de Jalpatagua, Armando V\u00e1squez, para coordinar los actos protocolarios relacionados con el recorrido de la Antorcha Centroamericana por la Paz y la Libertad, que llegar\u00e1 a este municipio fronterizo el pr\u00f3ximo 3 de septiembre, antes de continuar su marcha hacia <a class=\"read-more\" href=\"https:\/\/elmetropolitano.com.gt\/es\/jalpatagua-se-prepara-para-recibir-la-antorcha-centroamericana-por-la-paz-y-la-libertad\/\">Leer m\u00e1s<\/a><\/p>\n","protected":false},"author":1,"featured_media":109814,"comment_status":"open","ping_status":"closed","sticky":false,"template":"","format":"standard","meta":{"footnotes":""},"categories":[2],"tags":[12],"class_list":["post-109813","post","type-post","status-publish","format-standard","has-post-thumbnail","hentry","category-nacionales","tag-nacionales"],"_links":{"self":[{"href":"https:\/\/elmetropolitano.com.gt\/es\/wp-json\/wp\/v2\/posts\/109813","targetHints":{"allow":["GET"]}}],"collection":[{"href":"https:\/\/elmetropolitano.com.gt\/es\/wp-json\/wp\/v2\/posts"}],"about":[{"href":"https:\/\/elmetropolitano.com.gt\/es\/wp-json\/wp\/v2\/types\/post"}],"author":[{"embeddable":true,"href":"https:\/\/elmetropolitano.com.gt\/es\/wp-json\/wp\/v2\/users\/1"}],"replies":[{"embeddable":true,"href":"https:\/\/elmetropolitano.com.gt\/es\/wp-json\/wp\/v2\/comments?post=109813"}],"version-history":[{"count":1,"href":"https:\/\/elmetropolitano.com.gt\/es\/wp-json\/wp\/v2\/posts\/109813\/revisions"}],"predecessor-version":[{"id":109819,"href":"https:\/\/elmetropolitano.com.gt\/es\/wp-json\/wp\/v2\/posts\/109813\/revisions\/109819"}],"wp:featuredmedia":[{"embeddable":true,"href":"https:\/\/elmetropolitano.com.gt\/es\/wp-json\/wp\/v2\/media\/109814"}],"wp:attachment":[{"href":"https:\/\/elmetropolitano.com.gt\/es\/wp-json\/wp\/v2\/media?parent=109813"}],"wp:term":[{"taxonomy":"category","embeddable":true,"href":"https:\/\/elmetropolitano.com.gt\/es\/wp-json\/wp\/v2\/categories?post=109813"},{"taxonomy":"post_tag","embeddable":true,"href":"https:\/\/elmetropolitano.com.gt\/es\/wp-json\/wp\/v2\/tags?post=109813"}],"curies":[{"name":"wp","href":"https:\/\/api.w.org\/{rel}","templated":true}]}}