{"id":109826,"date":"2025-08-20T09:30:45","date_gmt":"2025-08-20T15:30:45","guid":{"rendered":"https:\/\/elmetropolitano.com.gt\/es\/?p=109826"},"modified":"2025-08-20T09:30:46","modified_gmt":"2025-08-20T15:30:46","slug":"diputado-de-chiquimula-boris-espana-pide-otorgar-amnistia-con-una-ley-a-miembros-del-steg-que-participaron-en-paros","status":"publish","type":"post","link":"https:\/\/elmetropolitano.com.gt\/es\/diputado-de-chiquimula-boris-espana-pide-otorgar-amnistia-con-una-ley-a-miembros-del-steg-que-participaron-en-paros\/","title":{"rendered":"Diputado de Chiquimula Boris Espa\u00f1a pide otorgar amnist\u00eda con una ley a miembros del STEG que participaron en paros"},"content":{"rendered":"\n<p><a><\/a>El diputado del Partido Vamos, Boris Roberto Espa\u00f1a C\u00e1ceres representante de Chiquimula present\u00f3 este martes ante Direcci\u00f3n Legislativa una iniciativa de ley que busca otorgar una amnist\u00eda laboral al personal docente que form\u00f3 parte de las acciones de asamblea permanente y paro de labores que llev\u00f3 a cabo el Sindicato de Trabajadores de la Educaci\u00f3n de Guatemala (STEG), que dirige el profesor Joviel Acevedo quienes por m\u00e1s de 50 d\u00edas ocuparon la plaza de la constituci\u00f3n en una supuesta asamblea permanente<\/p>\n\n\n\n<p>La sorpresiva iniciativa denominada \u201cLey de Amnist\u00eda Laboral al personal del Magisterio Nacional Involucrado en el Paro 2025\u201d busca dejar sin efecto las sanciones administrativas, disciplinarias o judiciales que se hayan impuesto a los maestros de parte del ministerio de educaci\u00f3n<\/p><div class=\"elmet-contenido\" id=\"elmet-633228533\"><div class=\"elmet-adlabel\">Anuncios<\/div><div style=\"margin-top: 20px;margin-right: 20px;margin-bottom: 20px;margin-left: 20px;\" id=\"elmet-1666572524\"><a href=\"https:\/\/www.facebook.com\/arrincuanantigua\/\" aria-label=\"cintillo-arrin-cual\"><img loading=\"lazy\" decoding=\"async\" src=\"https:\/\/elmetropolitano.com.gt\/es\/wp-content\/uploads\/2021\/11\/cintillo-arrin-cual-1.jpg\" alt=\"\"  srcset=\"https:\/\/elmetropolitano.com.gt\/es\/wp-content\/uploads\/2021\/11\/cintillo-arrin-cual-1.jpg 750w, https:\/\/elmetropolitano.com.gt\/es\/wp-content\/uploads\/2021\/11\/cintillo-arrin-cual-1-300x36.jpg 300w, https:\/\/elmetropolitano.com.gt\/es\/wp-content\/uploads\/2021\/11\/cintillo-arrin-cual-1-600x72.jpg 600w\" sizes=\"(max-width: 750px) 100vw, 750px\" width=\"750\" height=\"90\"   \/><\/a><\/div><\/div>\n\n\n\n<p>En ella, se expone que la participaci\u00f3n de los maestros en la protesta fue una demanda de mejoras salariales, mejores condiciones educativas, atenci\u00f3n a la ni\u00f1ez y derechos laborales.<\/p>\n\n\n\n<p>La iniciativa de ley del ahora defensor de los<\/p>\n\n\n\n<p>Maestros que estuvieron en huelga propone en su art\u00edculo 1 \u201cAmnist\u00eda Laboral. Se decreta amnist\u00eda laboral a los trabajadores del Magisterio Nacional que participaron en el paro durante los meses de enero, febrero, marzo, abril, mayo, junio, julio y agosto del a\u00f1o dos mil veinticinco, en demanda de mejoras salariales, condiciones educativas, mejor atenci\u00f3n a la ni\u00f1ez y condiciones laborales\u201d<\/p>\n\n\n\n<p>El seg\u00fan art\u00edculo inca que \u201cRestituci\u00f3n de Derechos. Restituir todos los derechos laborales del . personal docente, administrativo y de servicios del Magisterio Nacional que les hubieren sido restringidos por el Ministerio de Educaci\u00f3n, Ministerio de Finanzas P\u00fablicas y Ministerio de Trabajo y Previsi\u00f3n Social, como consecuencia de la protesta, dejando sin efecto todas las medidas disciplinarias, administrativas o judiciales que se hubieren\u201d<\/p>\n\n\n\n<p>La iniciativa se\u00f1ala que la normativa entrar\u00eda en vigencia una vez publicada en el Diario Oficial y que deber\u00e1 ser conocida en el pleno del Congreso para luego ser enviada a la comisi\u00f3n correspondiente para su an\u00e1lisis.<\/p>\n\n\n\n<p>Seg\u00fan se ha podido establecer en el Congreso Boris Espa\u00f1a contar\u00eda con el apoyo de sus compa\u00f1eros de bancada Vamos y de los diputados de la Unidad Nacional de la Esperanza UNE quienes quieren captar el voto de los<\/p>\n\n\n\n<p>Maestros en el pr\u00f3ximo proceso electoral.<\/p>\n\n\n\n<p><a href=\"https:\/\/www.facebook.com\/hashtag\/amnistiamagisterial?__eep__=6&amp;__cft__[0]=AZWHbasDhzsG1ZIFuW6NVCktynyvL-HT8jwte2u63q4TD8n_f9OTK1qV4GCTvXT7TfJWjsW-neu4DGG-2CSK7uqHlW1R-BlrKQVl03avpamhNBAfto_a9GVuaW0KXTQLbBCtLqqqFTa6yMsj7Us05GPiCZ9F30QUgNa8_YaqUafOBeuylhQi4TvmOqRXeI0RMyU&amp;__tn__=*NK-R\">#AmnistiaMagisterial<\/a><a href=\"https:\/\/www.facebook.com\/hashtag\/metroredes?__eep__=6&amp;__cft__[0]=AZWHbasDhzsG1ZIFuW6NVCktynyvL-HT8jwte2u63q4TD8n_f9OTK1qV4GCTvXT7TfJWjsW-neu4DGG-2CSK7uqHlW1R-BlrKQVl03avpamhNBAfto_a9GVuaW0KXTQLbBCtLqqqFTa6yMsj7Us05GPiCZ9F30QUgNa8_YaqUafOBeuylhQi4TvmOqRXeI0RMyU&amp;__tn__=*NK-R\">#metroredes<\/a><a href=\"https:\/\/www.facebook.com\/hashtag\/une?__eep__=6&amp;__cft__[0]=AZWHbasDhzsG1ZIFuW6NVCktynyvL-HT8jwte2u63q4TD8n_f9OTK1qV4GCTvXT7TfJWjsW-neu4DGG-2CSK7uqHlW1R-BlrKQVl03avpamhNBAfto_a9GVuaW0KXTQLbBCtLqqqFTa6yMsj7Us05GPiCZ9F30QUgNa8_YaqUafOBeuylhQi4TvmOqRXeI0RMyU&amp;__tn__=*NK-R\">#Une<\/a><a href=\"https:\/\/www.facebook.com\/hashtag\/vamos?__eep__=6&amp;__cft__[0]=AZWHbasDhzsG1ZIFuW6NVCktynyvL-HT8jwte2u63q4TD8n_f9OTK1qV4GCTvXT7TfJWjsW-neu4DGG-2CSK7uqHlW1R-BlrKQVl03avpamhNBAfto_a9GVuaW0KXTQLbBCtLqqqFTa6yMsj7Us05GPiCZ9F30QUgNa8_YaqUafOBeuylhQi4TvmOqRXeI0RMyU&amp;__tn__=*NK-R\">#Vamos<\/a><a href=\"https:\/\/www.facebook.com\/hashtag\/impunidad?__eep__=6&amp;__cft__[0]=AZWHbasDhzsG1ZIFuW6NVCktynyvL-HT8jwte2u63q4TD8n_f9OTK1qV4GCTvXT7TfJWjsW-neu4DGG-2CSK7uqHlW1R-BlrKQVl03avpamhNBAfto_a9GVuaW0KXTQLbBCtLqqqFTa6yMsj7Us05GPiCZ9F30QUgNa8_YaqUafOBeuylhQi4TvmOqRXeI0RMyU&amp;__tn__=*NK-R\">#Impunidad<\/a> <a href=\"http:\/\/www.elmetropolitano.com.gt\/?fbclid=IwZXh0bgNhZW0CMTAAYnJpZBExa1A5Mk5HSnZFOFc1bDJCRgEet2oH_Iv5_W4Z9e0qZ05B6T-6zpydGSb3H9hwnYcl5ThKBaho8EleuYWPrSE_aem_GLF2R97Zqt9bhvRDg-IzUA\" target=\"_blank\" rel=\"noreferrer noopener\">Www.elmetropolitano.com.gt<\/a><\/p>\n\n\n\n<p><a href=\"https:\/\/l.facebook.com\/l.php?u=http%3A%2F%2FWww.metroredes.com%2F%3Ffbclid%3DIwZXh0bgNhZW0CMTAAYnJpZBExa1A5Mk5HSnZFOFc1bDJCRgEe3fl1q4DJVCB62O0KaHdnkemGqSZfPb6T2XPXikBP5SZfISMshJXebnv6emw_aem_JIQcQT6-0Va-j1fWIPjJIA&amp;h=AT0AkEJZ2Qw_b_hprYf7masenj8E-H0aTff1XzWC8ZMZJJA9VgqY2Fhz2q0Gyhm_Se1s5e2IzUC1rSFQTq72idykY9x88NWbDFhbNeu1Pr2Z2AaR36Z8fOlgoBPDNUrgR8_yk_pSQGrEbvSO7PQW1HjuG9R_s-kE&amp;__tn__=-UK-R&amp;c[0]=AT0xuk3oTSLEBvL4ZK6NyW0O5XcnMNNp6sAJFT9PHccPIHAEzNlsUIILFN9KsaL-14mD5LpmcfJ3CXXbT8n5BsLM7vCVELyWwfJi__qUP2Y3LP2FYe3E7Lyc3NyE-KlSdS5EfTIIaK2AmywidR97DuQZXzJdha7dggYO88XlrbBd-TbYZgc57JZiRCNCazcliWdhLbG1UymTh-U6oJSHFabfjQ\" rel=\"noreferrer noopener\" target=\"_blank\">Www.metroredes.com<\/a><\/p>\n\n\n\n<figure class=\"wp-block-gallery has-nested-images columns-default is-cropped wp-block-gallery-1 is-layout-flex wp-block-gallery-is-layout-flex\">\n<figure class=\"wp-block-image size-large\"><img loading=\"lazy\" decoding=\"async\" width=\"843\" height=\"1024\" data-id=\"109830\" src=\"https:\/\/elmetropolitano.com.gt\/es\/wp-content\/uploads\/2025\/08\/534406092_1304675084991905_733296031945180263_n-843x1024.jpg\" alt=\"\" class=\"wp-image-109830\" srcset=\"https:\/\/elmetropolitano.com.gt\/es\/wp-content\/uploads\/2025\/08\/534406092_1304675084991905_733296031945180263_n-843x1024.jpg 843w, https:\/\/elmetropolitano.com.gt\/es\/wp-content\/uploads\/2025\/08\/534406092_1304675084991905_733296031945180263_n-247x300.jpg 247w, https:\/\/elmetropolitano.com.gt\/es\/wp-content\/uploads\/2025\/08\/534406092_1304675084991905_733296031945180263_n-768x933.jpg 768w, https:\/\/elmetropolitano.com.gt\/es\/wp-content\/uploads\/2025\/08\/534406092_1304675084991905_733296031945180263_n.jpg 1080w\" sizes=\"auto, (max-width: 843px) 100vw, 843px\" \/><\/figure>\n\n\n\n<figure class=\"wp-block-image size-large\"><img loading=\"lazy\" decoding=\"async\" width=\"400\" height=\"400\" data-id=\"109828\" src=\"https:\/\/elmetropolitano.com.gt\/es\/wp-content\/uploads\/2025\/08\/535371837_1304675011658579_3248037655612346912_n-1.jpg\" alt=\"\" class=\"wp-image-109828\" srcset=\"https:\/\/elmetropolitano.com.gt\/es\/wp-content\/uploads\/2025\/08\/535371837_1304675011658579_3248037655612346912_n-1.jpg 400w, https:\/\/elmetropolitano.com.gt\/es\/wp-content\/uploads\/2025\/08\/535371837_1304675011658579_3248037655612346912_n-1-300x300.jpg 300w, https:\/\/elmetropolitano.com.gt\/es\/wp-content\/uploads\/2025\/08\/535371837_1304675011658579_3248037655612346912_n-1-150x150.jpg 150w\" sizes=\"auto, (max-width: 400px) 100vw, 400px\" \/><\/figure>\n\n\n\n<figure class=\"wp-block-image size-large\"><img loading=\"lazy\" decoding=\"async\" width=\"899\" height=\"1024\" data-id=\"109829\" src=\"https:\/\/elmetropolitano.com.gt\/es\/wp-content\/uploads\/2025\/08\/537096986_1304675081658572_2079538371560883453_n-899x1024.jpg\" alt=\"\" class=\"wp-image-109829\" srcset=\"https:\/\/elmetropolitano.com.gt\/es\/wp-content\/uploads\/2025\/08\/537096986_1304675081658572_2079538371560883453_n-899x1024.jpg 899w, https:\/\/elmetropolitano.com.gt\/es\/wp-content\/uploads\/2025\/08\/537096986_1304675081658572_2079538371560883453_n-263x300.jpg 263w, https:\/\/elmetropolitano.com.gt\/es\/wp-content\/uploads\/2025\/08\/537096986_1304675081658572_2079538371560883453_n-768x875.jpg 768w, https:\/\/elmetropolitano.com.gt\/es\/wp-content\/uploads\/2025\/08\/537096986_1304675081658572_2079538371560883453_n.jpg 1080w\" sizes=\"auto, (max-width: 899px) 100vw, 899px\" \/><\/figure>\n<\/figure>\n","protected":false},"excerpt":{"rendered":"<p>El diputado del Partido Vamos, Boris Roberto Espa\u00f1a C\u00e1ceres representante de Chiquimula present\u00f3 este martes ante Direcci\u00f3n Legislativa una iniciativa de ley que busca otorgar una amnist\u00eda laboral al personal docente que form\u00f3 parte de las acciones de asamblea permanente y paro de labores que llev\u00f3 a cabo el Sindicato de Trabajadores de la Educaci\u00f3n <a class=\"read-more\" href=\"https:\/\/elmetropolitano.com.gt\/es\/diputado-de-chiquimula-boris-espana-pide-otorgar-amnistia-con-una-ley-a-miembros-del-steg-que-participaron-en-paros\/\">Leer m\u00e1s<\/a><\/p>\n","protected":false},"author":1,"featured_media":109827,"comment_status":"open","ping_status":"closed","sticky":false,"template":"","format":"standard","meta":{"footnotes":""},"categories":[2],"tags":[12],"class_list":["post-109826","post","type-post","status-publish","format-standard","has-post-thumbnail","hentry","category-nacionales","tag-nacionales"],"_links":{"self":[{"href":"https:\/\/elmetropolitano.com.gt\/es\/wp-json\/wp\/v2\/posts\/109826","targetHints":{"allow":["GET"]}}],"collection":[{"href":"https:\/\/elmetropolitano.com.gt\/es\/wp-json\/wp\/v2\/posts"}],"about":[{"href":"https:\/\/elmetropolitano.com.gt\/es\/wp-json\/wp\/v2\/types\/post"}],"author":[{"embeddable":true,"href":"https:\/\/elmetropolitano.com.gt\/es\/wp-json\/wp\/v2\/users\/1"}],"replies":[{"embeddable":true,"href":"https:\/\/elmetropolitano.com.gt\/es\/wp-json\/wp\/v2\/comments?post=109826"}],"version-history":[{"count":1,"href":"https:\/\/elmetropolitano.com.gt\/es\/wp-json\/wp\/v2\/posts\/109826\/revisions"}],"predecessor-version":[{"id":109831,"href":"https:\/\/elmetropolitano.com.gt\/es\/wp-json\/wp\/v2\/posts\/109826\/revisions\/109831"}],"wp:featuredmedia":[{"embeddable":true,"href":"https:\/\/elmetropolitano.com.gt\/es\/wp-json\/wp\/v2\/media\/109827"}],"wp:attachment":[{"href":"https:\/\/elmetropolitano.com.gt\/es\/wp-json\/wp\/v2\/media?parent=109826"}],"wp:term":[{"taxonomy":"category","embeddable":true,"href":"https:\/\/elmetropolitano.com.gt\/es\/wp-json\/wp\/v2\/categories?post=109826"},{"taxonomy":"post_tag","embeddable":true,"href":"https:\/\/elmetropolitano.com.gt\/es\/wp-json\/wp\/v2\/tags?post=109826"}],"curies":[{"name":"wp","href":"https:\/\/api.w.org\/{rel}","templated":true}]}}