{"id":110390,"date":"2025-08-27T09:33:41","date_gmt":"2025-08-27T15:33:41","guid":{"rendered":"https:\/\/elmetropolitano.com.gt\/es\/?p=110390"},"modified":"2025-08-27T09:33:42","modified_gmt":"2025-08-27T15:33:42","slug":"forbes-destaca-a-reinerstrom-y-a-su-fundador-frederick-gimpel-por-su-modelo-de-energia-solar-en-guatemala","status":"publish","type":"post","link":"https:\/\/elmetropolitano.com.gt\/es\/forbes-destaca-a-reinerstrom-y-a-su-fundador-frederick-gimpel-por-su-modelo-de-energia-solar-en-guatemala\/","title":{"rendered":"Forbes destaca a Reinerstrom y a su fundador Frederick Gimpel por su modelo de energ\u00eda solar en Guatemala"},"content":{"rendered":"\n<p><a><\/a>La visi\u00f3n del guatemalteco Frederick Gimpel, CEO de Reinerstrom, ha captado la atenci\u00f3n internacional al ser reconocido en la portada de Forbes Founders, en Estados Unidos. La prestigiosa revista destaca c\u00f3mo su compa\u00f1\u00eda impulsa un modelo que combina energ\u00eda solar e inclusi\u00f3n financiera, marcando un antes y un despu\u00e9s en el acceso a energ\u00eda limpia en Centroam\u00e9rica.<\/p>\n\n\n\n<p>El art\u00edculo de Forbes, titulado \u201cReinerstrom launches major expansion across Central America, ushering in a new era of fintech-powered clean energy access\u201d (Reinerstrom lanza una importante expansi\u00f3n en Centroam\u00e9rica, marcando el comienzo de una nueva era de acceso a energ\u00eda limpia impulsada por tecnolog\u00eda financiera), resalta c\u00f3mo Gimpel ha convertido un desaf\u00edo en una oportunidad de transformaci\u00f3n, liderando una expansi\u00f3n sin precedentes que democratiza el acceso a la energ\u00eda solar y acerca soluciones sostenibles a miles de familias y empresas.<\/p><div class=\"elmet-contenido\" id=\"elmet-2616548727\"><div class=\"elmet-adlabel\">Anuncios<\/div><div style=\"margin-top: 20px;margin-right: 20px;margin-bottom: 20px;margin-left: 20px;\" id=\"elmet-1986589793\"><a href=\"https:\/\/www.facebook.com\/arrincuanantigua\/\" aria-label=\"cintillo-arrin-cual\"><img loading=\"lazy\" decoding=\"async\" src=\"https:\/\/elmetropolitano.com.gt\/es\/wp-content\/uploads\/2021\/11\/cintillo-arrin-cual-1.jpg\" alt=\"\"  srcset=\"https:\/\/elmetropolitano.com.gt\/es\/wp-content\/uploads\/2021\/11\/cintillo-arrin-cual-1.jpg 750w, https:\/\/elmetropolitano.com.gt\/es\/wp-content\/uploads\/2021\/11\/cintillo-arrin-cual-1-300x36.jpg 300w, https:\/\/elmetropolitano.com.gt\/es\/wp-content\/uploads\/2021\/11\/cintillo-arrin-cual-1-600x72.jpg 600w\" sizes=\"(max-width: 750px) 100vw, 750px\" width=\"750\" height=\"90\"   \/><\/a><\/div><\/div>\n\n\n\n<p>Lo que comenz\u00f3 como un sue\u00f1o en la mente de un guatemalteco hoy ilumina a toda una regi\u00f3n. Bajo el liderazgo de Gimpel, Reinerstrom ha instalado m\u00e1s de 55 plantas solares en pa\u00edses como Guatemala, Costa Rica, El Salvador, Rep\u00fablica Dominicana y Panam\u00e1.<\/p>\n\n\n\n<p>Forbes, una de las revistas de negocios m\u00e1s influyentes del mundo, resalta que el modelo integral de Reinerstrom es visionario, ya que permite a los clientes ahorrar hasta un 20 % en sus facturas de energ\u00eda y, adem\u00e1s, est\u00e1 \u201crevolucionando el panorama de inversi\u00f3n con su fondo regulado en EE.UU., ReinerCap Global Energy Fund\u201d.<\/p>\n\n\n\n<p>La historia de Frederick visibiliza a los emprendedores guatemaltecos que marcan el rumbo del futuro y refleja el poder de la resiliencia y la innovaci\u00f3n. Sus inicios estuvieron guiados por la convicci\u00f3n de que la sostenibilidad no deb\u00eda ser un privilegio, sino un derecho accesible para todos. Durante la pandemia, decidi\u00f3 dar el salto y fundar Reinerstrom, con la visi\u00f3n de combinar tecnolog\u00eda financiera y energ\u00eda renovable para romper barreras y llevar soluciones a quienes m\u00e1s lo necesitan.<\/p>\n\n\n\n<p>\u201cEste logro no es solo m\u00edo, es de Guatemala y de cada persona que cree que los sue\u00f1os pueden convertirse en realidades que transforman vidas. Nuestra expansi\u00f3n en Centroam\u00e9rica marca el inicio de una nueva era donde la innovaci\u00f3n, la sostenibilidad y la inclusi\u00f3n financiera caminan de la mano\u201d, expres\u00f3 Frederick Gimpel.<\/p>\n\n\n\n<p>El rostro de Gimpel en la publicaci\u00f3n de Forbes y el reconocimiento de la revista consolidan su imagen como un l\u00edder guatemalteco inspirador, demostrando que desde la regi\u00f3n se pueden impulsar proyectos de impacto global, capaces de generar desarrollo econ\u00f3mico y social, al mismo tiempo que promueven un futuro m\u00e1s limpio y justo para todos.<\/p>\n\n\n\n<p>Sobre Reinerstrom:<\/p>\n\n\n\n<p>Es una fintech l\u00edder en el sector de la energ\u00eda renovable, dedicada a transformar el mundo de las inversiones a trav\u00e9s de su innovador modelo de energ\u00eda solar. Con una visi\u00f3n de descentralizaci\u00f3n de la energ\u00eda el\u00e9ctrica y una misi\u00f3n de promover la transici\u00f3n hacia una econom\u00eda m\u00e1s sostenible, Reinerstrom ofrece oportunidades de inversi\u00f3n rentables y contribuye al desarrollo de un futuro m\u00e1s verde y pr\u00f3spero para todos.<\/p>\n\n\n\n<p><a href=\"https:\/\/www.facebook.com\/hashtag\/reinerstrom?__eep__=6&amp;__cft__[0]=AZVYgzERlZ5w9Uexw3es37rSblNm7K166vTEjVJyQHfuNJQ8scj_OCkHPrC1zGe_KhH_1f3yeQLZi2Y0NJUfol-5pnErVnaaz2aF1xh3b-JSOQCACv0ovFObFlskgeKMLSoyJLOMu-RxEcpeu8xZ9NmPX13kZPj-7MehLSws5w0JQ7jn4Er3hhtwbOqN5vZuf92Ze2u44u3JGXaYpZecL9VOCEqQvF9yi6eP7aIn4ypGiQ&amp;__tn__=*NK-y-R\">#Reinerstrom<\/a><a href=\"https:\/\/www.facebook.com\/hashtag\/metroredes?__eep__=6&amp;__cft__[0]=AZVYgzERlZ5w9Uexw3es37rSblNm7K166vTEjVJyQHfuNJQ8scj_OCkHPrC1zGe_KhH_1f3yeQLZi2Y0NJUfol-5pnErVnaaz2aF1xh3b-JSOQCACv0ovFObFlskgeKMLSoyJLOMu-RxEcpeu8xZ9NmPX13kZPj-7MehLSws5w0JQ7jn4Er3hhtwbOqN5vZuf92Ze2u44u3JGXaYpZecL9VOCEqQvF9yi6eP7aIn4ypGiQ&amp;__tn__=*NK-y-R\">#metroredes<\/a><a href=\"https:\/\/www.facebook.com\/hashtag\/elfinancierogt?__eep__=6&amp;__cft__[0]=AZVYgzERlZ5w9Uexw3es37rSblNm7K166vTEjVJyQHfuNJQ8scj_OCkHPrC1zGe_KhH_1f3yeQLZi2Y0NJUfol-5pnErVnaaz2aF1xh3b-JSOQCACv0ovFObFlskgeKMLSoyJLOMu-RxEcpeu8xZ9NmPX13kZPj-7MehLSws5w0JQ7jn4Er3hhtwbOqN5vZuf92Ze2u44u3JGXaYpZecL9VOCEqQvF9yi6eP7aIn4ypGiQ&amp;__tn__=*NK-y-R\">#elfinancierogt<\/a><\/p>\n\n\n\n<figure class=\"wp-block-gallery has-nested-images columns-default is-cropped wp-block-gallery-1 is-layout-flex wp-block-gallery-is-layout-flex\">\n<figure class=\"wp-block-image size-large\"><img loading=\"lazy\" decoding=\"async\" width=\"512\" height=\"640\" data-id=\"110392\" src=\"https:\/\/elmetropolitano.com.gt\/es\/wp-content\/uploads\/2025\/08\/540001641_122142220634661931_2489998403329160042_n-1.jpg\" alt=\"\" class=\"wp-image-110392\" srcset=\"https:\/\/elmetropolitano.com.gt\/es\/wp-content\/uploads\/2025\/08\/540001641_122142220634661931_2489998403329160042_n-1.jpg 512w, https:\/\/elmetropolitano.com.gt\/es\/wp-content\/uploads\/2025\/08\/540001641_122142220634661931_2489998403329160042_n-1-240x300.jpg 240w\" sizes=\"auto, (max-width: 512px) 100vw, 512px\" \/><\/figure>\n<\/figure>\n","protected":false},"excerpt":{"rendered":"<p>La visi\u00f3n del guatemalteco Frederick Gimpel, CEO de Reinerstrom, ha captado la atenci\u00f3n internacional al ser reconocido en la portada de Forbes Founders, en Estados Unidos. La prestigiosa revista destaca c\u00f3mo su compa\u00f1\u00eda impulsa un modelo que combina energ\u00eda solar e inclusi\u00f3n financiera, marcando un antes y un despu\u00e9s en el acceso a energ\u00eda limpia <a class=\"read-more\" href=\"https:\/\/elmetropolitano.com.gt\/es\/forbes-destaca-a-reinerstrom-y-a-su-fundador-frederick-gimpel-por-su-modelo-de-energia-solar-en-guatemala\/\">Leer m\u00e1s<\/a><\/p>\n","protected":false},"author":1,"featured_media":110391,"comment_status":"open","ping_status":"closed","sticky":false,"template":"","format":"standard","meta":{"footnotes":""},"categories":[21],"tags":[20],"class_list":["post-110390","post","type-post","status-publish","format-standard","has-post-thumbnail","hentry","category-economia","tag-economia"],"_links":{"self":[{"href":"https:\/\/elmetropolitano.com.gt\/es\/wp-json\/wp\/v2\/posts\/110390","targetHints":{"allow":["GET"]}}],"collection":[{"href":"https:\/\/elmetropolitano.com.gt\/es\/wp-json\/wp\/v2\/posts"}],"about":[{"href":"https:\/\/elmetropolitano.com.gt\/es\/wp-json\/wp\/v2\/types\/post"}],"author":[{"embeddable":true,"href":"https:\/\/elmetropolitano.com.gt\/es\/wp-json\/wp\/v2\/users\/1"}],"replies":[{"embeddable":true,"href":"https:\/\/elmetropolitano.com.gt\/es\/wp-json\/wp\/v2\/comments?post=110390"}],"version-history":[{"count":1,"href":"https:\/\/elmetropolitano.com.gt\/es\/wp-json\/wp\/v2\/posts\/110390\/revisions"}],"predecessor-version":[{"id":110393,"href":"https:\/\/elmetropolitano.com.gt\/es\/wp-json\/wp\/v2\/posts\/110390\/revisions\/110393"}],"wp:featuredmedia":[{"embeddable":true,"href":"https:\/\/elmetropolitano.com.gt\/es\/wp-json\/wp\/v2\/media\/110391"}],"wp:attachment":[{"href":"https:\/\/elmetropolitano.com.gt\/es\/wp-json\/wp\/v2\/media?parent=110390"}],"wp:term":[{"taxonomy":"category","embeddable":true,"href":"https:\/\/elmetropolitano.com.gt\/es\/wp-json\/wp\/v2\/categories?post=110390"},{"taxonomy":"post_tag","embeddable":true,"href":"https:\/\/elmetropolitano.com.gt\/es\/wp-json\/wp\/v2\/tags?post=110390"}],"curies":[{"name":"wp","href":"https:\/\/api.w.org\/{rel}","templated":true}]}}