{"id":110736,"date":"2025-09-01T09:55:16","date_gmt":"2025-09-01T15:55:16","guid":{"rendered":"https:\/\/elmetropolitano.com.gt\/es\/?p=110736"},"modified":"2025-09-01T09:55:17","modified_gmt":"2025-09-01T15:55:17","slug":"el-igss-de-escuintla-suspende-emergencias-y-visitas-ante-temor-de-atentados","status":"publish","type":"post","link":"https:\/\/elmetropolitano.com.gt\/es\/el-igss-de-escuintla-suspende-emergencias-y-visitas-ante-temor-de-atentados\/","title":{"rendered":"El IGSS de Escuintla suspende emergencias y visitas ante temor de atentados."},"content":{"rendered":"\n<p><a><\/a>El Instituto de Seguridad Social IGSS de la cabecera departamental de Escuintla inform\u00f3 que por amenazas de posibles atentados, este lunes 1 de septiembre las emergencias ser\u00e1n referidas al Hospital Nacional del Estado y se suspenden las visitas.<\/p>\n\n\n\n<p>\u201cAnte las amenazas recibidas de posibles atentados que pueden poner en riesgo la seguridad de nuestros afiliados, personal m\u00e9dico, personal administrafivo e instalaciones del Hospital, se toma la decisi\u00f3n de manera preventiva que el d\u00eda lunes 1 de septiembre los pacientes que ingresen por Emergencia ser\u00e1n referidos y atendidos en el Hospital Nacional de Escuintia\u201d expresa en un comunicado de prensa el Igss<\/p><div class=\"elmet-contenido\" id=\"elmet-2280533909\"><div class=\"elmet-adlabel\">Anuncios<\/div><div style=\"margin-top: 20px;margin-right: 20px;margin-bottom: 20px;margin-left: 20px;\" id=\"elmet-3977575660\"><a href=\"https:\/\/www.facebook.com\/arrincuanantigua\/\" aria-label=\"cintillo-arrin-cual\"><img loading=\"lazy\" decoding=\"async\" src=\"https:\/\/elmetropolitano.com.gt\/es\/wp-content\/uploads\/2021\/11\/cintillo-arrin-cual-1.jpg\" alt=\"\"  srcset=\"https:\/\/elmetropolitano.com.gt\/es\/wp-content\/uploads\/2021\/11\/cintillo-arrin-cual-1.jpg 750w, https:\/\/elmetropolitano.com.gt\/es\/wp-content\/uploads\/2021\/11\/cintillo-arrin-cual-1-300x36.jpg 300w, https:\/\/elmetropolitano.com.gt\/es\/wp-content\/uploads\/2021\/11\/cintillo-arrin-cual-1-600x72.jpg 600w\" sizes=\"(max-width: 750px) 100vw, 750px\" width=\"750\" height=\"90\"   \/><\/a><\/div><\/div>\n\n\n\n<p>Asimismo, se comunica que \u201clas visitas a pacientes en los encamamientos quedan suspendidos hasta nuevo aviso. La atenci\u00f3n de los pacientes que se encuentran hospitalizados, est\u00e1 garantizada por medio del rol de turnos de nuestro personal\u201d<\/p>\n\n\n\n<p>El Instituto contin\u00faa en apresto y con toda la disposici\u00f3n de seguir brindando apoyo a las autoridades encargadas de la investigaci\u00f3n expresa el comunicado<\/p>\n\n\n\n<p>El comunicado indica que \u201cel IGSS agradece la comprensi\u00f3n de sus afiliados pensionados y beneficiarios, y reafirma su compromiso de garantizar servicios m\u00e9dicos con calidad, profesionalismo y seguridad\u201d<\/p>\n\n\n\n<p><a href=\"https:\/\/www.facebook.com\/hashtag\/igss?__eep__=6&amp;__cft__[0]=AZXjnIqw1gGyqget9bp_G7m1WtIyPVfsNFeyAjmbpqFpGFglYyGNnXLSzr9QwOr20B0sDNRRt713tJ1r0v6Y_c4hV3--Z9JQ9qv4GHvX7cPOfC6EMitwamiOodX-emGAnNrJb_v9cSkd2i_gZLapEMxekpP4Ewu-3CQNQs_2p170e0rOIedUpxY3i1YDukEZaq0&amp;__tn__=*NK-R\">#IGSS<\/a><a href=\"https:\/\/www.facebook.com\/hashtag\/hospitalnacionalescuintla?__eep__=6&amp;__cft__[0]=AZXjnIqw1gGyqget9bp_G7m1WtIyPVfsNFeyAjmbpqFpGFglYyGNnXLSzr9QwOr20B0sDNRRt713tJ1r0v6Y_c4hV3--Z9JQ9qv4GHvX7cPOfC6EMitwamiOodX-emGAnNrJb_v9cSkd2i_gZLapEMxekpP4Ewu-3CQNQs_2p170e0rOIedUpxY3i1YDukEZaq0&amp;__tn__=*NK-R\">#hospitalnacionalescuintla<\/a><a href=\"https:\/\/www.facebook.com\/hashtag\/metroredes?__eep__=6&amp;__cft__[0]=AZXjnIqw1gGyqget9bp_G7m1WtIyPVfsNFeyAjmbpqFpGFglYyGNnXLSzr9QwOr20B0sDNRRt713tJ1r0v6Y_c4hV3--Z9JQ9qv4GHvX7cPOfC6EMitwamiOodX-emGAnNrJb_v9cSkd2i_gZLapEMxekpP4Ewu-3CQNQs_2p170e0rOIedUpxY3i1YDukEZaq0&amp;__tn__=*NK-R\">#metroredes<\/a><a href=\"https:\/\/www.facebook.com\/hashtag\/casobbescuintla?__eep__=6&amp;__cft__[0]=AZXjnIqw1gGyqget9bp_G7m1WtIyPVfsNFeyAjmbpqFpGFglYyGNnXLSzr9QwOr20B0sDNRRt713tJ1r0v6Y_c4hV3--Z9JQ9qv4GHvX7cPOfC6EMitwamiOodX-emGAnNrJb_v9cSkd2i_gZLapEMxekpP4Ewu-3CQNQs_2p170e0rOIedUpxY3i1YDukEZaq0&amp;__tn__=*NK-R\">#CasoBBEscuintla<\/a><\/p>\n\n\n\n<figure class=\"wp-block-gallery has-nested-images columns-default is-cropped wp-block-gallery-1 is-layout-flex wp-block-gallery-is-layout-flex\">\n<figure class=\"wp-block-image size-large\"><img loading=\"lazy\" decoding=\"async\" width=\"720\" height=\"900\" data-id=\"110738\" src=\"https:\/\/elmetropolitano.com.gt\/es\/wp-content\/uploads\/2025\/09\/541489084_1315114720614608_682814556462807069_n.jpg\" alt=\"\" class=\"wp-image-110738\" srcset=\"https:\/\/elmetropolitano.com.gt\/es\/wp-content\/uploads\/2025\/09\/541489084_1315114720614608_682814556462807069_n.jpg 720w, https:\/\/elmetropolitano.com.gt\/es\/wp-content\/uploads\/2025\/09\/541489084_1315114720614608_682814556462807069_n-240x300.jpg 240w\" sizes=\"auto, (max-width: 720px) 100vw, 720px\" \/><\/figure>\n\n\n\n<figure class=\"wp-block-image size-large\"><img loading=\"lazy\" decoding=\"async\" width=\"960\" height=\"720\" data-id=\"110739\" src=\"https:\/\/elmetropolitano.com.gt\/es\/wp-content\/uploads\/2025\/09\/542755171_1315114710614609_6936395564047891573_n-1.jpg\" alt=\"\" class=\"wp-image-110739\" srcset=\"https:\/\/elmetropolitano.com.gt\/es\/wp-content\/uploads\/2025\/09\/542755171_1315114710614609_6936395564047891573_n-1.jpg 960w, https:\/\/elmetropolitano.com.gt\/es\/wp-content\/uploads\/2025\/09\/542755171_1315114710614609_6936395564047891573_n-1-300x225.jpg 300w, https:\/\/elmetropolitano.com.gt\/es\/wp-content\/uploads\/2025\/09\/542755171_1315114710614609_6936395564047891573_n-1-768x576.jpg 768w\" sizes=\"auto, (max-width: 960px) 100vw, 960px\" \/><\/figure>\n<\/figure>\n","protected":false},"excerpt":{"rendered":"<p>El Instituto de Seguridad Social IGSS de la cabecera departamental de Escuintla inform\u00f3 que por amenazas de posibles atentados, este lunes 1 de septiembre las emergencias ser\u00e1n referidas al Hospital Nacional del Estado y se suspenden las visitas. \u201cAnte las amenazas recibidas de posibles atentados que pueden poner en riesgo la seguridad de nuestros afiliados, <a class=\"read-more\" href=\"https:\/\/elmetropolitano.com.gt\/es\/el-igss-de-escuintla-suspende-emergencias-y-visitas-ante-temor-de-atentados\/\">Leer m\u00e1s<\/a><\/p>\n","protected":false},"author":1,"featured_media":110737,"comment_status":"open","ping_status":"closed","sticky":false,"template":"","format":"standard","meta":{"footnotes":""},"categories":[2],"tags":[12],"class_list":["post-110736","post","type-post","status-publish","format-standard","has-post-thumbnail","hentry","category-nacionales","tag-nacionales"],"_links":{"self":[{"href":"https:\/\/elmetropolitano.com.gt\/es\/wp-json\/wp\/v2\/posts\/110736","targetHints":{"allow":["GET"]}}],"collection":[{"href":"https:\/\/elmetropolitano.com.gt\/es\/wp-json\/wp\/v2\/posts"}],"about":[{"href":"https:\/\/elmetropolitano.com.gt\/es\/wp-json\/wp\/v2\/types\/post"}],"author":[{"embeddable":true,"href":"https:\/\/elmetropolitano.com.gt\/es\/wp-json\/wp\/v2\/users\/1"}],"replies":[{"embeddable":true,"href":"https:\/\/elmetropolitano.com.gt\/es\/wp-json\/wp\/v2\/comments?post=110736"}],"version-history":[{"count":1,"href":"https:\/\/elmetropolitano.com.gt\/es\/wp-json\/wp\/v2\/posts\/110736\/revisions"}],"predecessor-version":[{"id":110740,"href":"https:\/\/elmetropolitano.com.gt\/es\/wp-json\/wp\/v2\/posts\/110736\/revisions\/110740"}],"wp:featuredmedia":[{"embeddable":true,"href":"https:\/\/elmetropolitano.com.gt\/es\/wp-json\/wp\/v2\/media\/110737"}],"wp:attachment":[{"href":"https:\/\/elmetropolitano.com.gt\/es\/wp-json\/wp\/v2\/media?parent=110736"}],"wp:term":[{"taxonomy":"category","embeddable":true,"href":"https:\/\/elmetropolitano.com.gt\/es\/wp-json\/wp\/v2\/categories?post=110736"},{"taxonomy":"post_tag","embeddable":true,"href":"https:\/\/elmetropolitano.com.gt\/es\/wp-json\/wp\/v2\/tags?post=110736"}],"curies":[{"name":"wp","href":"https:\/\/api.w.org\/{rel}","templated":true}]}}