{"id":110741,"date":"2025-09-01T10:00:11","date_gmt":"2025-09-01T16:00:11","guid":{"rendered":"https:\/\/elmetropolitano.com.gt\/es\/?p=110741"},"modified":"2025-09-01T10:01:30","modified_gmt":"2025-09-01T16:01:30","slug":"une-cita-a-autoridades-del-igss-por-polemica-desaparicion-de-bebe-de-hospital-de-escuintla","status":"publish","type":"post","link":"https:\/\/elmetropolitano.com.gt\/es\/une-cita-a-autoridades-del-igss-por-polemica-desaparicion-de-bebe-de-hospital-de-escuintla\/","title":{"rendered":"UNE cita a autoridades del IGSS por \u201cpol\u00e9mica\u201d desaparici\u00f3n de Bebe de Hospital de Escuintla"},"content":{"rendered":"\n<p><a><\/a>Diputados del Congreso de la UNE y Viva tienen en agenda para este lunes la citaci\u00f3n de Autoridades del Instituto Guatemalteco de Seguridad Social IGSS para tratar el tema de la Pol\u00e9mica desaparici\u00f3n de un beb\u00e9 a lo que la investigaci\u00f3n del Ministerio P\u00fablico MP indica que no est\u00e1 desaparecido o secuestrado por qu\u00e9 su mam\u00e1 no estaba embarazada.<\/p>\n\n\n\n<p>En busca de Protagonismo el diputadoJos\u00e9 In\u00e9s Castillo -UNE-,a citado a las 11:30 horas a integrantes de Junta Directiva y sub gerente de Prestaciones del IGSS; y Procurador General de la Naci\u00f3n para tratar el tema de la desapicion del beb\u00e9 en el hospital del Igss en Escuintla<\/p><div class=\"elmet-contenido\" id=\"elmet-3175389839\"><div class=\"elmet-adlabel\">Anuncios<\/div><div style=\"margin-top: 20px;margin-right: 20px;margin-bottom: 20px;margin-left: 20px;\" id=\"elmet-2073179225\"><a href=\"https:\/\/www.facebook.com\/arrincuanantigua\/\" aria-label=\"cintillo-arrin-cual\"><img loading=\"lazy\" decoding=\"async\" src=\"https:\/\/elmetropolitano.com.gt\/es\/wp-content\/uploads\/2021\/11\/cintillo-arrin-cual-1.jpg\" alt=\"\"  srcset=\"https:\/\/elmetropolitano.com.gt\/es\/wp-content\/uploads\/2021\/11\/cintillo-arrin-cual-1.jpg 750w, https:\/\/elmetropolitano.com.gt\/es\/wp-content\/uploads\/2021\/11\/cintillo-arrin-cual-1-300x36.jpg 300w, https:\/\/elmetropolitano.com.gt\/es\/wp-content\/uploads\/2021\/11\/cintillo-arrin-cual-1-600x72.jpg 600w\" sizes=\"(max-width: 750px) 100vw, 750px\" width=\"750\" height=\"90\"   \/><\/a><\/div><\/div>\n\n\n\n<p>Por su parte Obbed Casta\u00f1asa del Partido Viva tiene agendada a las 9:30 de la ma\u00f1ana una reuni\u00f3n con autoridades del IGSS de Escuintla.en el Sal\u00f3n bancada Viva, del edificio Central.<\/p>\n\n\n\n<p><a href=\"https:\/\/www.facebook.com\/hashtag\/igss?__eep__=6&amp;__cft__[0]=AZUvb2h0KmRiWyGduLun7VYWil8_UK-jg60mxssQEl8mxNvgNZqeS2TNIoY_-kNFgxu54wXehzfjjA_GNMPZi7wMZpPwCklIo7iqKvwTdM9txCnamcpCvRgckwAkfH3PhcrAGfHgt-Lg6za297E5F0js3EYBD9szwZ56R__NzAYMhcQYrtoZ01LcR3nSNHzf3XE&amp;__tn__=*NK-R\">#IGSS<\/a><a href=\"https:\/\/www.facebook.com\/hashtag\/casobbescuintla?__eep__=6&amp;__cft__[0]=AZUvb2h0KmRiWyGduLun7VYWil8_UK-jg60mxssQEl8mxNvgNZqeS2TNIoY_-kNFgxu54wXehzfjjA_GNMPZi7wMZpPwCklIo7iqKvwTdM9txCnamcpCvRgckwAkfH3PhcrAGfHgt-Lg6za297E5F0js3EYBD9szwZ56R__NzAYMhcQYrtoZ01LcR3nSNHzf3XE&amp;__tn__=*NK-R\">#CasoBBEscuintla<\/a><a href=\"https:\/\/www.facebook.com\/hashtag\/metroredes?__eep__=6&amp;__cft__[0]=AZUvb2h0KmRiWyGduLun7VYWil8_UK-jg60mxssQEl8mxNvgNZqeS2TNIoY_-kNFgxu54wXehzfjjA_GNMPZi7wMZpPwCklIo7iqKvwTdM9txCnamcpCvRgckwAkfH3PhcrAGfHgt-Lg6za297E5F0js3EYBD9szwZ56R__NzAYMhcQYrtoZ01LcR3nSNHzf3XE&amp;__tn__=*NK-R\">#metroredes<\/a><\/p>\n\n\n\n<figure class=\"wp-block-gallery has-nested-images columns-default is-cropped wp-block-gallery-1 is-layout-flex wp-block-gallery-is-layout-flex\">\n<figure class=\"wp-block-image size-large\"><img loading=\"lazy\" decoding=\"async\" width=\"1024\" height=\"1024\" data-id=\"110748\" src=\"https:\/\/elmetropolitano.com.gt\/es\/wp-content\/uploads\/2025\/09\/540535635_1315115853947828_7690294513356642261_n-1024x1024.jpg\" alt=\"\" class=\"wp-image-110748\" srcset=\"https:\/\/elmetropolitano.com.gt\/es\/wp-content\/uploads\/2025\/09\/540535635_1315115853947828_7690294513356642261_n-1024x1024.jpg 1024w, https:\/\/elmetropolitano.com.gt\/es\/wp-content\/uploads\/2025\/09\/540535635_1315115853947828_7690294513356642261_n-300x300.jpg 300w, https:\/\/elmetropolitano.com.gt\/es\/wp-content\/uploads\/2025\/09\/540535635_1315115853947828_7690294513356642261_n-150x150.jpg 150w, https:\/\/elmetropolitano.com.gt\/es\/wp-content\/uploads\/2025\/09\/540535635_1315115853947828_7690294513356642261_n-768x768.jpg 768w, https:\/\/elmetropolitano.com.gt\/es\/wp-content\/uploads\/2025\/09\/540535635_1315115853947828_7690294513356642261_n.jpg 1280w\" sizes=\"auto, (max-width: 1024px) 100vw, 1024px\" \/><\/figure>\n\n\n\n<figure class=\"wp-block-image size-large\"><img loading=\"lazy\" decoding=\"async\" width=\"814\" height=\"1024\" data-id=\"110747\" src=\"https:\/\/elmetropolitano.com.gt\/es\/wp-content\/uploads\/2025\/09\/541321994_1315115843947829_8480825529353337877_n-1-814x1024.jpg\" alt=\"\" class=\"wp-image-110747\" srcset=\"https:\/\/elmetropolitano.com.gt\/es\/wp-content\/uploads\/2025\/09\/541321994_1315115843947829_8480825529353337877_n-1-814x1024.jpg 814w, https:\/\/elmetropolitano.com.gt\/es\/wp-content\/uploads\/2025\/09\/541321994_1315115843947829_8480825529353337877_n-1-239x300.jpg 239w, https:\/\/elmetropolitano.com.gt\/es\/wp-content\/uploads\/2025\/09\/541321994_1315115843947829_8480825529353337877_n-1-768x966.jpg 768w, https:\/\/elmetropolitano.com.gt\/es\/wp-content\/uploads\/2025\/09\/541321994_1315115843947829_8480825529353337877_n-1.jpg 1018w\" sizes=\"auto, (max-width: 814px) 100vw, 814px\" \/><\/figure>\n<\/figure>\n","protected":false},"excerpt":{"rendered":"<p>Diputados del Congreso de la UNE y Viva tienen en agenda para este lunes la citaci\u00f3n de Autoridades del Instituto Guatemalteco de Seguridad Social IGSS para tratar el tema de la Pol\u00e9mica desaparici\u00f3n de un beb\u00e9 a lo que la investigaci\u00f3n del Ministerio P\u00fablico MP indica que no est\u00e1 desaparecido o secuestrado por qu\u00e9 su <a class=\"read-more\" href=\"https:\/\/elmetropolitano.com.gt\/es\/une-cita-a-autoridades-del-igss-por-polemica-desaparicion-de-bebe-de-hospital-de-escuintla\/\">Leer m\u00e1s<\/a><\/p>\n","protected":false},"author":1,"featured_media":110746,"comment_status":"open","ping_status":"closed","sticky":false,"template":"","format":"standard","meta":{"footnotes":""},"categories":[4],"tags":[13],"class_list":["post-110741","post","type-post","status-publish","format-standard","has-post-thumbnail","hentry","category-departamentales","tag-departamentales"],"_links":{"self":[{"href":"https:\/\/elmetropolitano.com.gt\/es\/wp-json\/wp\/v2\/posts\/110741","targetHints":{"allow":["GET"]}}],"collection":[{"href":"https:\/\/elmetropolitano.com.gt\/es\/wp-json\/wp\/v2\/posts"}],"about":[{"href":"https:\/\/elmetropolitano.com.gt\/es\/wp-json\/wp\/v2\/types\/post"}],"author":[{"embeddable":true,"href":"https:\/\/elmetropolitano.com.gt\/es\/wp-json\/wp\/v2\/users\/1"}],"replies":[{"embeddable":true,"href":"https:\/\/elmetropolitano.com.gt\/es\/wp-json\/wp\/v2\/comments?post=110741"}],"version-history":[{"count":2,"href":"https:\/\/elmetropolitano.com.gt\/es\/wp-json\/wp\/v2\/posts\/110741\/revisions"}],"predecessor-version":[{"id":110749,"href":"https:\/\/elmetropolitano.com.gt\/es\/wp-json\/wp\/v2\/posts\/110741\/revisions\/110749"}],"wp:featuredmedia":[{"embeddable":true,"href":"https:\/\/elmetropolitano.com.gt\/es\/wp-json\/wp\/v2\/media\/110746"}],"wp:attachment":[{"href":"https:\/\/elmetropolitano.com.gt\/es\/wp-json\/wp\/v2\/media?parent=110741"}],"wp:term":[{"taxonomy":"category","embeddable":true,"href":"https:\/\/elmetropolitano.com.gt\/es\/wp-json\/wp\/v2\/categories?post=110741"},{"taxonomy":"post_tag","embeddable":true,"href":"https:\/\/elmetropolitano.com.gt\/es\/wp-json\/wp\/v2\/tags?post=110741"}],"curies":[{"name":"wp","href":"https:\/\/api.w.org\/{rel}","templated":true}]}}