{"id":110750,"date":"2025-09-01T10:08:37","date_gmt":"2025-09-01T16:08:37","guid":{"rendered":"https:\/\/elmetropolitano.com.gt\/es\/?p=110750"},"modified":"2025-09-01T10:08:37","modified_gmt":"2025-09-01T16:08:37","slug":"presidente-arevalo-presenta-el-presupuesto-2026-con-enfoque-social-para-el-pueblo-trabajador","status":"publish","type":"post","link":"https:\/\/elmetropolitano.com.gt\/es\/presidente-arevalo-presenta-el-presupuesto-2026-con-enfoque-social-para-el-pueblo-trabajador\/","title":{"rendered":"Presidente Ar\u00e9valo presenta el Presupuesto 2026 con enfoque social para el pueblo trabajador"},"content":{"rendered":"\n<p><a><\/a>Respaldado por el gabinete de gobierno, el presidente Bernardo Ar\u00e9valo present\u00f3 la noche de este domingo la propuesta de Ley del Presupuesto 2026.<\/p>\n\n\n\n<p>Hemos\u201d dise\u00f1ado un presupuesto justo, social y para el pueblo trabajador. Una herramienta para construir un pa\u00eds m\u00e1s justo, capaz de responder a las aspiraciones de quienes lo habitamos\u201d expres\u00f3 el mandatario en su m\u00e1ndame a la Naci\u00f3n.<\/p><div class=\"elmet-contenido\" id=\"elmet-3054567093\"><div class=\"elmet-adlabel\">Anuncios<\/div><div style=\"margin-top: 20px;margin-right: 20px;margin-bottom: 20px;margin-left: 20px;\" id=\"elmet-3442000298\"><a href=\"https:\/\/www.facebook.com\/arrincuanantigua\/\" aria-label=\"cintillo-arrin-cual\"><img loading=\"lazy\" decoding=\"async\" src=\"https:\/\/elmetropolitano.com.gt\/es\/wp-content\/uploads\/2021\/11\/cintillo-arrin-cual-1.jpg\" alt=\"\"  srcset=\"https:\/\/elmetropolitano.com.gt\/es\/wp-content\/uploads\/2021\/11\/cintillo-arrin-cual-1.jpg 750w, https:\/\/elmetropolitano.com.gt\/es\/wp-content\/uploads\/2021\/11\/cintillo-arrin-cual-1-300x36.jpg 300w, https:\/\/elmetropolitano.com.gt\/es\/wp-content\/uploads\/2021\/11\/cintillo-arrin-cual-1-600x72.jpg 600w\" sizes=\"(max-width: 750px) 100vw, 750px\" width=\"750\" height=\"90\"   \/><\/a><\/div><\/div>\n\n\n\n<p>Asimismo, el mandatario asegur\u00f3 que el presupuesto debe estar acorde con la realidad del pa\u00eds y a los cambios que se deben impulsar. Tambi\u00e9n indic\u00f3 que su gobierno hizo la promesa de usar cada recurso p\u00fablico para lograr m\u00e1s crecimiento econ\u00f3mico, empleo y bienestar social, algo que se est\u00e1 cumpliendo.<\/p>\n\n\n\n<p>De acuerdo con el plan de gobierno, el 45 % de la inversi\u00f3n p\u00fablica se destinar\u00e1 a \u00e1reas sociales como salud, educaci\u00f3n y protecci\u00f3n social, convirti\u00e9ndose en uno de los presupuestos con mayor enfoque en la atenci\u00f3n a sectores vulnerables.<\/p>\n\n\n\n<p>Trabajo por la modernizaci\u00f3n<\/p>\n\n\n\n<p>El Presidente comparti\u00f3 que en 2025 la econom\u00eda del pa\u00eds cerrar\u00e1 con un crecimiento del 4.0 %, convirti\u00e9ndose en uno de los motores de crecimiento en Am\u00e9rica Latina y el Caribe.<\/p>\n\n\n\n<p>Asimismo, dijo esto es el resultado del trabajo de los guatemaltecos y empresarios, pero tambi\u00e9n del sector p\u00fablico que cuenta con un presupuesto m\u00e1s robusto que se convierte en inversi\u00f3n y mejores servicios ara la poblaci\u00f3n.<\/p>\n\n\n\n<p>Adem\u00e1s, como parte del desarrollo, dijo que se debe invertir en espacios que durante a\u00f1os se relegaron, como la modernizaci\u00f3n del Puerto Quetzal, Santo Tom\u00e1s de Castilla y el Aeropuerto Internacional La Aurora.<\/p>\n\n\n\n<p>Inversi\u00f3n en la Salud y transformaci\u00f3n educativa<\/p>\n\n\n\n<p>El mandatario Arevalo record\u00f3 que la salud es un derecho al que cada vez m\u00e1s personas pueden acceder, ya que solo este a\u00f1o se han inaugurado 26 puestos de salud y para el pr\u00f3ximo a\u00f1o se han proyectado construir muchos m\u00e1s.<\/p>\n\n\n\n<p>En instalaciones hospitalarias comparti\u00f3 que han puesto en marcha el funcionamiento de tres hospitales esenciales en Joyabaj, Quich\u00e9, Solol\u00e1 y Chiquimula. Tambi\u00e9n dijo que se prev\u00e9 la apertura de 20 nuevas farmacias p\u00fablicas del Programa de Accesibilidad de Medicamentos (PROAM) a nivel departamental y m\u00e1s farmacias municipales.<\/p>\n\n\n\n<p>En el \u00e1rea educativa, el presidente Ar\u00e9valo resalt\u00f3 que es un pilar fundamental para que la ni\u00f1ez y la juventud tengan m\u00e1s y mejores oportunidades y para ello el Gobierno impulsa una transformaci\u00f3n educativa sin precedentes.<\/p>\n\n\n\n<p>Infraestructura, seguridad y migraci\u00f3n<\/p>\n\n\n\n<p>El Presidente tambi\u00e9n asegur\u00f3 que se proyecta triplicar la construcci\u00f3n de carreteras, con tres mil kil\u00f3metros de nuevos caminos para integrar a comunidades rurales con servicios b\u00e1sicos y mercados.<\/p>\n\n\n\n<p>En el \u00e1rea de seguridad, expuso que durante el 2025 se incautaron m\u00e1s de 7.5 toneladas de drogas, se erradicaron cultivos il\u00edcitos y se desarticularon estructuras criminales, con p\u00e9rdidas para el crimen organizado estimadas en m\u00e1s de 186 millones de quetzales. Adem\u00e1s, para el pr\u00f3ximo a\u00f1o, el presupuesto reforzar\u00e1 el trabajo de las fuerzas de seguridad y programas de prevenci\u00f3n de la violencia.<\/p>\n\n\n\n<p>En cuanto a migraci\u00f3n, se ampliar\u00e1 la red consular con nuevas sedes en Estados Unidos y M\u00e9xico, adem\u00e1s de centros de impresi\u00f3n de pasaportes, con el fin de mejorar la atenci\u00f3n a la comunidad guatemalteca en el exterior.<\/p>\n\n\n\n<p>Inversi\u00f3n p\u00fablica<\/p>\n\n\n\n<p>Para el pr\u00f3ximo a\u00f1o, el Presidente reafirm\u00f3 su compromiso de continuar trabajando para que la econom\u00eda guatemalteca logre nuevamente un crecimiento robusto que fomente el empleo.<\/p>\n\n\n\n<p>Asimismo, se\u00f1al\u00f3 estos esfuerzos se traducir\u00e1n en reforzar la estrategia intersectorial Mano a Mano, para implementar acciones para reducir la pobreza y malnutrici\u00f3n, ampliar la cobertura de salud, educaci\u00f3n, cobertura del Programa del Adulto Mayor y fortalecer la agricultura familiar.<\/p>\n\n\n\n<p>Otro de los objetivos es reforzar los presupuestos de la Contralor\u00eda General de Cuentas y de la Comisi\u00f3n Nacional contra la Corrupci\u00f3n, \u00e1reas que el mandatario mencion\u00f3 que deben velar para que la gesti\u00f3n p\u00fablica se haga con mayor eficiencia.<\/p>\n\n\n\n<p>Para finalizar, el presidente Ar\u00e9valo hizo un llamado a unir esfuerzos junto a los diputados del Congreso de la Rep\u00fablica para atender la responsabilidad con el pueblo de Guatemala y que aprobar el presupuesto para el pr\u00f3ximo a\u00f1o sea un paso indispensable para que las instituciones del Estado cumplan con su raz\u00f3n de ser y generen oportunidades para el bienestar del pueblo digno.<\/p>\n\n\n\n<p><a href=\"https:\/\/www.facebook.com\/hashtag\/presupuesto2026?__eep__=6&amp;__cft__[0]=AZWKKIBqRGaxhH-qFS5nbesFLLi9GfpKODcjjEOezQtrjiekEGwIX230DZN-164__IqiOpAApZSLmA-aFpRiEEvkGlbwyjNFT6vJHMYhvMae6jNoRZyQNtTm5NXCsEx_Y8cznHApK5AGRoSHxuk8FYD8f7ldQVkH7CwJO7hQE4xH5rdXccv3V2IMDIr1SYBlCuc&amp;__tn__=*NK-R\">#Presupuesto2026<\/a><a href=\"https:\/\/www.facebook.com\/hashtag\/metroredes?__eep__=6&amp;__cft__[0]=AZWKKIBqRGaxhH-qFS5nbesFLLi9GfpKODcjjEOezQtrjiekEGwIX230DZN-164__IqiOpAApZSLmA-aFpRiEEvkGlbwyjNFT6vJHMYhvMae6jNoRZyQNtTm5NXCsEx_Y8cznHApK5AGRoSHxuk8FYD8f7ldQVkH7CwJO7hQE4xH5rdXccv3V2IMDIr1SYBlCuc&amp;__tn__=*NK-R\">#metroredes<\/a><a href=\"https:\/\/www.facebook.com\/hashtag\/elfinancierogt?__eep__=6&amp;__cft__[0]=AZWKKIBqRGaxhH-qFS5nbesFLLi9GfpKODcjjEOezQtrjiekEGwIX230DZN-164__IqiOpAApZSLmA-aFpRiEEvkGlbwyjNFT6vJHMYhvMae6jNoRZyQNtTm5NXCsEx_Y8cznHApK5AGRoSHxuk8FYD8f7ldQVkH7CwJO7hQE4xH5rdXccv3V2IMDIr1SYBlCuc&amp;__tn__=*NK-R\">#elfinancierogt<\/a><\/p>\n","protected":false},"excerpt":{"rendered":"<p>Respaldado por el gabinete de gobierno, el presidente Bernardo Ar\u00e9valo present\u00f3 la noche de este domingo la propuesta de Ley del Presupuesto 2026. Hemos\u201d dise\u00f1ado un presupuesto justo, social y para el pueblo trabajador. Una herramienta para construir un pa\u00eds m\u00e1s justo, capaz de responder a las aspiraciones de quienes lo habitamos\u201d expres\u00f3 el mandatario <a class=\"read-more\" href=\"https:\/\/elmetropolitano.com.gt\/es\/presidente-arevalo-presenta-el-presupuesto-2026-con-enfoque-social-para-el-pueblo-trabajador\/\">Leer m\u00e1s<\/a><\/p>\n","protected":false},"author":1,"featured_media":110751,"comment_status":"open","ping_status":"closed","sticky":false,"template":"","format":"standard","meta":{"footnotes":""},"categories":[21],"tags":[20],"class_list":["post-110750","post","type-post","status-publish","format-standard","has-post-thumbnail","hentry","category-economia","tag-economia"],"_links":{"self":[{"href":"https:\/\/elmetropolitano.com.gt\/es\/wp-json\/wp\/v2\/posts\/110750","targetHints":{"allow":["GET"]}}],"collection":[{"href":"https:\/\/elmetropolitano.com.gt\/es\/wp-json\/wp\/v2\/posts"}],"about":[{"href":"https:\/\/elmetropolitano.com.gt\/es\/wp-json\/wp\/v2\/types\/post"}],"author":[{"embeddable":true,"href":"https:\/\/elmetropolitano.com.gt\/es\/wp-json\/wp\/v2\/users\/1"}],"replies":[{"embeddable":true,"href":"https:\/\/elmetropolitano.com.gt\/es\/wp-json\/wp\/v2\/comments?post=110750"}],"version-history":[{"count":1,"href":"https:\/\/elmetropolitano.com.gt\/es\/wp-json\/wp\/v2\/posts\/110750\/revisions"}],"predecessor-version":[{"id":110752,"href":"https:\/\/elmetropolitano.com.gt\/es\/wp-json\/wp\/v2\/posts\/110750\/revisions\/110752"}],"wp:featuredmedia":[{"embeddable":true,"href":"https:\/\/elmetropolitano.com.gt\/es\/wp-json\/wp\/v2\/media\/110751"}],"wp:attachment":[{"href":"https:\/\/elmetropolitano.com.gt\/es\/wp-json\/wp\/v2\/media?parent=110750"}],"wp:term":[{"taxonomy":"category","embeddable":true,"href":"https:\/\/elmetropolitano.com.gt\/es\/wp-json\/wp\/v2\/categories?post=110750"},{"taxonomy":"post_tag","embeddable":true,"href":"https:\/\/elmetropolitano.com.gt\/es\/wp-json\/wp\/v2\/tags?post=110750"}],"curies":[{"name":"wp","href":"https:\/\/api.w.org\/{rel}","templated":true}]}}