{"id":110778,"date":"2025-09-01T12:00:45","date_gmt":"2025-09-01T18:00:45","guid":{"rendered":"https:\/\/elmetropolitano.com.gt\/es\/?p=110778"},"modified":"2025-09-01T12:00:46","modified_gmt":"2025-09-01T18:00:46","slug":"asi-puedes-tramitar-las-placas-de-los-vehiculos-en-tal-solo-cinco-minutos","status":"publish","type":"post","link":"https:\/\/elmetropolitano.com.gt\/es\/asi-puedes-tramitar-las-placas-de-los-vehiculos-en-tal-solo-cinco-minutos\/","title":{"rendered":"As\u00ed puedes tramitar las placas de los veh\u00edculos en tal solo cinco minutos"},"content":{"rendered":"\n<p>La Superintendencia de Administraci\u00f3n Tributaria (SAT) present\u00f3 los avances en la modernizaci\u00f3n del Registro Fiscal de Veh\u00edculos (RFV), con la implementaci\u00f3n del nuevo sistema RFV Digital, que facilita la forma en que los guatemaltecos gestionan sus tr\u00e1mites vehiculares, incluyendo las placas.<\/p>\n\n\n\n<p>As\u00ed lo inform\u00f3 el superintendente de Administraci\u00f3n Tributaria, Werner Ovalle:<\/p><div class=\"elmet-contenido\" id=\"elmet-3938501374\"><div class=\"elmet-adlabel\">Anuncios<\/div><div style=\"margin-top: 20px;margin-right: 20px;margin-bottom: 20px;margin-left: 20px;\" id=\"elmet-4212305657\"><a href=\"https:\/\/www.facebook.com\/arrincuanantigua\/\" aria-label=\"cintillo-arrin-cual\"><img loading=\"lazy\" decoding=\"async\" src=\"https:\/\/elmetropolitano.com.gt\/es\/wp-content\/uploads\/2021\/11\/cintillo-arrin-cual-1.jpg\" alt=\"\"  srcset=\"https:\/\/elmetropolitano.com.gt\/es\/wp-content\/uploads\/2021\/11\/cintillo-arrin-cual-1.jpg 750w, https:\/\/elmetropolitano.com.gt\/es\/wp-content\/uploads\/2021\/11\/cintillo-arrin-cual-1-300x36.jpg 300w, https:\/\/elmetropolitano.com.gt\/es\/wp-content\/uploads\/2021\/11\/cintillo-arrin-cual-1-600x72.jpg 600w\" sizes=\"(max-width: 750px) 100vw, 750px\" width=\"750\" height=\"90\"   \/><\/a><\/div><\/div>\n\n\n\n<p>Este proceso de modernizaci\u00f3n es parte del fortalecimiento institucional que estamos impulsando para facilitar todas las gestiones al contribuyente. La inscripci\u00f3n ahora tomar\u00e1 solo cinco minutos y permitir\u00e1 recoger las placas de manera inmediata en un punto de atenci\u00f3n de SAT.<\/p>\n\n\n\n<p>Estas acciones demuestran el compromiso de la Administraci\u00f3n Tributaria con la eficiencia, la transparencia y una gesti\u00f3n accesible para todos los usuarios.<\/p>\n\n\n\n<p>El procedimiento<\/p>\n\n\n\n<p>Esta innovaci\u00f3n permitir\u00e1 modificar el proceso actual de obtenci\u00f3n de placas, el cual constaba de 13 pasos para que el contribuyente obtuviera todos sus distintivos, lo cual pod\u00eda tardar hasta 30 d\u00edas.<\/p>\n\n\n\n<p>Con el RFV Digital, ahora, desde la Agencia Virtual y en cinco pasos se realizar\u00e1 la gesti\u00f3n de inscripci\u00f3n de veh\u00edculos nuevos, que tomar\u00e1 cinco minutos y permitir\u00e1 recoger las placas de manera inmediata en un punto de atenci\u00f3n de la SAT.<\/p>\n\n\n\n<p>Esto permite ahorrar tiempo y costo a los contribuyentes, ya que no se les requerir\u00e1n documentos que ya forman parte de los registros de la Administraci\u00f3n Tributaria.<\/p>\n\n\n\n<p>Con estas acciones, la SAT prioriza la automatizaci\u00f3n de las gestiones tributarias, que impulsan el cumplimiento voluntario de los contribuyentes y un avance hacia una atenci\u00f3n orientada al bienestar de los guatemaltecos.<\/p>\n\n\n\n<p>Los pasos<\/p>\n\n\n\n<p>El superintendente Ovalle explic\u00f3 que el nuevo proceso de inscripci\u00f3n de veh\u00edculos incluye:<\/p>\n\n\n\n<p>Llenar la solicitud desde la agencia virtual.<\/p>\n\n\n\n<p>Generar y pagar formularios correspondientes.<\/p>\n\n\n\n<p>Enviar la solicitud, el sistema realiza validaciones y genera un expediente electr\u00f3nico (Duca, Fel, DPI, representaci\u00f3n legal).<\/p>\n\n\n\n<p>Recoger las placas en puntos de atenci\u00f3n de la SAT.<\/p>\n\n\n\n<p>Imprimir distintivos desde la agencia virtual.<\/p>\n\n\n\n<p>Todo este procedimiento tiene un tiempo m\u00e1ximo de cinco minutos. Este nuevo sistema permite brindar un servicio eficiente y oportuno de los contribuyentes y llevar el control de todas las gestiones realizadas con veh\u00edculos terrestres.<\/p>\n\n\n\n<p>El superintendente inform\u00f3 que, para este a\u00f1o, se continuar\u00e1 impulsando la digitalizaci\u00f3n de los procesos tributarios con la creaci\u00f3n de un sistema para la atenci\u00f3n digital de reposici\u00f3n de distintivos para el mes de octubre.<\/p>\n\n\n\n<p>Adem\u00e1s, el proceso de traspaso de veh\u00edculos tanto en atenci\u00f3n de ventanilla como digital est\u00e9 finalizado en diciembre. Y en 2026 se estar\u00e1 impulsado la atenci\u00f3n digital para las modificaciones y la activaci\u00f3n o inactivaci\u00f3n de veh\u00edculos.<\/p>\n\n\n\n<p>Texto Branda Larios<\/p>\n\n\n\n<p>#sat&nbsp; #metroredes&nbsp; <a href=\"http:\/\/www.elmetropolitano.com.gt\">www.elmetropolitano.com.gt<\/a>&nbsp; <a href=\"http:\/\/www.metroredes.com\">www.metroredes.com<\/a>&nbsp; <a href=\"http:\/\/www.elescuintleco.com\">www.elescuintleco.com<\/a><\/p>\n\n\n\n<figure class=\"wp-block-gallery has-nested-images columns-default is-cropped wp-block-gallery-1 is-layout-flex wp-block-gallery-is-layout-flex\">\n<figure class=\"wp-block-image size-large\"><img loading=\"lazy\" decoding=\"async\" width=\"722\" height=\"375\" data-id=\"110784\" src=\"https:\/\/elmetropolitano.com.gt\/es\/wp-content\/uploads\/2025\/09\/Captura-de-pantalla-2025-08-29-170916-722x375-2.png\" alt=\"\" class=\"wp-image-110784\" srcset=\"https:\/\/elmetropolitano.com.gt\/es\/wp-content\/uploads\/2025\/09\/Captura-de-pantalla-2025-08-29-170916-722x375-2.png 722w, https:\/\/elmetropolitano.com.gt\/es\/wp-content\/uploads\/2025\/09\/Captura-de-pantalla-2025-08-29-170916-722x375-2-300x156.png 300w\" sizes=\"auto, (max-width: 722px) 100vw, 722px\" \/><\/figure>\n\n\n\n<figure class=\"wp-block-image size-large\"><img loading=\"lazy\" decoding=\"async\" width=\"680\" height=\"510\" data-id=\"110782\" src=\"https:\/\/elmetropolitano.com.gt\/es\/wp-content\/uploads\/2025\/09\/GzXqZz3W4AA3J8d.jpeg\" alt=\"\" class=\"wp-image-110782\" srcset=\"https:\/\/elmetropolitano.com.gt\/es\/wp-content\/uploads\/2025\/09\/GzXqZz3W4AA3J8d.jpeg 680w, https:\/\/elmetropolitano.com.gt\/es\/wp-content\/uploads\/2025\/09\/GzXqZz3W4AA3J8d-300x225.jpeg 300w\" sizes=\"auto, (max-width: 680px) 100vw, 680px\" \/><\/figure>\n\n\n\n<figure class=\"wp-block-image size-large\"><img loading=\"lazy\" decoding=\"async\" width=\"1024\" height=\"683\" data-id=\"110785\" src=\"https:\/\/elmetropolitano.com.gt\/es\/wp-content\/uploads\/2025\/09\/GzYP-1FXUAARehy-1024x683.jpeg\" alt=\"\" class=\"wp-image-110785\" srcset=\"https:\/\/elmetropolitano.com.gt\/es\/wp-content\/uploads\/2025\/09\/GzYP-1FXUAARehy-1024x683.jpeg 1024w, https:\/\/elmetropolitano.com.gt\/es\/wp-content\/uploads\/2025\/09\/GzYP-1FXUAARehy-300x200.jpeg 300w, https:\/\/elmetropolitano.com.gt\/es\/wp-content\/uploads\/2025\/09\/GzYP-1FXUAARehy-768x512.jpeg 768w, https:\/\/elmetropolitano.com.gt\/es\/wp-content\/uploads\/2025\/09\/GzYP-1FXUAARehy-1536x1024.jpeg 1536w, https:\/\/elmetropolitano.com.gt\/es\/wp-content\/uploads\/2025\/09\/GzYP-1FXUAARehy.jpeg 2048w\" sizes=\"auto, (max-width: 1024px) 100vw, 1024px\" \/><\/figure>\n\n\n\n<figure class=\"wp-block-image size-large\"><img loading=\"lazy\" decoding=\"async\" width=\"1024\" height=\"683\" data-id=\"110783\" src=\"https:\/\/elmetropolitano.com.gt\/es\/wp-content\/uploads\/2025\/09\/GzYP-bbW0AAeMno-1024x683.jpeg\" alt=\"\" class=\"wp-image-110783\" srcset=\"https:\/\/elmetropolitano.com.gt\/es\/wp-content\/uploads\/2025\/09\/GzYP-bbW0AAeMno-1024x683.jpeg 1024w, https:\/\/elmetropolitano.com.gt\/es\/wp-content\/uploads\/2025\/09\/GzYP-bbW0AAeMno-300x200.jpeg 300w, https:\/\/elmetropolitano.com.gt\/es\/wp-content\/uploads\/2025\/09\/GzYP-bbW0AAeMno-768x512.jpeg 768w, https:\/\/elmetropolitano.com.gt\/es\/wp-content\/uploads\/2025\/09\/GzYP-bbW0AAeMno-1536x1024.jpeg 1536w, https:\/\/elmetropolitano.com.gt\/es\/wp-content\/uploads\/2025\/09\/GzYP-bbW0AAeMno.jpeg 2048w\" sizes=\"auto, (max-width: 1024px) 100vw, 1024px\" \/><\/figure>\n\n\n\n<figure class=\"wp-block-image size-large\"><img loading=\"lazy\" decoding=\"async\" width=\"1024\" height=\"581\" data-id=\"110781\" src=\"https:\/\/elmetropolitano.com.gt\/es\/wp-content\/uploads\/2025\/09\/GzYTBBKWoAAGEmx.jpeg\" alt=\"\" class=\"wp-image-110781\" srcset=\"https:\/\/elmetropolitano.com.gt\/es\/wp-content\/uploads\/2025\/09\/GzYTBBKWoAAGEmx.jpeg 1024w, https:\/\/elmetropolitano.com.gt\/es\/wp-content\/uploads\/2025\/09\/GzYTBBKWoAAGEmx-300x170.jpeg 300w, https:\/\/elmetropolitano.com.gt\/es\/wp-content\/uploads\/2025\/09\/GzYTBBKWoAAGEmx-768x436.jpeg 768w\" sizes=\"auto, (max-width: 1024px) 100vw, 1024px\" \/><\/figure>\n\n\n\n<figure class=\"wp-block-image size-large\"><img loading=\"lazy\" decoding=\"async\" width=\"1024\" height=\"578\" data-id=\"110780\" src=\"https:\/\/elmetropolitano.com.gt\/es\/wp-content\/uploads\/2025\/09\/GzYTBS5WAAATBvz.jpeg\" alt=\"\" class=\"wp-image-110780\" srcset=\"https:\/\/elmetropolitano.com.gt\/es\/wp-content\/uploads\/2025\/09\/GzYTBS5WAAATBvz.jpeg 1024w, https:\/\/elmetropolitano.com.gt\/es\/wp-content\/uploads\/2025\/09\/GzYTBS5WAAATBvz-300x169.jpeg 300w, https:\/\/elmetropolitano.com.gt\/es\/wp-content\/uploads\/2025\/09\/GzYTBS5WAAATBvz-768x434.jpeg 768w\" sizes=\"auto, (max-width: 1024px) 100vw, 1024px\" \/><\/figure>\n<\/figure>\n","protected":false},"excerpt":{"rendered":"<p>La Superintendencia de Administraci\u00f3n Tributaria (SAT) present\u00f3 los avances en la modernizaci\u00f3n del Registro Fiscal de Veh\u00edculos (RFV), con la implementaci\u00f3n del nuevo sistema RFV Digital, que facilita la forma en que los guatemaltecos gestionan sus tr\u00e1mites vehiculares, incluyendo las placas. As\u00ed lo inform\u00f3 el superintendente de Administraci\u00f3n Tributaria, Werner Ovalle: Este proceso de modernizaci\u00f3n <a class=\"read-more\" href=\"https:\/\/elmetropolitano.com.gt\/es\/asi-puedes-tramitar-las-placas-de-los-vehiculos-en-tal-solo-cinco-minutos\/\">Leer m\u00e1s<\/a><\/p>\n","protected":false},"author":1,"featured_media":110779,"comment_status":"open","ping_status":"closed","sticky":false,"template":"","format":"standard","meta":{"footnotes":""},"categories":[2],"tags":[12],"class_list":["post-110778","post","type-post","status-publish","format-standard","has-post-thumbnail","hentry","category-nacionales","tag-nacionales"],"_links":{"self":[{"href":"https:\/\/elmetropolitano.com.gt\/es\/wp-json\/wp\/v2\/posts\/110778","targetHints":{"allow":["GET"]}}],"collection":[{"href":"https:\/\/elmetropolitano.com.gt\/es\/wp-json\/wp\/v2\/posts"}],"about":[{"href":"https:\/\/elmetropolitano.com.gt\/es\/wp-json\/wp\/v2\/types\/post"}],"author":[{"embeddable":true,"href":"https:\/\/elmetropolitano.com.gt\/es\/wp-json\/wp\/v2\/users\/1"}],"replies":[{"embeddable":true,"href":"https:\/\/elmetropolitano.com.gt\/es\/wp-json\/wp\/v2\/comments?post=110778"}],"version-history":[{"count":1,"href":"https:\/\/elmetropolitano.com.gt\/es\/wp-json\/wp\/v2\/posts\/110778\/revisions"}],"predecessor-version":[{"id":110786,"href":"https:\/\/elmetropolitano.com.gt\/es\/wp-json\/wp\/v2\/posts\/110778\/revisions\/110786"}],"wp:featuredmedia":[{"embeddable":true,"href":"https:\/\/elmetropolitano.com.gt\/es\/wp-json\/wp\/v2\/media\/110779"}],"wp:attachment":[{"href":"https:\/\/elmetropolitano.com.gt\/es\/wp-json\/wp\/v2\/media?parent=110778"}],"wp:term":[{"taxonomy":"category","embeddable":true,"href":"https:\/\/elmetropolitano.com.gt\/es\/wp-json\/wp\/v2\/categories?post=110778"},{"taxonomy":"post_tag","embeddable":true,"href":"https:\/\/elmetropolitano.com.gt\/es\/wp-json\/wp\/v2\/tags?post=110778"}],"curies":[{"name":"wp","href":"https:\/\/api.w.org\/{rel}","templated":true}]}}