{"id":110825,"date":"2025-09-02T09:08:15","date_gmt":"2025-09-02T15:08:15","guid":{"rendered":"https:\/\/elmetropolitano.com.gt\/es\/?p=110825"},"modified":"2025-09-02T09:08:16","modified_gmt":"2025-09-02T15:08:16","slug":"no-se-celebrara-la-independencia-en-solola-por-la-persecucion-del-mp-a-sus-lideres-indigenas","status":"publish","type":"post","link":"https:\/\/elmetropolitano.com.gt\/es\/no-se-celebrara-la-independencia-en-solola-por-la-persecucion-del-mp-a-sus-lideres-indigenas\/","title":{"rendered":"No se celebrar\u00e1 la independencia en Solola por la persecuci\u00f3n del MP a sus l\u00edderes ind\u00edgenas"},"content":{"rendered":"\n<p><a><\/a>Las 84 comunidades del Municipio de Solola acordaron suspender las celebraciones de las fiestas de independencia en solidaridad con el dirigente ind\u00edgena Esteban Toc quien est\u00e1 capturado por defender la democracia en el Pa\u00eds<\/p>\n\n\n\n<p>Por primera vez en su historia Solola no tendr\u00e1 este 14 y 15 desfiles, antorchas ni actos conmemorativos como muestra de solidaridad con Toc, seg\u00fan la decisi\u00f3n de la municipalidad ind\u00edgena de Solola.<\/p><div class=\"elmet-contenido\" id=\"elmet-1535316120\"><div class=\"elmet-adlabel\">Anuncios<\/div><div style=\"margin-top: 20px;margin-right: 20px;margin-bottom: 20px;margin-left: 20px;\" id=\"elmet-1388625585\"><a href=\"https:\/\/www.facebook.com\/arrincuanantigua\/\" aria-label=\"cintillo-arrin-cual\"><img loading=\"lazy\" decoding=\"async\" src=\"https:\/\/elmetropolitano.com.gt\/es\/wp-content\/uploads\/2021\/11\/cintillo-arrin-cual-1.jpg\" alt=\"\"  srcset=\"https:\/\/elmetropolitano.com.gt\/es\/wp-content\/uploads\/2021\/11\/cintillo-arrin-cual-1.jpg 750w, https:\/\/elmetropolitano.com.gt\/es\/wp-content\/uploads\/2021\/11\/cintillo-arrin-cual-1-300x36.jpg 300w, https:\/\/elmetropolitano.com.gt\/es\/wp-content\/uploads\/2021\/11\/cintillo-arrin-cual-1-600x72.jpg 600w\" sizes=\"(max-width: 750px) 100vw, 750px\" width=\"750\" height=\"90\"   \/><\/a><\/div><\/div>\n\n\n\n<p>As\u00ed lo anunciaron al pueblo de Solol\u00e1:<\/p>\n\n\n\n<p>Ante las persecuciones penales en contra de las autoridades y l\u00edderes comunitarios, encuadrando a tipos penales, sus acciones como parte de la organizaci\u00f3n como pueblos ind\u00edgenas, expresando sus derechos en las diferentes formas, en busca del respeto a un estado de derecho; ante dichos acciones son perseguidos actualmente, violentando flagrantemente, el derecho de los pueblos ind\u00edgenas, justificando acciones legales que no tiene nada que ver con la realidad social \u00fanicamente demuestran una persecuci\u00f3n con tintes pol\u00edticos que violenta el estado de derecho<\/p>\n\n\n\n<p>Ante tal situaci\u00f3n en asamblea comunitaria, realizada el d\u00eda de hoy uno de septiembre del a\u00f1o 2025, las autoridades comunitarias de las 84 comunidades del municipio de Solol\u00e1, determinaron suspender todas las actividades patrias, seg\u00fan consta en acta de asamblea n\u00famero 92-2025, en tanto que las acciones del Ministerio P\u00fablico, altera totalmente el principio de objetividad en sus acciones seg\u00fan art\u00edculo 108 del C\u00f3digo Procesal Penal; por consiguiente, se aprecia que no hay libertad ni mucho menos independencia social, ya que Solol\u00e1, est\u00e1 atravesando persecuci\u00f3n directa en contra de sus l\u00edderes y autoridades comunitarias, de parte de un Ministerio P\u00fablico que en lugar de perseguir los delitos de asesinato, extorsi\u00f3n constante, robos agravados, y entre otros delitos, persiguen a los l\u00edderes y lideresas ind\u00edgenas.<\/p>\n\n\n\n<p>Por lo anteriormente expuesto se le solicita que se respete la decisi\u00f3n tomado por la asamblea de autoridades ind\u00edgenas y comunitarias del departamento y municipio de Solol\u00e1.<\/p>\n\n\n\n<p>Un Pueblo Unido Jam\u00e1s ser\u00e1 vencido<\/p>\n\n\n\n<p>Pueblo Kaqchikel y Kich\u00e9 de Solol\u00e1<\/p>\n\n\n\n<p><a href=\"https:\/\/www.facebook.com\/hashtag\/solol%C3%A1?__eep__=6&amp;__cft__[0]=AZX8Gkcz6Fa28dX7RUCvW_RKRASnmSUvlPm1EqQ42eGCoNgSFOcS0YYtc_10NCCkFexK4wM9B4T_ehgreF5oZ6C37YjEF2PBjFHOe7n0BlCNTgH_0QiPcPg0qG74KMIaQdYDlqGkAflOSLrb5m-w8AYsywu1Fw-Xqh-WphOH6NM1tuZM0n6NKFS1KFOGFUO8Q-s&amp;__tn__=*NK-R\">#Solol\u00e1<\/a><a href=\"https:\/\/www.facebook.com\/hashtag\/pueblosoriginarios?__eep__=6&amp;__cft__[0]=AZX8Gkcz6Fa28dX7RUCvW_RKRASnmSUvlPm1EqQ42eGCoNgSFOcS0YYtc_10NCCkFexK4wM9B4T_ehgreF5oZ6C37YjEF2PBjFHOe7n0BlCNTgH_0QiPcPg0qG74KMIaQdYDlqGkAflOSLrb5m-w8AYsywu1Fw-Xqh-WphOH6NM1tuZM0n6NKFS1KFOGFUO8Q-s&amp;__tn__=*NK-R\">#PueblosOriginarios<\/a><a href=\"https:\/\/www.facebook.com\/hashtag\/protestasocial?__eep__=6&amp;__cft__[0]=AZX8Gkcz6Fa28dX7RUCvW_RKRASnmSUvlPm1EqQ42eGCoNgSFOcS0YYtc_10NCCkFexK4wM9B4T_ehgreF5oZ6C37YjEF2PBjFHOe7n0BlCNTgH_0QiPcPg0qG74KMIaQdYDlqGkAflOSLrb5m-w8AYsywu1Fw-Xqh-WphOH6NM1tuZM0n6NKFS1KFOGFUO8Q-s&amp;__tn__=*NK-R\">#ProtestaSocial<\/a><a href=\"https:\/\/www.facebook.com\/hashtag\/estebantoc?__eep__=6&amp;__cft__[0]=AZX8Gkcz6Fa28dX7RUCvW_RKRASnmSUvlPm1EqQ42eGCoNgSFOcS0YYtc_10NCCkFexK4wM9B4T_ehgreF5oZ6C37YjEF2PBjFHOe7n0BlCNTgH_0QiPcPg0qG74KMIaQdYDlqGkAflOSLrb5m-w8AYsywu1Fw-Xqh-WphOH6NM1tuZM0n6NKFS1KFOGFUO8Q-s&amp;__tn__=*NK-R\">#EstebanToc<\/a><a href=\"https:\/\/www.facebook.com\/hashtag\/metroredes?__eep__=6&amp;__cft__[0]=AZX8Gkcz6Fa28dX7RUCvW_RKRASnmSUvlPm1EqQ42eGCoNgSFOcS0YYtc_10NCCkFexK4wM9B4T_ehgreF5oZ6C37YjEF2PBjFHOe7n0BlCNTgH_0QiPcPg0qG74KMIaQdYDlqGkAflOSLrb5m-w8AYsywu1Fw-Xqh-WphOH6NM1tuZM0n6NKFS1KFOGFUO8Q-s&amp;__tn__=*NK-R\">#Metroredes<\/a><a href=\"https:\/\/www.facebook.com\/hashtag\/laprensadesolola?__eep__=6&amp;__cft__[0]=AZX8Gkcz6Fa28dX7RUCvW_RKRASnmSUvlPm1EqQ42eGCoNgSFOcS0YYtc_10NCCkFexK4wM9B4T_ehgreF5oZ6C37YjEF2PBjFHOe7n0BlCNTgH_0QiPcPg0qG74KMIaQdYDlqGkAflOSLrb5m-w8AYsywu1Fw-Xqh-WphOH6NM1tuZM0n6NKFS1KFOGFUO8Q-s&amp;__tn__=*NK-R\">#LaPrensaDeSolola<\/a><\/p>\n\n\n\n<figure class=\"wp-block-gallery has-nested-images columns-default is-cropped wp-block-gallery-1 is-layout-flex wp-block-gallery-is-layout-flex\">\n<figure class=\"wp-block-image size-large\"><img loading=\"lazy\" decoding=\"async\" width=\"1024\" height=\"576\" data-id=\"110827\" src=\"https:\/\/elmetropolitano.com.gt\/es\/wp-content\/uploads\/2025\/09\/540589300_1316036673855746_965323551149064607_n-1-1024x576.jpg\" alt=\"\" class=\"wp-image-110827\" srcset=\"https:\/\/elmetropolitano.com.gt\/es\/wp-content\/uploads\/2025\/09\/540589300_1316036673855746_965323551149064607_n-1-1024x576.jpg 1024w, https:\/\/elmetropolitano.com.gt\/es\/wp-content\/uploads\/2025\/09\/540589300_1316036673855746_965323551149064607_n-1-300x169.jpg 300w, https:\/\/elmetropolitano.com.gt\/es\/wp-content\/uploads\/2025\/09\/540589300_1316036673855746_965323551149064607_n-1-768x432.jpg 768w, https:\/\/elmetropolitano.com.gt\/es\/wp-content\/uploads\/2025\/09\/540589300_1316036673855746_965323551149064607_n-1-1536x864.jpg 1536w, https:\/\/elmetropolitano.com.gt\/es\/wp-content\/uploads\/2025\/09\/540589300_1316036673855746_965323551149064607_n-1.jpg 1600w\" sizes=\"auto, (max-width: 1024px) 100vw, 1024px\" \/><\/figure>\n\n\n\n<figure class=\"wp-block-image size-large\"><img loading=\"lazy\" decoding=\"async\" width=\"724\" height=\"1024\" data-id=\"110828\" src=\"https:\/\/elmetropolitano.com.gt\/es\/wp-content\/uploads\/2025\/09\/540684395_1316036683855745_1362129041467587616_n-724x1024.jpg\" alt=\"\" class=\"wp-image-110828\" srcset=\"https:\/\/elmetropolitano.com.gt\/es\/wp-content\/uploads\/2025\/09\/540684395_1316036683855745_1362129041467587616_n-724x1024.jpg 724w, https:\/\/elmetropolitano.com.gt\/es\/wp-content\/uploads\/2025\/09\/540684395_1316036683855745_1362129041467587616_n-212x300.jpg 212w, https:\/\/elmetropolitano.com.gt\/es\/wp-content\/uploads\/2025\/09\/540684395_1316036683855745_1362129041467587616_n-768x1087.jpg 768w, https:\/\/elmetropolitano.com.gt\/es\/wp-content\/uploads\/2025\/09\/540684395_1316036683855745_1362129041467587616_n-1085x1536.jpg 1085w, https:\/\/elmetropolitano.com.gt\/es\/wp-content\/uploads\/2025\/09\/540684395_1316036683855745_1362129041467587616_n.jpg 1240w\" sizes=\"auto, (max-width: 724px) 100vw, 724px\" \/><\/figure>\n<\/figure>\n","protected":false},"excerpt":{"rendered":"<p>Las 84 comunidades del Municipio de Solola acordaron suspender las celebraciones de las fiestas de independencia en solidaridad con el dirigente ind\u00edgena Esteban Toc quien est\u00e1 capturado por defender la democracia en el Pa\u00eds Por primera vez en su historia Solola no tendr\u00e1 este 14 y 15 desfiles, antorchas ni actos conmemorativos como muestra de <a class=\"read-more\" href=\"https:\/\/elmetropolitano.com.gt\/es\/no-se-celebrara-la-independencia-en-solola-por-la-persecucion-del-mp-a-sus-lideres-indigenas\/\">Leer m\u00e1s<\/a><\/p>\n","protected":false},"author":1,"featured_media":110826,"comment_status":"open","ping_status":"closed","sticky":false,"template":"","format":"standard","meta":{"footnotes":""},"categories":[4],"tags":[13],"class_list":["post-110825","post","type-post","status-publish","format-standard","has-post-thumbnail","hentry","category-departamentales","tag-departamentales"],"_links":{"self":[{"href":"https:\/\/elmetropolitano.com.gt\/es\/wp-json\/wp\/v2\/posts\/110825","targetHints":{"allow":["GET"]}}],"collection":[{"href":"https:\/\/elmetropolitano.com.gt\/es\/wp-json\/wp\/v2\/posts"}],"about":[{"href":"https:\/\/elmetropolitano.com.gt\/es\/wp-json\/wp\/v2\/types\/post"}],"author":[{"embeddable":true,"href":"https:\/\/elmetropolitano.com.gt\/es\/wp-json\/wp\/v2\/users\/1"}],"replies":[{"embeddable":true,"href":"https:\/\/elmetropolitano.com.gt\/es\/wp-json\/wp\/v2\/comments?post=110825"}],"version-history":[{"count":1,"href":"https:\/\/elmetropolitano.com.gt\/es\/wp-json\/wp\/v2\/posts\/110825\/revisions"}],"predecessor-version":[{"id":110829,"href":"https:\/\/elmetropolitano.com.gt\/es\/wp-json\/wp\/v2\/posts\/110825\/revisions\/110829"}],"wp:featuredmedia":[{"embeddable":true,"href":"https:\/\/elmetropolitano.com.gt\/es\/wp-json\/wp\/v2\/media\/110826"}],"wp:attachment":[{"href":"https:\/\/elmetropolitano.com.gt\/es\/wp-json\/wp\/v2\/media?parent=110825"}],"wp:term":[{"taxonomy":"category","embeddable":true,"href":"https:\/\/elmetropolitano.com.gt\/es\/wp-json\/wp\/v2\/categories?post=110825"},{"taxonomy":"post_tag","embeddable":true,"href":"https:\/\/elmetropolitano.com.gt\/es\/wp-json\/wp\/v2\/tags?post=110825"}],"curies":[{"name":"wp","href":"https:\/\/api.w.org\/{rel}","templated":true}]}}