{"id":110835,"date":"2025-09-02T09:22:53","date_gmt":"2025-09-02T15:22:53","guid":{"rendered":"https:\/\/elmetropolitano.com.gt\/es\/?p=110835"},"modified":"2025-09-02T09:22:54","modified_gmt":"2025-09-02T15:22:54","slug":"presidente-participa-a-conmemoracion-de-los-152-anos-de-la-escuela-politecnica-y-dia-del-cadete","status":"publish","type":"post","link":"https:\/\/elmetropolitano.com.gt\/es\/presidente-participa-a-conmemoracion-de-los-152-anos-de-la-escuela-politecnica-y-dia-del-cadete\/","title":{"rendered":"Presidente participa a conmemoraci\u00f3n de los 152 a\u00f1os de la Escuela Polit\u00e9cnica y D\u00eda del Cadete"},"content":{"rendered":"\n<p><a><\/a>El Ej\u00e9rcito de Guatemala conmemor\u00f3 este 1 de septiembre el 152 aniversario de la Escuela Polit\u00e9cnica y el D\u00eda del Cadete con un acto solemne en ese centro de formaci\u00f3n, ubicado en el kil\u00f3metro 36.5 a la comunidad Ruiz, San Juan Sacatep\u00e9quez.<\/p>\n\n\n\n<p>La ceremonia estuvo encabezada por el presidente Bernardo Ar\u00e9valo, acompa\u00f1ado del ministro de la Defensa, Henry Saenz, as\u00ed como altos mandos militares que se unieron para resaltar la importancia hist\u00f3rica de la instituci\u00f3n castrense.<\/p><div class=\"elmet-contenido\" id=\"elmet-3561432969\"><div class=\"elmet-adlabel\">Anuncios<\/div><div style=\"margin-top: 20px;margin-right: 20px;margin-bottom: 20px;margin-left: 20px;\" id=\"elmet-3898654553\"><a href=\"https:\/\/www.facebook.com\/arrincuanantigua\/\" aria-label=\"cintillo-arrin-cual\"><img loading=\"lazy\" decoding=\"async\" src=\"https:\/\/elmetropolitano.com.gt\/es\/wp-content\/uploads\/2021\/11\/cintillo-arrin-cual-1.jpg\" alt=\"\"  srcset=\"https:\/\/elmetropolitano.com.gt\/es\/wp-content\/uploads\/2021\/11\/cintillo-arrin-cual-1.jpg 750w, https:\/\/elmetropolitano.com.gt\/es\/wp-content\/uploads\/2021\/11\/cintillo-arrin-cual-1-300x36.jpg 300w, https:\/\/elmetropolitano.com.gt\/es\/wp-content\/uploads\/2021\/11\/cintillo-arrin-cual-1-600x72.jpg 600w\" sizes=\"(max-width: 750px) 100vw, 750px\" width=\"750\" height=\"90\"   \/><\/a><\/div><\/div>\n\n\n\n<p>Entre los aspectos destacados de la jornada figur\u00f3 la presencia de cadetes internacionales que actualmente cursan estudios en el plantel.<\/p>\n\n\n\n<p>Una mujer y un hombre provenientes de la Rep\u00fablica de China (Taiw\u00e1n), junto a un estudiante dominicano, que por medio de la Conferencia de las Fuerzas Armadas Centroamericanas (CFAC) integran las filas de esta casa de estudios, fortaleciendo la cooperaci\u00f3n acad\u00e9mica y militar con pa\u00edses amigos.<\/p>\n\n\n\n<p>Un mensaje de compromiso y valores<\/p>\n\n\n\n<p>El mandatario resalt\u00f3 la disciplina, vocaci\u00f3n y servicio que caracterizan a la Escuela Polit\u00e9cnica. En sus palabras, subray\u00f3 que el camino militar va m\u00e1s all\u00e1 de la defensa armada, pues est\u00e1 cimentado en principios democr\u00e1ticos y en el respeto a la Constituci\u00f3n.<\/p>\n\n\n\n<p>\u201cEn el Ej\u00e9rcito, el verdadero reconocimiento no se hereda ni se impone; se conquista con esfuerzo y entrega\u201d expres\u00f3 Ar\u00e9valo<\/p>\n\n\n\n<p>Adem\u00e1s, record\u00f3 que la misi\u00f3n de la instituci\u00f3n es formar l\u00edderes con capacidad de enfrentar los desaf\u00edos del presente y del futuro, garantizando la seguridad en un marco democr\u00e1tico.<\/p>\n\n\n\n<p>Los pilares de la formaci\u00f3n castrense<\/p>\n\n\n\n<p>Durante su intervenci\u00f3n, el Presidente record\u00f3 los valores que gu\u00edan a la Escuela Polit\u00e9cnica: ciencia, virtud, honor, fuerza, uni\u00f3n, deber, valor y lealtad. Estos principios, afirm\u00f3, distinguen a generaciones de oficiales que han asumido el compromiso de servir a Guatemala con integridad, responsabilidad y profundo respeto a la dignidad humana.<\/p>\n\n\n\n<p>Uno de los momentos m\u00e1s simb\u00f3licos de la actividad fue la entrega de espadines a cadetes que alcanzaron este reconocimiento dentro de su formaci\u00f3n. El Presidente destac\u00f3 que este s\u00edmbolo representa la primera gran victoria en la vida militar de cada estudiante.<\/p>\n\n\n\n<p>El mandatario, quien felicit\u00f3 a los j\u00f3venes por este logro, expres\u00f3 que \u201cAl portarlo, asumen plenamente la vocaci\u00f3n de soldados de Guatemala\u201d<\/p>\n\n\n\n<p>Escuela con tradici\u00f3n y futuro<\/p>\n\n\n\n<p>Fundada en 1873, la Escuela Polit\u00e9cnica se ha consolidado como el alma m\u00e1ter de la formaci\u00f3n militar en el pa\u00eds. Desde sus inicios ha tenido como misi\u00f3n instruir integralmente a los futuros oficiales en ciencia, tecnolog\u00eda y arte militar, fomentando el esp\u00edritu de servicio, la lealtad a la patria y el respeto a la Constituci\u00f3n.<\/p>\n\n\n\n<p>Como parte de su evoluci\u00f3n acad\u00e9mica, el director del centro, Sergio M\u00e9rida, anunci\u00f3 que desde este a\u00f1o se implement\u00f3 la carrera de Ingenier\u00eda en Construcci\u00f3n, ampliando la oferta educativa para los cadetes y reafirmando el compromiso con la excelencia profesional.<\/p>\n\n\n\n<p>El acto concluy\u00f3 con un mensaje de unidad y gratitud hacia los cadetes egresados, quienes desde diferentes destinos contin\u00faan aportando al prestigio de la instituci\u00f3n.<\/p>\n\n\n\n<p>Ar\u00e9valo, al enviar un saludo fraterno a quienes mantienen viva la tradici\u00f3n de la Escuela Polit\u00e9cnica, enfatiz\u00f3:<\/p>\n\n\n\n<p>El Ej\u00e9rcito de Guatemala permanece firme y leal para proteger la libertad, la democracia y el desarrollo del pa\u00eds.<\/p>\n\n\n\n<p>Con este homenaje, se reafirm\u00f3 el legado de 152 a\u00f1os de historia militar, proyectando la formaci\u00f3n de nuevas generaciones de l\u00edderes comprometidos con la naci\u00f3n.<\/p>\n\n\n\n<p>Texto: Lincy Rodr\u00edguez<\/p>\n\n\n\n<p><a href=\"https:\/\/www.facebook.com\/hashtag\/diadelcadete?__eep__=6&amp;__cft__[0]=AZWr89sIggUgDDuU2mN5gtQAp9TOxbvXrhlmjInpfVaN2jdgPe9OPsOINLLybzkOD-4CgU3Qqox6Dzqd5k7wwrQoTZZ5jix-86_zn8ZRstpinFL0FAQNiyK6n7UZvaKmanK4wGRR0AR5t9duAM_bfnN46rYU3lvhJi4ioQ8AE9YaPS_e3FqRdkArS2vDlGZINDc&amp;__tn__=*NK-R\">#diadelcadete<\/a><a href=\"https:\/\/www.facebook.com\/hashtag\/ejercitogt?__eep__=6&amp;__cft__[0]=AZWr89sIggUgDDuU2mN5gtQAp9TOxbvXrhlmjInpfVaN2jdgPe9OPsOINLLybzkOD-4CgU3Qqox6Dzqd5k7wwrQoTZZ5jix-86_zn8ZRstpinFL0FAQNiyK6n7UZvaKmanK4wGRR0AR5t9duAM_bfnN46rYU3lvhJi4ioQ8AE9YaPS_e3FqRdkArS2vDlGZINDc&amp;__tn__=*NK-R\">#EjercitoGT<\/a><\/p>\n\n\n\n<figure class=\"wp-block-gallery has-nested-images columns-default is-cropped wp-block-gallery-1 is-layout-flex wp-block-gallery-is-layout-flex\">\n<figure class=\"wp-block-image size-large\"><img loading=\"lazy\" decoding=\"async\" width=\"1024\" height=\"683\" data-id=\"110838\" src=\"https:\/\/elmetropolitano.com.gt\/es\/wp-content\/uploads\/2025\/09\/540495004_1316076497185097_7733741702600817895_n-1024x683.jpg\" alt=\"\" class=\"wp-image-110838\" srcset=\"https:\/\/elmetropolitano.com.gt\/es\/wp-content\/uploads\/2025\/09\/540495004_1316076497185097_7733741702600817895_n-1024x683.jpg 1024w, https:\/\/elmetropolitano.com.gt\/es\/wp-content\/uploads\/2025\/09\/540495004_1316076497185097_7733741702600817895_n-300x200.jpg 300w, https:\/\/elmetropolitano.com.gt\/es\/wp-content\/uploads\/2025\/09\/540495004_1316076497185097_7733741702600817895_n-768x512.jpg 768w, https:\/\/elmetropolitano.com.gt\/es\/wp-content\/uploads\/2025\/09\/540495004_1316076497185097_7733741702600817895_n.jpg 1500w\" sizes=\"auto, (max-width: 1024px) 100vw, 1024px\" \/><\/figure>\n\n\n\n<figure class=\"wp-block-image size-large\"><img loading=\"lazy\" decoding=\"async\" width=\"1024\" height=\"687\" data-id=\"110839\" src=\"https:\/\/elmetropolitano.com.gt\/es\/wp-content\/uploads\/2025\/09\/540496917_1316076863851727_3490682862539957628_n-1-1024x687.jpg\" alt=\"\" class=\"wp-image-110839\" srcset=\"https:\/\/elmetropolitano.com.gt\/es\/wp-content\/uploads\/2025\/09\/540496917_1316076863851727_3490682862539957628_n-1-1024x687.jpg 1024w, https:\/\/elmetropolitano.com.gt\/es\/wp-content\/uploads\/2025\/09\/540496917_1316076863851727_3490682862539957628_n-1-300x201.jpg 300w, https:\/\/elmetropolitano.com.gt\/es\/wp-content\/uploads\/2025\/09\/540496917_1316076863851727_3490682862539957628_n-1-768x515.jpg 768w, https:\/\/elmetropolitano.com.gt\/es\/wp-content\/uploads\/2025\/09\/540496917_1316076863851727_3490682862539957628_n-1.jpg 1196w\" sizes=\"auto, (max-width: 1024px) 100vw, 1024px\" \/><\/figure>\n\n\n\n<figure class=\"wp-block-image size-large\"><img loading=\"lazy\" decoding=\"async\" width=\"1024\" height=\"683\" data-id=\"110840\" src=\"https:\/\/elmetropolitano.com.gt\/es\/wp-content\/uploads\/2025\/09\/540621210_1316076590518421_2911720615364868445_n-1024x683.jpg\" alt=\"\" class=\"wp-image-110840\" srcset=\"https:\/\/elmetropolitano.com.gt\/es\/wp-content\/uploads\/2025\/09\/540621210_1316076590518421_2911720615364868445_n-1024x683.jpg 1024w, https:\/\/elmetropolitano.com.gt\/es\/wp-content\/uploads\/2025\/09\/540621210_1316076590518421_2911720615364868445_n-300x200.jpg 300w, https:\/\/elmetropolitano.com.gt\/es\/wp-content\/uploads\/2025\/09\/540621210_1316076590518421_2911720615364868445_n-768x512.jpg 768w, https:\/\/elmetropolitano.com.gt\/es\/wp-content\/uploads\/2025\/09\/540621210_1316076590518421_2911720615364868445_n.jpg 1500w\" sizes=\"auto, (max-width: 1024px) 100vw, 1024px\" \/><\/figure>\n\n\n\n<figure class=\"wp-block-image size-large\"><img loading=\"lazy\" decoding=\"async\" width=\"1024\" height=\"680\" data-id=\"110841\" src=\"https:\/\/elmetropolitano.com.gt\/es\/wp-content\/uploads\/2025\/09\/540715536_1316076793851734_6462436206646530917_n-1024x680.jpg\" alt=\"\" class=\"wp-image-110841\" srcset=\"https:\/\/elmetropolitano.com.gt\/es\/wp-content\/uploads\/2025\/09\/540715536_1316076793851734_6462436206646530917_n-1024x680.jpg 1024w, https:\/\/elmetropolitano.com.gt\/es\/wp-content\/uploads\/2025\/09\/540715536_1316076793851734_6462436206646530917_n-300x199.jpg 300w, https:\/\/elmetropolitano.com.gt\/es\/wp-content\/uploads\/2025\/09\/540715536_1316076793851734_6462436206646530917_n-768x510.jpg 768w, https:\/\/elmetropolitano.com.gt\/es\/wp-content\/uploads\/2025\/09\/540715536_1316076793851734_6462436206646530917_n.jpg 1198w\" sizes=\"auto, (max-width: 1024px) 100vw, 1024px\" \/><\/figure>\n\n\n\n<figure class=\"wp-block-image size-large\"><img loading=\"lazy\" decoding=\"async\" width=\"1024\" height=\"676\" data-id=\"110837\" src=\"https:\/\/elmetropolitano.com.gt\/es\/wp-content\/uploads\/2025\/09\/540715798_1316076680518412_419696422237653662_n-1024x676.jpg\" alt=\"\" class=\"wp-image-110837\" srcset=\"https:\/\/elmetropolitano.com.gt\/es\/wp-content\/uploads\/2025\/09\/540715798_1316076680518412_419696422237653662_n-1024x676.jpg 1024w, https:\/\/elmetropolitano.com.gt\/es\/wp-content\/uploads\/2025\/09\/540715798_1316076680518412_419696422237653662_n-300x198.jpg 300w, https:\/\/elmetropolitano.com.gt\/es\/wp-content\/uploads\/2025\/09\/540715798_1316076680518412_419696422237653662_n-768x507.jpg 768w, https:\/\/elmetropolitano.com.gt\/es\/wp-content\/uploads\/2025\/09\/540715798_1316076680518412_419696422237653662_n.jpg 1202w\" sizes=\"auto, (max-width: 1024px) 100vw, 1024px\" \/><\/figure>\n\n\n\n<figure class=\"wp-block-image size-large\"><img loading=\"lazy\" decoding=\"async\" width=\"1024\" height=\"678\" data-id=\"110843\" src=\"https:\/\/elmetropolitano.com.gt\/es\/wp-content\/uploads\/2025\/09\/541529826_1316076890518391_5516308421056292691_n-1024x678.jpg\" alt=\"\" class=\"wp-image-110843\" srcset=\"https:\/\/elmetropolitano.com.gt\/es\/wp-content\/uploads\/2025\/09\/541529826_1316076890518391_5516308421056292691_n-1024x678.jpg 1024w, https:\/\/elmetropolitano.com.gt\/es\/wp-content\/uploads\/2025\/09\/541529826_1316076890518391_5516308421056292691_n-300x199.jpg 300w, https:\/\/elmetropolitano.com.gt\/es\/wp-content\/uploads\/2025\/09\/541529826_1316076890518391_5516308421056292691_n-768x509.jpg 768w, https:\/\/elmetropolitano.com.gt\/es\/wp-content\/uploads\/2025\/09\/541529826_1316076890518391_5516308421056292691_n.jpg 1200w\" sizes=\"auto, (max-width: 1024px) 100vw, 1024px\" \/><\/figure>\n\n\n\n<figure class=\"wp-block-image size-large\"><img loading=\"lazy\" decoding=\"async\" width=\"1024\" height=\"683\" data-id=\"110845\" src=\"https:\/\/elmetropolitano.com.gt\/es\/wp-content\/uploads\/2025\/09\/541619883_1316076583851755_5545664200440403477_n-1024x683.jpg\" alt=\"\" class=\"wp-image-110845\" srcset=\"https:\/\/elmetropolitano.com.gt\/es\/wp-content\/uploads\/2025\/09\/541619883_1316076583851755_5545664200440403477_n-1024x683.jpg 1024w, https:\/\/elmetropolitano.com.gt\/es\/wp-content\/uploads\/2025\/09\/541619883_1316076583851755_5545664200440403477_n-300x200.jpg 300w, https:\/\/elmetropolitano.com.gt\/es\/wp-content\/uploads\/2025\/09\/541619883_1316076583851755_5545664200440403477_n-768x512.jpg 768w, https:\/\/elmetropolitano.com.gt\/es\/wp-content\/uploads\/2025\/09\/541619883_1316076583851755_5545664200440403477_n.jpg 1500w\" sizes=\"auto, (max-width: 1024px) 100vw, 1024px\" \/><\/figure>\n\n\n\n<figure class=\"wp-block-image size-large\"><img loading=\"lazy\" decoding=\"async\" width=\"1024\" height=\"676\" data-id=\"110844\" src=\"https:\/\/elmetropolitano.com.gt\/es\/wp-content\/uploads\/2025\/09\/542504331_1316076503851763_8649991578020794756_n-1024x676.jpg\" alt=\"\" class=\"wp-image-110844\" srcset=\"https:\/\/elmetropolitano.com.gt\/es\/wp-content\/uploads\/2025\/09\/542504331_1316076503851763_8649991578020794756_n-1024x676.jpg 1024w, https:\/\/elmetropolitano.com.gt\/es\/wp-content\/uploads\/2025\/09\/542504331_1316076503851763_8649991578020794756_n-300x198.jpg 300w, https:\/\/elmetropolitano.com.gt\/es\/wp-content\/uploads\/2025\/09\/542504331_1316076503851763_8649991578020794756_n-768x507.jpg 768w, https:\/\/elmetropolitano.com.gt\/es\/wp-content\/uploads\/2025\/09\/542504331_1316076503851763_8649991578020794756_n.jpg 1194w\" sizes=\"auto, (max-width: 1024px) 100vw, 1024px\" \/><\/figure>\n\n\n\n<figure class=\"wp-block-image size-large\"><img loading=\"lazy\" decoding=\"async\" width=\"1024\" height=\"683\" data-id=\"110842\" src=\"https:\/\/elmetropolitano.com.gt\/es\/wp-content\/uploads\/2025\/09\/543426118_1316076913851722_5697523380498603419_n-1024x683.jpg\" alt=\"\" class=\"wp-image-110842\" srcset=\"https:\/\/elmetropolitano.com.gt\/es\/wp-content\/uploads\/2025\/09\/543426118_1316076913851722_5697523380498603419_n-1024x683.jpg 1024w, https:\/\/elmetropolitano.com.gt\/es\/wp-content\/uploads\/2025\/09\/543426118_1316076913851722_5697523380498603419_n-300x200.jpg 300w, https:\/\/elmetropolitano.com.gt\/es\/wp-content\/uploads\/2025\/09\/543426118_1316076913851722_5697523380498603419_n-768x512.jpg 768w, https:\/\/elmetropolitano.com.gt\/es\/wp-content\/uploads\/2025\/09\/543426118_1316076913851722_5697523380498603419_n.jpg 1500w\" sizes=\"auto, (max-width: 1024px) 100vw, 1024px\" \/><\/figure>\n<\/figure>\n","protected":false},"excerpt":{"rendered":"<p>El Ej\u00e9rcito de Guatemala conmemor\u00f3 este 1 de septiembre el 152 aniversario de la Escuela Polit\u00e9cnica y el D\u00eda del Cadete con un acto solemne en ese centro de formaci\u00f3n, ubicado en el kil\u00f3metro 36.5 a la comunidad Ruiz, San Juan Sacatep\u00e9quez. La ceremonia estuvo encabezada por el presidente Bernardo Ar\u00e9valo, acompa\u00f1ado del ministro de <a class=\"read-more\" href=\"https:\/\/elmetropolitano.com.gt\/es\/presidente-participa-a-conmemoracion-de-los-152-anos-de-la-escuela-politecnica-y-dia-del-cadete\/\">Leer m\u00e1s<\/a><\/p>\n","protected":false},"author":1,"featured_media":110836,"comment_status":"open","ping_status":"closed","sticky":false,"template":"","format":"standard","meta":{"footnotes":""},"categories":[2],"tags":[12],"class_list":["post-110835","post","type-post","status-publish","format-standard","has-post-thumbnail","hentry","category-nacionales","tag-nacionales"],"_links":{"self":[{"href":"https:\/\/elmetropolitano.com.gt\/es\/wp-json\/wp\/v2\/posts\/110835","targetHints":{"allow":["GET"]}}],"collection":[{"href":"https:\/\/elmetropolitano.com.gt\/es\/wp-json\/wp\/v2\/posts"}],"about":[{"href":"https:\/\/elmetropolitano.com.gt\/es\/wp-json\/wp\/v2\/types\/post"}],"author":[{"embeddable":true,"href":"https:\/\/elmetropolitano.com.gt\/es\/wp-json\/wp\/v2\/users\/1"}],"replies":[{"embeddable":true,"href":"https:\/\/elmetropolitano.com.gt\/es\/wp-json\/wp\/v2\/comments?post=110835"}],"version-history":[{"count":1,"href":"https:\/\/elmetropolitano.com.gt\/es\/wp-json\/wp\/v2\/posts\/110835\/revisions"}],"predecessor-version":[{"id":110846,"href":"https:\/\/elmetropolitano.com.gt\/es\/wp-json\/wp\/v2\/posts\/110835\/revisions\/110846"}],"wp:featuredmedia":[{"embeddable":true,"href":"https:\/\/elmetropolitano.com.gt\/es\/wp-json\/wp\/v2\/media\/110836"}],"wp:attachment":[{"href":"https:\/\/elmetropolitano.com.gt\/es\/wp-json\/wp\/v2\/media?parent=110835"}],"wp:term":[{"taxonomy":"category","embeddable":true,"href":"https:\/\/elmetropolitano.com.gt\/es\/wp-json\/wp\/v2\/categories?post=110835"},{"taxonomy":"post_tag","embeddable":true,"href":"https:\/\/elmetropolitano.com.gt\/es\/wp-json\/wp\/v2\/tags?post=110835"}],"curies":[{"name":"wp","href":"https:\/\/api.w.org\/{rel}","templated":true}]}}