{"id":110866,"date":"2025-09-02T10:45:23","date_gmt":"2025-09-02T16:45:23","guid":{"rendered":"https:\/\/elmetropolitano.com.gt\/es\/?p=110866"},"modified":"2025-09-02T10:45:23","modified_gmt":"2025-09-02T16:45:23","slug":"zacapa-se-une-a-las-actividades-para-conmemorar-los-204-anos-de-independencia-patria","status":"publish","type":"post","link":"https:\/\/elmetropolitano.com.gt\/es\/zacapa-se-une-a-las-actividades-para-conmemorar-los-204-anos-de-independencia-patria\/","title":{"rendered":"Zacapa se une a las actividades para conmemorar los 204 a\u00f1os de independencia patria"},"content":{"rendered":"\n<p>Al ritmo de las notas de la marimba iniciaron las celebraciones de los 204 a\u00f1os de independencia en el departamento de Zacapa, como un s\u00edmbolo de unidad, libertad y soberan\u00eda.<\/p>\n\n\n\n<p>En la actividad estuvieron presentes los alcaldes de los municipios zacapanecos, representantes de las instituciones de gobierno central, el diputado departamental, integrantes de las marimbas participantes y docentes de diferentes centros educativos y privados.<\/p><div class=\"elmet-contenido\" id=\"elmet-2245938877\"><div class=\"elmet-adlabel\">Anuncios<\/div><div style=\"margin-top: 20px;margin-right: 20px;margin-bottom: 20px;margin-left: 20px;\" id=\"elmet-750411063\"><a href=\"https:\/\/www.facebook.com\/arrincuanantigua\/\" aria-label=\"cintillo-arrin-cual\"><img loading=\"lazy\" decoding=\"async\" src=\"https:\/\/elmetropolitano.com.gt\/es\/wp-content\/uploads\/2021\/11\/cintillo-arrin-cual-1.jpg\" alt=\"\"  srcset=\"https:\/\/elmetropolitano.com.gt\/es\/wp-content\/uploads\/2021\/11\/cintillo-arrin-cual-1.jpg 750w, https:\/\/elmetropolitano.com.gt\/es\/wp-content\/uploads\/2021\/11\/cintillo-arrin-cual-1-300x36.jpg 300w, https:\/\/elmetropolitano.com.gt\/es\/wp-content\/uploads\/2021\/11\/cintillo-arrin-cual-1-600x72.jpg 600w\" sizes=\"(max-width: 750px) 100vw, 750px\" width=\"750\" height=\"90\"   \/><\/a><\/div><\/div>\n\n\n\n<p>Que la conmemoraci\u00f3n de nuestra independencia nos recuerde que la verdadera libertad se honra no solo con discursos, sino con decisiones justas, compromiso con el pueblo y fidelidad a los principios que forjaron nuestra naci\u00f3n, resalt\u00f3 en su discurso, el gobernador departamental de Zacapa. Arturo Echeverr\u00eda Jord\u00e1n, quien lider\u00f3 la actividad.<\/p>\n\n\n\n<p>Las actividades<\/p>\n\n\n\n<p>En el marco de las fiestas patrias, la Comisi\u00f3n de Festejos de la Independencia, despu\u00e9s de varias reuniones de planificaci\u00f3n, acord\u00f3 que durante septiembre la tem\u00e1tica de todos los eventos que se realicen estar\u00e1n enfocados en la defensa de la naturaleza y los recursos naturales, como una forma de amar a nuestra patria.<\/p>\n\n\n\n<p>El gobernador, al dirigirse a los j\u00f3venes les record\u00f3 que son la generaci\u00f3n que tiene en sus manos la oportunidad de hacer lo que otros no hicieron, Son nuestra esperanza y el motor que impulsa los planes de gobierno del presidente Bernardo Ar\u00e9valo que tiene muchos proyectos para que ustedes desarrollen sus habilidades a trav\u00e9s de proyectos de educaci\u00f3n, becas, \u00fatiles escolares, mejores centros educativos y de ciencia e investigaci\u00f3n que los prepararan para enfrentar mejor el futuro. Ser joven es una ventaja para empujar lo nuevo, romper lo viejo e imaginar lo imposible, subray\u00f3.<\/p>\n\n\n\n<p>Entregan reconocimientos<\/p>\n\n\n\n<p>Durante el evento se dieron reconocimientos a zacapanecos que han puesto en alto el nombre del departamento desde el \u00e1rea en la que se desenvuelven, tal es el caso del ni\u00f1o director General de la Polic\u00eda Nacional Civil (PNC), Denzel Portillo, las Marimbas de las Municipalidades de Zacapa y de la Segunda Brigada de Infanter\u00eda, as\u00ed como a panaderos de las famosas tortas de San Jorge. Adem\u00e1s, se condecor\u00f3 el trabajo del INEB Telesecundaria de la Colonia Pueblo Modelo y la Banda Marcial de la Segunda Brigada de Infanter\u00eda.<\/p>\n\n\n\n<p>#fiestapatria #metroredes #zacapa&nbsp; #metroredes&nbsp; <a href=\"http:\/\/www.elmetropolitano.com.gt\">www.elmetropolitano.com.gt<\/a>&nbsp; <a href=\"http:\/\/www.metroredes.com\">www.metroredes.com<\/a><\/p>\n\n\n\n<figure class=\"wp-block-gallery has-nested-images columns-default is-cropped wp-block-gallery-1 is-layout-flex wp-block-gallery-is-layout-flex\">\n<figure class=\"wp-block-image size-large\"><img loading=\"lazy\" decoding=\"async\" width=\"1024\" height=\"576\" data-id=\"110870\" src=\"https:\/\/elmetropolitano.com.gt\/es\/wp-content\/uploads\/2025\/09\/6d01bd63-0151-41a5-9ccb-888690cf74c4-1024x576.jpg\" alt=\"\" class=\"wp-image-110870\" srcset=\"https:\/\/elmetropolitano.com.gt\/es\/wp-content\/uploads\/2025\/09\/6d01bd63-0151-41a5-9ccb-888690cf74c4-1024x576.jpg 1024w, https:\/\/elmetropolitano.com.gt\/es\/wp-content\/uploads\/2025\/09\/6d01bd63-0151-41a5-9ccb-888690cf74c4-300x169.jpg 300w, https:\/\/elmetropolitano.com.gt\/es\/wp-content\/uploads\/2025\/09\/6d01bd63-0151-41a5-9ccb-888690cf74c4-768x432.jpg 768w, https:\/\/elmetropolitano.com.gt\/es\/wp-content\/uploads\/2025\/09\/6d01bd63-0151-41a5-9ccb-888690cf74c4-1536x864.jpg 1536w, https:\/\/elmetropolitano.com.gt\/es\/wp-content\/uploads\/2025\/09\/6d01bd63-0151-41a5-9ccb-888690cf74c4.jpg 1600w\" sizes=\"auto, (max-width: 1024px) 100vw, 1024px\" \/><\/figure>\n\n\n\n<figure class=\"wp-block-image size-large\"><img loading=\"lazy\" decoding=\"async\" width=\"1024\" height=\"574\" data-id=\"110869\" src=\"https:\/\/elmetropolitano.com.gt\/es\/wp-content\/uploads\/2025\/09\/47618023-d1e7-4f2c-ac8c-3930b0ee1fb9-1024x574.jpg\" alt=\"\" class=\"wp-image-110869\" srcset=\"https:\/\/elmetropolitano.com.gt\/es\/wp-content\/uploads\/2025\/09\/47618023-d1e7-4f2c-ac8c-3930b0ee1fb9-1024x574.jpg 1024w, https:\/\/elmetropolitano.com.gt\/es\/wp-content\/uploads\/2025\/09\/47618023-d1e7-4f2c-ac8c-3930b0ee1fb9-300x168.jpg 300w, https:\/\/elmetropolitano.com.gt\/es\/wp-content\/uploads\/2025\/09\/47618023-d1e7-4f2c-ac8c-3930b0ee1fb9-768x431.jpg 768w, https:\/\/elmetropolitano.com.gt\/es\/wp-content\/uploads\/2025\/09\/47618023-d1e7-4f2c-ac8c-3930b0ee1fb9-1536x861.jpg 1536w, https:\/\/elmetropolitano.com.gt\/es\/wp-content\/uploads\/2025\/09\/47618023-d1e7-4f2c-ac8c-3930b0ee1fb9.jpg 1600w\" sizes=\"auto, (max-width: 1024px) 100vw, 1024px\" \/><\/figure>\n\n\n\n<figure class=\"wp-block-image size-large\"><img loading=\"lazy\" decoding=\"async\" width=\"1024\" height=\"574\" data-id=\"110873\" src=\"https:\/\/elmetropolitano.com.gt\/es\/wp-content\/uploads\/2025\/09\/b56f6382-819b-405b-a171-a2115c22d5e0-1024x574.jpg\" alt=\"\" class=\"wp-image-110873\" srcset=\"https:\/\/elmetropolitano.com.gt\/es\/wp-content\/uploads\/2025\/09\/b56f6382-819b-405b-a171-a2115c22d5e0-1024x574.jpg 1024w, https:\/\/elmetropolitano.com.gt\/es\/wp-content\/uploads\/2025\/09\/b56f6382-819b-405b-a171-a2115c22d5e0-300x168.jpg 300w, https:\/\/elmetropolitano.com.gt\/es\/wp-content\/uploads\/2025\/09\/b56f6382-819b-405b-a171-a2115c22d5e0-768x431.jpg 768w, https:\/\/elmetropolitano.com.gt\/es\/wp-content\/uploads\/2025\/09\/b56f6382-819b-405b-a171-a2115c22d5e0-1536x861.jpg 1536w, https:\/\/elmetropolitano.com.gt\/es\/wp-content\/uploads\/2025\/09\/b56f6382-819b-405b-a171-a2115c22d5e0.jpg 1600w\" sizes=\"auto, (max-width: 1024px) 100vw, 1024px\" \/><\/figure>\n\n\n\n<figure class=\"wp-block-image size-large\"><img loading=\"lazy\" decoding=\"async\" width=\"1024\" height=\"576\" data-id=\"110872\" src=\"https:\/\/elmetropolitano.com.gt\/es\/wp-content\/uploads\/2025\/09\/c9ad30b1-4ddb-41b5-a97e-aab9f0e4602c-1024x576.jpg\" alt=\"\" class=\"wp-image-110872\" srcset=\"https:\/\/elmetropolitano.com.gt\/es\/wp-content\/uploads\/2025\/09\/c9ad30b1-4ddb-41b5-a97e-aab9f0e4602c-1024x576.jpg 1024w, https:\/\/elmetropolitano.com.gt\/es\/wp-content\/uploads\/2025\/09\/c9ad30b1-4ddb-41b5-a97e-aab9f0e4602c-300x169.jpg 300w, https:\/\/elmetropolitano.com.gt\/es\/wp-content\/uploads\/2025\/09\/c9ad30b1-4ddb-41b5-a97e-aab9f0e4602c-768x432.jpg 768w, https:\/\/elmetropolitano.com.gt\/es\/wp-content\/uploads\/2025\/09\/c9ad30b1-4ddb-41b5-a97e-aab9f0e4602c-1536x864.jpg 1536w, https:\/\/elmetropolitano.com.gt\/es\/wp-content\/uploads\/2025\/09\/c9ad30b1-4ddb-41b5-a97e-aab9f0e4602c.jpg 1600w\" sizes=\"auto, (max-width: 1024px) 100vw, 1024px\" \/><\/figure>\n\n\n\n<figure class=\"wp-block-image size-large\"><img loading=\"lazy\" decoding=\"async\" width=\"1024\" height=\"576\" data-id=\"110871\" src=\"https:\/\/elmetropolitano.com.gt\/es\/wp-content\/uploads\/2025\/09\/f82845c9-ab5e-40be-9a55-b4c6b0f6dd4f-1024x576.jpg\" alt=\"\" class=\"wp-image-110871\" srcset=\"https:\/\/elmetropolitano.com.gt\/es\/wp-content\/uploads\/2025\/09\/f82845c9-ab5e-40be-9a55-b4c6b0f6dd4f-1024x576.jpg 1024w, https:\/\/elmetropolitano.com.gt\/es\/wp-content\/uploads\/2025\/09\/f82845c9-ab5e-40be-9a55-b4c6b0f6dd4f-300x169.jpg 300w, https:\/\/elmetropolitano.com.gt\/es\/wp-content\/uploads\/2025\/09\/f82845c9-ab5e-40be-9a55-b4c6b0f6dd4f-768x432.jpg 768w, https:\/\/elmetropolitano.com.gt\/es\/wp-content\/uploads\/2025\/09\/f82845c9-ab5e-40be-9a55-b4c6b0f6dd4f-1536x864.jpg 1536w, https:\/\/elmetropolitano.com.gt\/es\/wp-content\/uploads\/2025\/09\/f82845c9-ab5e-40be-9a55-b4c6b0f6dd4f.jpg 1600w\" sizes=\"auto, (max-width: 1024px) 100vw, 1024px\" \/><\/figure>\n<\/figure>\n","protected":false},"excerpt":{"rendered":"<p>Al ritmo de las notas de la marimba iniciaron las celebraciones de los 204 a\u00f1os de independencia en el departamento de Zacapa, como un s\u00edmbolo de unidad, libertad y soberan\u00eda. En la actividad estuvieron presentes los alcaldes de los municipios zacapanecos, representantes de las instituciones de gobierno central, el diputado departamental, integrantes de las marimbas <a class=\"read-more\" href=\"https:\/\/elmetropolitano.com.gt\/es\/zacapa-se-une-a-las-actividades-para-conmemorar-los-204-anos-de-independencia-patria\/\">Leer m\u00e1s<\/a><\/p>\n","protected":false},"author":1,"featured_media":110867,"comment_status":"open","ping_status":"closed","sticky":false,"template":"","format":"standard","meta":{"footnotes":""},"categories":[4],"tags":[13],"class_list":["post-110866","post","type-post","status-publish","format-standard","has-post-thumbnail","hentry","category-departamentales","tag-departamentales"],"_links":{"self":[{"href":"https:\/\/elmetropolitano.com.gt\/es\/wp-json\/wp\/v2\/posts\/110866","targetHints":{"allow":["GET"]}}],"collection":[{"href":"https:\/\/elmetropolitano.com.gt\/es\/wp-json\/wp\/v2\/posts"}],"about":[{"href":"https:\/\/elmetropolitano.com.gt\/es\/wp-json\/wp\/v2\/types\/post"}],"author":[{"embeddable":true,"href":"https:\/\/elmetropolitano.com.gt\/es\/wp-json\/wp\/v2\/users\/1"}],"replies":[{"embeddable":true,"href":"https:\/\/elmetropolitano.com.gt\/es\/wp-json\/wp\/v2\/comments?post=110866"}],"version-history":[{"count":1,"href":"https:\/\/elmetropolitano.com.gt\/es\/wp-json\/wp\/v2\/posts\/110866\/revisions"}],"predecessor-version":[{"id":110874,"href":"https:\/\/elmetropolitano.com.gt\/es\/wp-json\/wp\/v2\/posts\/110866\/revisions\/110874"}],"wp:featuredmedia":[{"embeddable":true,"href":"https:\/\/elmetropolitano.com.gt\/es\/wp-json\/wp\/v2\/media\/110867"}],"wp:attachment":[{"href":"https:\/\/elmetropolitano.com.gt\/es\/wp-json\/wp\/v2\/media?parent=110866"}],"wp:term":[{"taxonomy":"category","embeddable":true,"href":"https:\/\/elmetropolitano.com.gt\/es\/wp-json\/wp\/v2\/categories?post=110866"},{"taxonomy":"post_tag","embeddable":true,"href":"https:\/\/elmetropolitano.com.gt\/es\/wp-json\/wp\/v2\/tags?post=110866"}],"curies":[{"name":"wp","href":"https:\/\/api.w.org\/{rel}","templated":true}]}}