{"id":110875,"date":"2025-09-02T11:08:33","date_gmt":"2025-09-02T17:08:33","guid":{"rendered":"https:\/\/elmetropolitano.com.gt\/es\/?p=110875"},"modified":"2025-09-02T11:08:34","modified_gmt":"2025-09-02T17:08:34","slug":"presidente-inicia-gira-de-trabajo-a-tu-tierra-en-el-departamento-de-santa-rosa","status":"publish","type":"post","link":"https:\/\/elmetropolitano.com.gt\/es\/presidente-inicia-gira-de-trabajo-a-tu-tierra-en-el-departamento-de-santa-rosa\/","title":{"rendered":"Presidente inicia gira de trabajo \u201cA Tu Tierra\u00bb en el departamento de Santa Rosa"},"content":{"rendered":"\n<p>El presidente Bernardo Ar\u00e9valo inici\u00f3 este martes una gira de trabajo denominada \u201cA Tu Tierra\u201d, en el municipio de Cuilapa, Santa Rosa, para trabajar en conjunto con los gobiernos locales.<\/p>\n\n\n\n<p>&nbsp;Por medio de sus redes oficiales, el mandatario se\u00f1al\u00f3:<\/p><div class=\"elmet-contenido\" id=\"elmet-4213172725\"><div class=\"elmet-adlabel\">Anuncios<\/div><div style=\"margin-top: 20px;margin-right: 20px;margin-bottom: 20px;margin-left: 20px;\" id=\"elmet-1367476803\"><a href=\"https:\/\/www.facebook.com\/arrincuanantigua\/\" aria-label=\"cintillo-arrin-cual\"><img loading=\"lazy\" decoding=\"async\" src=\"https:\/\/elmetropolitano.com.gt\/es\/wp-content\/uploads\/2021\/11\/cintillo-arrin-cual-1.jpg\" alt=\"\"  srcset=\"https:\/\/elmetropolitano.com.gt\/es\/wp-content\/uploads\/2021\/11\/cintillo-arrin-cual-1.jpg 750w, https:\/\/elmetropolitano.com.gt\/es\/wp-content\/uploads\/2021\/11\/cintillo-arrin-cual-1-300x36.jpg 300w, https:\/\/elmetropolitano.com.gt\/es\/wp-content\/uploads\/2021\/11\/cintillo-arrin-cual-1-600x72.jpg 600w\" sizes=\"(max-width: 750px) 100vw, 750px\" width=\"750\" height=\"90\"   \/><\/a><\/div><\/div>\n\n\n\n<p>A Cuilapa venimos en una gira de trabajo por todos los departamentos, ya la ruta para el establecimiento de los gobiernos departamentales.<\/p>\n\n\n\n<p>El gobernante destac\u00f3 que este martes empiezan con jornadas de trabajo con gobiernos departamentales, autoridades locales y sociedad civil.<\/p>\n\n\n\n<p>Centro de las Am\u00e9ricas<\/p>\n\n\n\n<p>La gira \u201cA Tu Tierra\u201d comienza en Santa Rosa, el centro de Las Am\u00e9ricas, la tierra del buen caf\u00e9, del buen arroz, de lagunas y de cataratas.<\/p>\n\n\n\n<p>Santa Rosa tiene un gobierno que escucha para que haya m\u00e1s caminos y oportunidades que la conecten con salud, crecimiento y turismo.<\/p>\n\n\n\n<p>Este departamento se encuentra en la regi\u00f3n IV o Sur de Guatemala, su cabecera departamental es Cuilapa (conocido como el ombligo de Am\u00e9rica por encontrarse en el centro del continente), afirm\u00f3 el mandatario.<\/p>\n\n\n\n<p>Santa Rosa limita al norte con los departamentos de Guatemala y Jalapa; al sur con el Oc\u00e9ano Pac\u00edfico; al este con el departamento de Jutiapa; y al oeste con el departamento de Escuintla.<\/p>\n\n\n\n<p>Cuenta con un clima y vegetaci\u00f3n que var\u00eda desde el fr\u00edo en las monta\u00f1as con bosques de pino, seco \u00e1rido en municipios del norte con bosques xer\u00f3filos y chaparral espinoso, hasta el c\u00e1lido -seco en la costa del Pac\u00edfico- con bosques propios del tr\u00f3pico.<\/p>\n\n\n\n<p>Cultura y tradici\u00f3n<\/p>\n\n\n\n<p>Existe mucha producci\u00f3n artesanal en Santa Rosa que incluye el trabajo en jarcia, talabarter\u00eda, madera, cerer\u00eda, cester\u00eda, utensilios para la pesca como la atarraya e instrumentos musicales.<\/p>\n\n\n\n<p>En cada municipio o aldea se celebra su fiesta religiosa, con fuerte influencia hispana, se realizan jaripeos, corridas de cintas y de gallos, amenizadas por lo general con m\u00fasica.<\/p>\n\n\n\n<p>La fiesta ganadera se encuentra expandida por toda la costa sur y dem\u00e1s regiones ganaderas. Santa Rosa tambi\u00e9n es un variado conjunto de destinos ecotur\u00edsticos.<\/p>\n\n\n\n<p>Texto Brenda Larios<\/p>\n\n\n\n<p>#fiestapatria #metroredes #zacapa&nbsp; #metroredes&nbsp; <a href=\"http:\/\/www.elmetropolitano.com.gt\">www.elmetropolitano.com.gt<\/a>&nbsp; <a href=\"http:\/\/www.metroredes.com\">www.metroredes.com<\/a><\/p>\n","protected":false},"excerpt":{"rendered":"<p>El presidente Bernardo Ar\u00e9valo inici\u00f3 este martes una gira de trabajo denominada \u201cA Tu Tierra\u201d, en el municipio de Cuilapa, Santa Rosa, para trabajar en conjunto con los gobiernos locales. &nbsp;Por medio de sus redes oficiales, el mandatario se\u00f1al\u00f3: A Cuilapa venimos en una gira de trabajo por todos los departamentos, ya la ruta para <a class=\"read-more\" href=\"https:\/\/elmetropolitano.com.gt\/es\/presidente-inicia-gira-de-trabajo-a-tu-tierra-en-el-departamento-de-santa-rosa\/\">Leer m\u00e1s<\/a><\/p>\n","protected":false},"author":1,"featured_media":110876,"comment_status":"open","ping_status":"closed","sticky":false,"template":"","format":"standard","meta":{"footnotes":""},"categories":[4],"tags":[13],"class_list":["post-110875","post","type-post","status-publish","format-standard","has-post-thumbnail","hentry","category-departamentales","tag-departamentales"],"_links":{"self":[{"href":"https:\/\/elmetropolitano.com.gt\/es\/wp-json\/wp\/v2\/posts\/110875","targetHints":{"allow":["GET"]}}],"collection":[{"href":"https:\/\/elmetropolitano.com.gt\/es\/wp-json\/wp\/v2\/posts"}],"about":[{"href":"https:\/\/elmetropolitano.com.gt\/es\/wp-json\/wp\/v2\/types\/post"}],"author":[{"embeddable":true,"href":"https:\/\/elmetropolitano.com.gt\/es\/wp-json\/wp\/v2\/users\/1"}],"replies":[{"embeddable":true,"href":"https:\/\/elmetropolitano.com.gt\/es\/wp-json\/wp\/v2\/comments?post=110875"}],"version-history":[{"count":1,"href":"https:\/\/elmetropolitano.com.gt\/es\/wp-json\/wp\/v2\/posts\/110875\/revisions"}],"predecessor-version":[{"id":110877,"href":"https:\/\/elmetropolitano.com.gt\/es\/wp-json\/wp\/v2\/posts\/110875\/revisions\/110877"}],"wp:featuredmedia":[{"embeddable":true,"href":"https:\/\/elmetropolitano.com.gt\/es\/wp-json\/wp\/v2\/media\/110876"}],"wp:attachment":[{"href":"https:\/\/elmetropolitano.com.gt\/es\/wp-json\/wp\/v2\/media?parent=110875"}],"wp:term":[{"taxonomy":"category","embeddable":true,"href":"https:\/\/elmetropolitano.com.gt\/es\/wp-json\/wp\/v2\/categories?post=110875"},{"taxonomy":"post_tag","embeddable":true,"href":"https:\/\/elmetropolitano.com.gt\/es\/wp-json\/wp\/v2\/tags?post=110875"}],"curies":[{"name":"wp","href":"https:\/\/api.w.org\/{rel}","templated":true}]}}