{"id":110920,"date":"2025-09-03T09:57:36","date_gmt":"2025-09-03T15:57:36","guid":{"rendered":"https:\/\/elmetropolitano.com.gt\/es\/?p=110920"},"modified":"2025-09-03T09:57:37","modified_gmt":"2025-09-03T15:57:37","slug":"infom-y-marn-respaldaran-a-municipalidades-en-manejo-de-desechos-tras-fallo-de-la-cc","status":"publish","type":"post","link":"https:\/\/elmetropolitano.com.gt\/es\/infom-y-marn-respaldaran-a-municipalidades-en-manejo-de-desechos-tras-fallo-de-la-cc\/","title":{"rendered":"Infom y MARN respaldar\u00e1n a municipalidades en manejo de desechos tras fallo de la CC"},"content":{"rendered":"\n<p><a><\/a>Durante un di\u00e1logo con distintos sectores sociales en el Instituto Nacional Experimental con Educaci\u00f3n B\u00e1sica Ocupacional Dr. Juan Jos\u00e9 Ar\u00e9valo Bermejo, en Cuilapa, Santa Rosa, el presidente Bernardo Ar\u00e9valo se refiri\u00f3 a los problemas de contaminaci\u00f3n que afectan a varias comunidades, en esta ocasi\u00f3n, la poblaci\u00f3n xinca de Casillas.<\/p>\n\n\n\n<p>J\u00f3venes cient\u00edficos comunitarios expusieron la dif\u00edcil situaci\u00f3n que enfrentan por la contaminaci\u00f3n de r\u00edos, el deficiente manejo de desechos y la inoperancia de plantas de tratamiento de aguas residuales.<\/p><div class=\"elmet-contenido\" id=\"elmet-1467162208\"><div class=\"elmet-adlabel\">Anuncios<\/div><div style=\"margin-top: 20px;margin-right: 20px;margin-bottom: 20px;margin-left: 20px;\" id=\"elmet-1156391299\"><a href=\"https:\/\/www.facebook.com\/arrincuanantigua\/\" aria-label=\"cintillo-arrin-cual\"><img loading=\"lazy\" decoding=\"async\" src=\"https:\/\/elmetropolitano.com.gt\/es\/wp-content\/uploads\/2021\/11\/cintillo-arrin-cual-1.jpg\" alt=\"\"  srcset=\"https:\/\/elmetropolitano.com.gt\/es\/wp-content\/uploads\/2021\/11\/cintillo-arrin-cual-1.jpg 750w, https:\/\/elmetropolitano.com.gt\/es\/wp-content\/uploads\/2021\/11\/cintillo-arrin-cual-1-300x36.jpg 300w, https:\/\/elmetropolitano.com.gt\/es\/wp-content\/uploads\/2021\/11\/cintillo-arrin-cual-1-600x72.jpg 600w\" sizes=\"(max-width: 750px) 100vw, 750px\" width=\"750\" height=\"90\"   \/><\/a><\/div><\/div>\n\n\n\n<p>Denunciaron que las plantas de tratamiento no cumplen con su funci\u00f3n, pese a los reportes y quejas presentadas ante el Ministerio de Ambiente y Recursos Naturales (MARN). La comunidad pidi\u00f3 al mandatario una respuesta concreta sobre c\u00f3mo se fortalecer\u00e1 la presencia de las instituciones ambientales para atender la crisis.<\/p>\n\n\n\n<p>En respuesta, el Presidente subray\u00f3 que la contaminaci\u00f3n de aguas y la falta de manejo adecuado de desechos s\u00f3lidos y l\u00edquidos no es un problema exclusivo de Santa Rosa, sino un desaf\u00edo de car\u00e1cter nacional.<\/p>\n\n\n\n<p>Record\u00f3 que la Constituci\u00f3n previ\u00f3 la creaci\u00f3n de una ley de aguas que nunca se concret\u00f3, lo que ha dejado al pa\u00eds en una situaci\u00f3n de vulnerabilidad frente a sequ\u00edas, inundaciones y contaminaci\u00f3n.<\/p>\n\n\n\n<p>El mandatario indic\u00f3 que actualmente se desarrolla un proceso de di\u00e1logo con autoridades ancestrales, municipalidades y sector privado para sentar las bases de una legislaci\u00f3n que permita dar una soluci\u00f3n integral.<\/p>\n\n\n\n<p>Obst\u00e1culos tras fallo de la CC<\/p>\n\n\n\n<p>El mandatario explic\u00f3 que el MARN impuls\u00f3 un reglamento para la separaci\u00f3n de desechos s\u00f3lidos, clave para mejorar el tratamiento de la basura y reducir la contaminaci\u00f3n de los r\u00edos. Sin embargo, la Corte de Constitucionalidad (CC) suspendi\u00f3 su aplicaci\u00f3n tras la oposici\u00f3n de varios alcaldes, lo que impide poner en marcha esta normativa.<\/p>\n\n\n\n<p>Gran parte de la contaminaci\u00f3n del agua proviene de la falta de tratamiento de los desechos s\u00f3lidos que terminan en botaderos clandestinos y arrastrados por los r\u00edos hacia las cuencas.<\/p>\n\n\n\n<p>Cambio de estrategia<\/p>\n\n\n\n<p>Ante las limitaciones t\u00e9cnicas y financieras de muchas comunas, el Ejecutivo anunci\u00f3 una estrategia conjunta entre el Instituto Nacional de Fomento Municipal y el MARN para acompa\u00f1ar a los gobiernos locales en el manejo de desechos y el saneamiento ambiental. Esta alianza permitir\u00e1 canalizar asistencia t\u00e9cnica y recursos, incluso con el respaldo de organismos internacionales, para mejorar la capacidad de respuesta en los municipios.<\/p>\n\n\n\n<p>El Presidente detall\u00f3 que uno de los proyectos m\u00e1s ambiciosos ser\u00e1 la construcci\u00f3n de la planta de tratamiento de aguas m\u00e1s grande del pa\u00eds en el sur de la capital, con financiamiento externo, cuyo objetivo principal es reducir la contaminaci\u00f3n del r\u00edo Motagua.<\/p>\n\n\n\n<p>Denuncias y sanciones en Santa Rosa<\/p>\n\n\n\n<p>El MARN, seg\u00fan datos oficiales, recibi\u00f3 unas 80 denuncias en los \u00faltimos 18 meses en Santa Rosa, relacionadas con contaminaci\u00f3n y mal manejo de residuos. Como resultado, se llevaron a cabo 74 inspecciones que derivaron en 53 sanciones y multas a los responsables de los incumplimientos.<\/p>\n\n\n\n<p>Asimismo, un programa especial con drones permiti\u00f3 identificar alrededor de 2 mil botaderos ilegales en todo el pa\u00eds, 43 de ellos localizados en dicho departamento. Estos hallazgos fueron trasladados a las municipalidades para que procedan al cierre de los vertederos.<\/p>\n\n\n\n<p>Ar\u00e9valo enfatiz\u00f3 que el tratamiento de aguas y la gesti\u00f3n de basura son competencias municipales, mientras que al Gobierno central le corresponde la regulaci\u00f3n y supervisi\u00f3n. No obstante, se\u00f1al\u00f3 que la situaci\u00f3n actual requiere ir m\u00e1s all\u00e1 de lo establecido y fortalecer la cooperaci\u00f3n entre ambos niveles de gobierno.<\/p>\n\n\n\n<p>\u201cEl reto no puede enfrentarse solo desde lo local ni \u00fanicamente desde el Ejecutivo. Se necesita coordinaci\u00f3n y apoyo t\u00e9cnico y financiero para dar una respuesta real a la poblaci\u00f3n\u201d dijo finalmente el<\/p>\n\n\n\n<p>Mandatario Ar\u00e9valo<\/p>\n\n\n\n<p>Texto: Lincy Rodr\u00edguez<\/p>\n\n\n\n<p><a href=\"https:\/\/www.facebook.com\/hashtag\/santarosa?__eep__=6&amp;__cft__[0]=AZVRBIL8YBYSuR253A0srki3Va8T1nXmIalvI3Ke7Z-saaYAJuTeNOhHk-YhqrL21gh0DMyaKR1A8f6LLWAVIpre3pEAHm1EZE-F27BCqNUQ92lxQBSSbh__8-ypIf1gkOFbEJueAkdLU3x1aF43oKIDtScos94rB0Oh1f1LpG1sWWtmDe1CC-PCS15gohyef8Q&amp;__tn__=*NK-R\">#Santarosa<\/a><a href=\"https:\/\/www.facebook.com\/hashtag\/medioambiente?__eep__=6&amp;__cft__[0]=AZVRBIL8YBYSuR253A0srki3Va8T1nXmIalvI3Ke7Z-saaYAJuTeNOhHk-YhqrL21gh0DMyaKR1A8f6LLWAVIpre3pEAHm1EZE-F27BCqNUQ92lxQBSSbh__8-ypIf1gkOFbEJueAkdLU3x1aF43oKIDtScos94rB0Oh1f1LpG1sWWtmDe1CC-PCS15gohyef8Q&amp;__tn__=*NK-R\">#MedioAmbiente<\/a><a href=\"https:\/\/www.facebook.com\/hashtag\/metroredes?__eep__=6&amp;__cft__[0]=AZVRBIL8YBYSuR253A0srki3Va8T1nXmIalvI3Ke7Z-saaYAJuTeNOhHk-YhqrL21gh0DMyaKR1A8f6LLWAVIpre3pEAHm1EZE-F27BCqNUQ92lxQBSSbh__8-ypIf1gkOFbEJueAkdLU3x1aF43oKIDtScos94rB0Oh1f1LpG1sWWtmDe1CC-PCS15gohyef8Q&amp;__tn__=*NK-R\">#metroredes<\/a><a href=\"https:\/\/www.facebook.com\/hashtag\/atutierra?__eep__=6&amp;__cft__[0]=AZVRBIL8YBYSuR253A0srki3Va8T1nXmIalvI3Ke7Z-saaYAJuTeNOhHk-YhqrL21gh0DMyaKR1A8f6LLWAVIpre3pEAHm1EZE-F27BCqNUQ92lxQBSSbh__8-ypIf1gkOFbEJueAkdLU3x1aF43oKIDtScos94rB0Oh1f1LpG1sWWtmDe1CC-PCS15gohyef8Q&amp;__tn__=*NK-R\">#Atutierra<\/a><\/p>\n","protected":false},"excerpt":{"rendered":"<p>Durante un di\u00e1logo con distintos sectores sociales en el Instituto Nacional Experimental con Educaci\u00f3n B\u00e1sica Ocupacional Dr. Juan Jos\u00e9 Ar\u00e9valo Bermejo, en Cuilapa, Santa Rosa, el presidente Bernardo Ar\u00e9valo se refiri\u00f3 a los problemas de contaminaci\u00f3n que afectan a varias comunidades, en esta ocasi\u00f3n, la poblaci\u00f3n xinca de Casillas. J\u00f3venes cient\u00edficos comunitarios expusieron la dif\u00edcil <a class=\"read-more\" href=\"https:\/\/elmetropolitano.com.gt\/es\/infom-y-marn-respaldaran-a-municipalidades-en-manejo-de-desechos-tras-fallo-de-la-cc\/\">Leer m\u00e1s<\/a><\/p>\n","protected":false},"author":1,"featured_media":110921,"comment_status":"open","ping_status":"closed","sticky":false,"template":"","format":"standard","meta":{"footnotes":""},"categories":[2],"tags":[12],"class_list":["post-110920","post","type-post","status-publish","format-standard","has-post-thumbnail","hentry","category-nacionales","tag-nacionales"],"_links":{"self":[{"href":"https:\/\/elmetropolitano.com.gt\/es\/wp-json\/wp\/v2\/posts\/110920","targetHints":{"allow":["GET"]}}],"collection":[{"href":"https:\/\/elmetropolitano.com.gt\/es\/wp-json\/wp\/v2\/posts"}],"about":[{"href":"https:\/\/elmetropolitano.com.gt\/es\/wp-json\/wp\/v2\/types\/post"}],"author":[{"embeddable":true,"href":"https:\/\/elmetropolitano.com.gt\/es\/wp-json\/wp\/v2\/users\/1"}],"replies":[{"embeddable":true,"href":"https:\/\/elmetropolitano.com.gt\/es\/wp-json\/wp\/v2\/comments?post=110920"}],"version-history":[{"count":1,"href":"https:\/\/elmetropolitano.com.gt\/es\/wp-json\/wp\/v2\/posts\/110920\/revisions"}],"predecessor-version":[{"id":110922,"href":"https:\/\/elmetropolitano.com.gt\/es\/wp-json\/wp\/v2\/posts\/110920\/revisions\/110922"}],"wp:featuredmedia":[{"embeddable":true,"href":"https:\/\/elmetropolitano.com.gt\/es\/wp-json\/wp\/v2\/media\/110921"}],"wp:attachment":[{"href":"https:\/\/elmetropolitano.com.gt\/es\/wp-json\/wp\/v2\/media?parent=110920"}],"wp:term":[{"taxonomy":"category","embeddable":true,"href":"https:\/\/elmetropolitano.com.gt\/es\/wp-json\/wp\/v2\/categories?post=110920"},{"taxonomy":"post_tag","embeddable":true,"href":"https:\/\/elmetropolitano.com.gt\/es\/wp-json\/wp\/v2\/tags?post=110920"}],"curies":[{"name":"wp","href":"https:\/\/api.w.org\/{rel}","templated":true}]}}