{"id":110933,"date":"2025-09-03T10:01:56","date_gmt":"2025-09-03T16:01:56","guid":{"rendered":"https:\/\/elmetropolitano.com.gt\/es\/?p=110933"},"modified":"2025-09-03T10:01:57","modified_gmt":"2025-09-03T16:01:57","slug":"presidente-bernardo-arevalo-dialoga-con-la-juventud-de-santa-rosa","status":"publish","type":"post","link":"https:\/\/elmetropolitano.com.gt\/es\/presidente-bernardo-arevalo-dialoga-con-la-juventud-de-santa-rosa\/","title":{"rendered":"Presidente Bernardo Ar\u00e9valo dialoga con la juventud de Santa Rosa"},"content":{"rendered":"\n<p><a><\/a>El presidente Bernardo Ar\u00e9valo lider\u00f3, este martes, un di\u00e1logo con la juventud de Santa Rosa, como parte de una gira de trabajo que realiza en el municipio de Cuilapa, en el referido departamento.<\/p>\n\n\n\n<p>\u201cSanta Rosa es el primer departamento donde estamos implementado una iniciativa que se llama Gobierno Departamental.<\/p><div class=\"elmet-contenido\" id=\"elmet-1611265102\"><div class=\"elmet-adlabel\">Anuncios<\/div><div style=\"margin-top: 20px;margin-right: 20px;margin-bottom: 20px;margin-left: 20px;\" id=\"elmet-940606481\"><a href=\"https:\/\/www.facebook.com\/arrincuanantigua\/\" aria-label=\"cintillo-arrin-cual\"><img loading=\"lazy\" decoding=\"async\" src=\"https:\/\/elmetropolitano.com.gt\/es\/wp-content\/uploads\/2021\/11\/cintillo-arrin-cual-1.jpg\" alt=\"\"  srcset=\"https:\/\/elmetropolitano.com.gt\/es\/wp-content\/uploads\/2021\/11\/cintillo-arrin-cual-1.jpg 750w, https:\/\/elmetropolitano.com.gt\/es\/wp-content\/uploads\/2021\/11\/cintillo-arrin-cual-1-300x36.jpg 300w, https:\/\/elmetropolitano.com.gt\/es\/wp-content\/uploads\/2021\/11\/cintillo-arrin-cual-1-600x72.jpg 600w\" sizes=\"(max-width: 750px) 100vw, 750px\" width=\"750\" height=\"90\"   \/><\/a><\/div><\/div>\n\n\n\n<p>Destac\u00f3 que este es un esfuerzo para lograr que las instituciones de Gobierno que est\u00e1n delegadas en cada uno de los departamentos funcionen de una manera coordinada y armonizada para lograr complementarse en la b\u00fasqueda del desarrollo y en la implementaci\u00f3n de planes a nivel local\u201d indic\u00f3 el Presidente Ar\u00e9valo al<\/p>\n\n\n\n<p>Iniciar su conversatorio Gobierno Departamental<\/p>\n\n\n\n<p>El gobernante destac\u00f3 que Santa Rosa es el piloto de esta gira departamental llamada A Tu Tierra, que incluye una serie de reuniones con los diferentes sectores del departamento.<\/p>\n\n\n\n<p>(Estuve) toda la ma\u00f1ana trabajando con los delegados de ministerios y secretar\u00edas. Adem\u00e1s, nos reunimos con los alcaldes del departamento para continuar con la conversaci\u00f3n para poder dialogar de la forma que podemos colaborar para hacer m\u00e1s eficiente el desarrollo del territorio.<\/p>\n\n\n\n<p>El jefe del Ejecutivo destac\u00f3 que al trabajar unidos el Ejecutivo y los gobiernos locales, se pueden impulsar los fondos necesarios para beneficio de la poblaci\u00f3n guatemalteca.indico<\/p>\n\n\n\n<p>Vamos a recorrer los 22 departamentos del pa\u00eds para poder tener, en cada uno, las reuniones con los representantes del Ejecutivo, los alcaldes y la sociedad que estamos haciendo ahora, como lo estamos haciendo ahora con los j\u00f3venes.<\/p>\n\n\n\n<p>Resalt\u00f3 que estas acciones conjuntas logran avances como el remozamiento de los centros educativos, de Salud, y desarrollo.<\/p>\n\n\n\n<p>Becas por Nuestro Futuro<\/p>\n\n\n\n<p>Durante el di\u00e1logo con los j\u00f3venes en el Instituto Nacional Experimental con Educaci\u00f3n B\u00e1sica Ocupacional Dr. Juan Jos\u00e9 Ar\u00e9valo Bermejo, de Cuilapa, Santa Rosa, el mandatario hizo la invitaci\u00f3n a participar en el programa Becas por Nuestro Futuro.<\/p>\n\n\n\n<p>La invitaci\u00f3n es para que participen en el programa Becas por Nuestro Futuro, que tiene deseos de apoyar a los j\u00f3venes para que contin\u00faen prepar\u00e1ndose con sus estudios a nivel universitario, licenciatura, maestr\u00edas y doctorados.<\/p>\n\n\n\n<p>El gobernante apunt\u00f3 a que, aunque acaba de cerrar la segunda convocatoria de este a\u00f1o, a\u00fan hay una tercera para aplicar a estas becas en noviembre del presente a\u00f1o.<\/p>\n\n\n\n<p>Desarrollo y abordaje de problemas<\/p>\n\n\n\n<p>Otro de los temas en el di\u00e1logo con los j\u00f3venes fueron los trabajos que se realizan en el Canal de Chiquimulilla, especialmente en la zona de El Jiote. Tales tareas se centran en proyectos de restauraci\u00f3n y conservaci\u00f3n de ecosistemas de manglar, como los impulsados por el Consejo Nacional de \u00c1reas Protegidas en colaboraci\u00f3n con otras instituciones para recuperar \u00e1reas degradadas en la aldea Barra El Jiote.<\/p>\n\n\n\n<p>En este sentido, el jefe del Ejecutivo destac\u00f3 que \u201cestamos incluyendo para el otro a\u00f1o una asignaci\u00f3n de 47.5 millones de quetzales para el establecimiento de una bocabarra en el lugar\u201d<\/p>\n\n\n\n<p>Estos esfuerzos buscan contrarrestar la contaminaci\u00f3n y proteger la biodiversidad de la zona, que incluye especies de aves, reptiles y vida vegetal.<\/p>\n\n\n\n<p>Entre las preguntas, el Presidente fue consultado sobre la instalaci\u00f3n de los centros de Apoyo Integral para Mujeres Sobrevivientes de Violencia (Caimus) en Santa Rosa.<\/p>\n\n\n\n<p>Este es un tema muy importante en todo el pa\u00eds, en la prevenci\u00f3n de la violencia es muy importante, y poder aumentar los fondos de los Caimus, que los construyen con fondos de los consejos de desarrollo y vamos a trabajar por ello.<\/p>\n\n\n\n<p>Adem\u00e1s, el mandatario subray\u00f3 que otro de los programas para impulsar el desarrollo de las comunidades es a trav\u00e9s del apoyo a los agricultores con el Cr\u00e9dito Tob\u2019anik.<\/p>\n\n\n\n<p>En este sentido, destac\u00f3 que este programa ha beneficiado a cuatro cooperativas con el fin de apoyar en la producci\u00f3n agr\u00edcola de peque\u00f1os y medianos productores del pa\u00eds.<\/p>\n\n\n\n<p>Educaci\u00f3n y desarrollo<\/p>\n\n\n\n<p>El presidente Ar\u00e9valo tambi\u00e9n abord\u00f3 el tema de educaci\u00f3n, en el cual dijo que su gobierno busca construir 10 institutos tecnol\u00f3gicos que buscan brindar educaci\u00f3n practica en las diferentes regiones del pa\u00eds.<\/p>\n\n\n\n<p>Estos van a recibir a 500 alumnos cada a\u00f1o, tendr\u00e1n los mejores maestros, para rescatar la idea de las escuelas tipo federaci\u00f3n.<\/p>\n\n\n\n<p>Uno de estos institutos ser\u00e1 construido en el municipio de Cuilapa, para apoyar a los estudiantes de Santa Rosa.<\/p>\n\n\n\n<p>Otra de las preguntas fue el apoyo en la infraestructura de la red vial del pa\u00eds, a lo que el Presidente mencion\u00f3 que este gobierno tuvo que retomar proyectos olvidados en a\u00f1os anteriores.<\/p>\n\n\n\n<p>Texto: Brenda Larios<\/p>\n\n\n\n<p><a href=\"https:\/\/www.facebook.com\/hashtag\/santarosa?__eep__=6&amp;__cft__[0]=AZWddZL3yK4cvDo1Ki4Oyx_seV0bNlnLih8YB0nPsPLbO8NBTyp2eb10oPCKFyb9PkbI-g993xt_AdCWr-IXPw7utGKtzB5x7N43COW9kTzQj7vTs8sp18qNneaKIR4xGq1qnmKAdPDsv3X24f2MdMgvedQ1UhC_oWvHNILhrFc1XDJM8mJbCkOYtUKdFk6Ox9w&amp;__tn__=*NK-R\">#SantaRosa<\/a><a href=\"https:\/\/www.facebook.com\/hashtag\/atutierra?__eep__=6&amp;__cft__[0]=AZWddZL3yK4cvDo1Ki4Oyx_seV0bNlnLih8YB0nPsPLbO8NBTyp2eb10oPCKFyb9PkbI-g993xt_AdCWr-IXPw7utGKtzB5x7N43COW9kTzQj7vTs8sp18qNneaKIR4xGq1qnmKAdPDsv3X24f2MdMgvedQ1UhC_oWvHNILhrFc1XDJM8mJbCkOYtUKdFk6Ox9w&amp;__tn__=*NK-R\">#ATuTierra<\/a><a href=\"https:\/\/www.facebook.com\/hashtag\/metroredes?__eep__=6&amp;__cft__[0]=AZWddZL3yK4cvDo1Ki4Oyx_seV0bNlnLih8YB0nPsPLbO8NBTyp2eb10oPCKFyb9PkbI-g993xt_AdCWr-IXPw7utGKtzB5x7N43COW9kTzQj7vTs8sp18qNneaKIR4xGq1qnmKAdPDsv3X24f2MdMgvedQ1UhC_oWvHNILhrFc1XDJM8mJbCkOYtUKdFk6Ox9w&amp;__tn__=*NK-R\">#metroredes<\/a><\/p>\n\n\n\n<figure class=\"wp-block-gallery has-nested-images columns-default is-cropped wp-block-gallery-1 is-layout-flex wp-block-gallery-is-layout-flex\">\n<figure class=\"wp-block-image size-large\"><img loading=\"lazy\" decoding=\"async\" width=\"1024\" height=\"683\" data-id=\"110937\" src=\"https:\/\/elmetropolitano.com.gt\/es\/wp-content\/uploads\/2025\/09\/540451863_1316882250437855_2934669547657446473_n-1-1024x683.jpg\" alt=\"\" class=\"wp-image-110937\" srcset=\"https:\/\/elmetropolitano.com.gt\/es\/wp-content\/uploads\/2025\/09\/540451863_1316882250437855_2934669547657446473_n-1-1024x683.jpg 1024w, https:\/\/elmetropolitano.com.gt\/es\/wp-content\/uploads\/2025\/09\/540451863_1316882250437855_2934669547657446473_n-1-300x200.jpg 300w, https:\/\/elmetropolitano.com.gt\/es\/wp-content\/uploads\/2025\/09\/540451863_1316882250437855_2934669547657446473_n-1-768x512.jpg 768w, https:\/\/elmetropolitano.com.gt\/es\/wp-content\/uploads\/2025\/09\/540451863_1316882250437855_2934669547657446473_n-1.jpg 1500w\" sizes=\"auto, (max-width: 1024px) 100vw, 1024px\" \/><\/figure>\n\n\n\n<figure class=\"wp-block-image size-large\"><img loading=\"lazy\" decoding=\"async\" width=\"1024\" height=\"683\" data-id=\"110939\" src=\"https:\/\/elmetropolitano.com.gt\/es\/wp-content\/uploads\/2025\/09\/540641262_1316882173771196_3735745452107168083_n-1024x683.jpg\" alt=\"\" class=\"wp-image-110939\" srcset=\"https:\/\/elmetropolitano.com.gt\/es\/wp-content\/uploads\/2025\/09\/540641262_1316882173771196_3735745452107168083_n-1024x683.jpg 1024w, https:\/\/elmetropolitano.com.gt\/es\/wp-content\/uploads\/2025\/09\/540641262_1316882173771196_3735745452107168083_n-300x200.jpg 300w, https:\/\/elmetropolitano.com.gt\/es\/wp-content\/uploads\/2025\/09\/540641262_1316882173771196_3735745452107168083_n-768x512.jpg 768w, https:\/\/elmetropolitano.com.gt\/es\/wp-content\/uploads\/2025\/09\/540641262_1316882173771196_3735745452107168083_n.jpg 1500w\" sizes=\"auto, (max-width: 1024px) 100vw, 1024px\" \/><\/figure>\n\n\n\n<figure class=\"wp-block-image size-large\"><img loading=\"lazy\" decoding=\"async\" width=\"1024\" height=\"683\" data-id=\"110935\" src=\"https:\/\/elmetropolitano.com.gt\/es\/wp-content\/uploads\/2025\/09\/540731640_1316882223771191_4976605891198154581_n-1024x683.jpg\" alt=\"\" class=\"wp-image-110935\" srcset=\"https:\/\/elmetropolitano.com.gt\/es\/wp-content\/uploads\/2025\/09\/540731640_1316882223771191_4976605891198154581_n-1024x683.jpg 1024w, https:\/\/elmetropolitano.com.gt\/es\/wp-content\/uploads\/2025\/09\/540731640_1316882223771191_4976605891198154581_n-300x200.jpg 300w, https:\/\/elmetropolitano.com.gt\/es\/wp-content\/uploads\/2025\/09\/540731640_1316882223771191_4976605891198154581_n-768x512.jpg 768w, https:\/\/elmetropolitano.com.gt\/es\/wp-content\/uploads\/2025\/09\/540731640_1316882223771191_4976605891198154581_n.jpg 1500w\" sizes=\"auto, (max-width: 1024px) 100vw, 1024px\" \/><\/figure>\n\n\n\n<figure class=\"wp-block-image size-large\"><img loading=\"lazy\" decoding=\"async\" width=\"1024\" height=\"683\" data-id=\"110942\" src=\"https:\/\/elmetropolitano.com.gt\/es\/wp-content\/uploads\/2025\/09\/540766376_1316882180437862_1865983793345035590_n-1024x683.jpg\" alt=\"\" class=\"wp-image-110942\" srcset=\"https:\/\/elmetropolitano.com.gt\/es\/wp-content\/uploads\/2025\/09\/540766376_1316882180437862_1865983793345035590_n-1024x683.jpg 1024w, https:\/\/elmetropolitano.com.gt\/es\/wp-content\/uploads\/2025\/09\/540766376_1316882180437862_1865983793345035590_n-300x200.jpg 300w, https:\/\/elmetropolitano.com.gt\/es\/wp-content\/uploads\/2025\/09\/540766376_1316882180437862_1865983793345035590_n-768x512.jpg 768w, https:\/\/elmetropolitano.com.gt\/es\/wp-content\/uploads\/2025\/09\/540766376_1316882180437862_1865983793345035590_n.jpg 1500w\" sizes=\"auto, (max-width: 1024px) 100vw, 1024px\" \/><\/figure>\n\n\n\n<figure class=\"wp-block-image size-large\"><img loading=\"lazy\" decoding=\"async\" width=\"1024\" height=\"683\" data-id=\"110938\" src=\"https:\/\/elmetropolitano.com.gt\/es\/wp-content\/uploads\/2025\/09\/540766930_1316882277104519_674799833756062486_n-1024x683.jpg\" alt=\"\" class=\"wp-image-110938\" srcset=\"https:\/\/elmetropolitano.com.gt\/es\/wp-content\/uploads\/2025\/09\/540766930_1316882277104519_674799833756062486_n-1024x683.jpg 1024w, https:\/\/elmetropolitano.com.gt\/es\/wp-content\/uploads\/2025\/09\/540766930_1316882277104519_674799833756062486_n-300x200.jpg 300w, https:\/\/elmetropolitano.com.gt\/es\/wp-content\/uploads\/2025\/09\/540766930_1316882277104519_674799833756062486_n-768x512.jpg 768w, https:\/\/elmetropolitano.com.gt\/es\/wp-content\/uploads\/2025\/09\/540766930_1316882277104519_674799833756062486_n.jpg 1500w\" sizes=\"auto, (max-width: 1024px) 100vw, 1024px\" \/><\/figure>\n\n\n\n<figure class=\"wp-block-image size-large\"><img loading=\"lazy\" decoding=\"async\" width=\"1024\" height=\"683\" data-id=\"110936\" src=\"https:\/\/elmetropolitano.com.gt\/es\/wp-content\/uploads\/2025\/09\/540776566_1316882260437854_8774636537269358846_n-1024x683.jpg\" alt=\"\" class=\"wp-image-110936\" srcset=\"https:\/\/elmetropolitano.com.gt\/es\/wp-content\/uploads\/2025\/09\/540776566_1316882260437854_8774636537269358846_n-1024x683.jpg 1024w, https:\/\/elmetropolitano.com.gt\/es\/wp-content\/uploads\/2025\/09\/540776566_1316882260437854_8774636537269358846_n-300x200.jpg 300w, https:\/\/elmetropolitano.com.gt\/es\/wp-content\/uploads\/2025\/09\/540776566_1316882260437854_8774636537269358846_n-768x512.jpg 768w, https:\/\/elmetropolitano.com.gt\/es\/wp-content\/uploads\/2025\/09\/540776566_1316882260437854_8774636537269358846_n.jpg 1500w\" sizes=\"auto, (max-width: 1024px) 100vw, 1024px\" \/><\/figure>\n\n\n\n<figure class=\"wp-block-image size-large\"><img loading=\"lazy\" decoding=\"async\" width=\"1024\" height=\"683\" data-id=\"110941\" src=\"https:\/\/elmetropolitano.com.gt\/es\/wp-content\/uploads\/2025\/09\/541311629_1316882237104523_80869829170410407_n-1024x683.jpg\" alt=\"\" class=\"wp-image-110941\" srcset=\"https:\/\/elmetropolitano.com.gt\/es\/wp-content\/uploads\/2025\/09\/541311629_1316882237104523_80869829170410407_n-1024x683.jpg 1024w, https:\/\/elmetropolitano.com.gt\/es\/wp-content\/uploads\/2025\/09\/541311629_1316882237104523_80869829170410407_n-300x200.jpg 300w, https:\/\/elmetropolitano.com.gt\/es\/wp-content\/uploads\/2025\/09\/541311629_1316882237104523_80869829170410407_n-768x512.jpg 768w, https:\/\/elmetropolitano.com.gt\/es\/wp-content\/uploads\/2025\/09\/541311629_1316882237104523_80869829170410407_n.jpg 1500w\" sizes=\"auto, (max-width: 1024px) 100vw, 1024px\" \/><\/figure>\n\n\n\n<figure class=\"wp-block-image size-large\"><img loading=\"lazy\" decoding=\"async\" width=\"1024\" height=\"683\" data-id=\"110940\" src=\"https:\/\/elmetropolitano.com.gt\/es\/wp-content\/uploads\/2025\/09\/541427755_1316882297104517_7074622752432293084_n-1024x683.jpg\" alt=\"\" class=\"wp-image-110940\" srcset=\"https:\/\/elmetropolitano.com.gt\/es\/wp-content\/uploads\/2025\/09\/541427755_1316882297104517_7074622752432293084_n-1024x683.jpg 1024w, https:\/\/elmetropolitano.com.gt\/es\/wp-content\/uploads\/2025\/09\/541427755_1316882297104517_7074622752432293084_n-300x200.jpg 300w, https:\/\/elmetropolitano.com.gt\/es\/wp-content\/uploads\/2025\/09\/541427755_1316882297104517_7074622752432293084_n-768x512.jpg 768w, https:\/\/elmetropolitano.com.gt\/es\/wp-content\/uploads\/2025\/09\/541427755_1316882297104517_7074622752432293084_n.jpg 1500w\" sizes=\"auto, (max-width: 1024px) 100vw, 1024px\" \/><\/figure>\n<\/figure>\n","protected":false},"excerpt":{"rendered":"<p>El presidente Bernardo Ar\u00e9valo lider\u00f3, este martes, un di\u00e1logo con la juventud de Santa Rosa, como parte de una gira de trabajo que realiza en el municipio de Cuilapa, en el referido departamento. \u201cSanta Rosa es el primer departamento donde estamos implementado una iniciativa que se llama Gobierno Departamental. Destac\u00f3 que este es un esfuerzo <a class=\"read-more\" href=\"https:\/\/elmetropolitano.com.gt\/es\/presidente-bernardo-arevalo-dialoga-con-la-juventud-de-santa-rosa\/\">Leer m\u00e1s<\/a><\/p>\n","protected":false},"author":1,"featured_media":110934,"comment_status":"open","ping_status":"closed","sticky":false,"template":"","format":"standard","meta":{"footnotes":""},"categories":[4],"tags":[13],"class_list":["post-110933","post","type-post","status-publish","format-standard","has-post-thumbnail","hentry","category-departamentales","tag-departamentales"],"_links":{"self":[{"href":"https:\/\/elmetropolitano.com.gt\/es\/wp-json\/wp\/v2\/posts\/110933","targetHints":{"allow":["GET"]}}],"collection":[{"href":"https:\/\/elmetropolitano.com.gt\/es\/wp-json\/wp\/v2\/posts"}],"about":[{"href":"https:\/\/elmetropolitano.com.gt\/es\/wp-json\/wp\/v2\/types\/post"}],"author":[{"embeddable":true,"href":"https:\/\/elmetropolitano.com.gt\/es\/wp-json\/wp\/v2\/users\/1"}],"replies":[{"embeddable":true,"href":"https:\/\/elmetropolitano.com.gt\/es\/wp-json\/wp\/v2\/comments?post=110933"}],"version-history":[{"count":1,"href":"https:\/\/elmetropolitano.com.gt\/es\/wp-json\/wp\/v2\/posts\/110933\/revisions"}],"predecessor-version":[{"id":110943,"href":"https:\/\/elmetropolitano.com.gt\/es\/wp-json\/wp\/v2\/posts\/110933\/revisions\/110943"}],"wp:featuredmedia":[{"embeddable":true,"href":"https:\/\/elmetropolitano.com.gt\/es\/wp-json\/wp\/v2\/media\/110934"}],"wp:attachment":[{"href":"https:\/\/elmetropolitano.com.gt\/es\/wp-json\/wp\/v2\/media?parent=110933"}],"wp:term":[{"taxonomy":"category","embeddable":true,"href":"https:\/\/elmetropolitano.com.gt\/es\/wp-json\/wp\/v2\/categories?post=110933"},{"taxonomy":"post_tag","embeddable":true,"href":"https:\/\/elmetropolitano.com.gt\/es\/wp-json\/wp\/v2\/tags?post=110933"}],"curies":[{"name":"wp","href":"https:\/\/api.w.org\/{rel}","templated":true}]}}