{"id":110944,"date":"2025-09-03T10:03:29","date_gmt":"2025-09-03T16:03:29","guid":{"rendered":"https:\/\/elmetropolitano.com.gt\/es\/?p=110944"},"modified":"2025-09-03T10:03:30","modified_gmt":"2025-09-03T16:03:30","slug":"presidente-arevalo-resalta-programas-de-apoyo-a-agricultores-y-emprendedores","status":"publish","type":"post","link":"https:\/\/elmetropolitano.com.gt\/es\/presidente-arevalo-resalta-programas-de-apoyo-a-agricultores-y-emprendedores\/","title":{"rendered":"Presidente Ar\u00e9valo resalta programas de apoyo a agricultores y emprendedores"},"content":{"rendered":"\n<p><a><\/a>En el marco de su gira de trabajo denominada Gobierno Departamental, bajo el lema A tu tierra y trabajando junto al pueblo, el presidente Bernardo Ar\u00e9valo sostuvo esta tarde un di\u00e1logo con j\u00f3venes y diversos sectores de Santa Rosa. Durante la actividad se abordaron temas relacionados con el impulso al desarrollo local y el respaldo a los productores del departamento.<\/p>\n\n\n\n<p>Al responder una de las interrogantes de los participantes del di\u00e1logo, el mandatario resalt\u00f3 la importancia de fortalecer al sector agr\u00edcola mediante programas de financiamiento que favorezcan a los productores.<\/p><div class=\"elmet-contenido\" id=\"elmet-2493536101\"><div class=\"elmet-adlabel\">Anuncios<\/div><div style=\"margin-top: 20px;margin-right: 20px;margin-bottom: 20px;margin-left: 20px;\" id=\"elmet-2025908591\"><a href=\"https:\/\/www.facebook.com\/arrincuanantigua\/\" aria-label=\"cintillo-arrin-cual\"><img loading=\"lazy\" decoding=\"async\" src=\"https:\/\/elmetropolitano.com.gt\/es\/wp-content\/uploads\/2021\/11\/cintillo-arrin-cual-1.jpg\" alt=\"\"  srcset=\"https:\/\/elmetropolitano.com.gt\/es\/wp-content\/uploads\/2021\/11\/cintillo-arrin-cual-1.jpg 750w, https:\/\/elmetropolitano.com.gt\/es\/wp-content\/uploads\/2021\/11\/cintillo-arrin-cual-1-300x36.jpg 300w, https:\/\/elmetropolitano.com.gt\/es\/wp-content\/uploads\/2021\/11\/cintillo-arrin-cual-1-600x72.jpg 600w\" sizes=\"(max-width: 750px) 100vw, 750px\" width=\"750\" height=\"90\"   \/><\/a><\/div><\/div>\n\n\n\n<p>Uno de los ejemplos es el Cr\u00e9dito Tob\u2019anik, promovido por el Ministerio de Agricultura, Ganader\u00eda y Alimentaci\u00f3n (MAGA) en coordinaci\u00f3n con el Cr\u00e9dito Hipotecario Nacional (CHN) y cooperativas.<\/p>\n\n\n\n<p>Este mecanismo busca brindar pr\u00e9stamos a peque\u00f1os y medianos agricultores con tasas de inter\u00e9s m\u00e1s bajas, las cuales no pueden exceder del 13.5 % anual, permitiendo invertir en sus tierras y mejorar la productividad.<\/p>\n\n\n\n<p>Apoyo a las micro, peque\u00f1as y medianas empresas<\/p>\n\n\n\n<p>Asimismo, Ar\u00e9valo subray\u00f3 el trabajo del Ministerio de Econom\u00eda (Mineco) en beneficio de las micro, peque\u00f1as y medianas empresas (Mipyme). La cartera impulsa su crecimiento mediante financiamiento, capacitaci\u00f3n y apertura de mercados nacionales e internacionales.<\/p>\n\n\n\n<p>El Fondo de Desarrollo de la Mipyme juega un papel clave en este proceso, ya que otorga cr\u00e9ditos en condiciones favorables, muchos de ellos respaldados con fondos p\u00fablicos para garantizar su acceso. Existen, adem\u00e1s, programas espec\u00edficos dirigidos a mujeres emprendedoras, lo que ampl\u00eda las oportunidades de inclusi\u00f3n econ\u00f3mica.<\/p>\n\n\n\n<p>Estrategias para el crecimiento empresarial<\/p>\n\n\n\n<p>La participaci\u00f3n en ferias comerciales, la vinculaci\u00f3n con compras p\u00fablicas y la promoci\u00f3n en plataformas digitales son parte de las iniciativas que fortalecen a las mipymes. A esto se suma el respaldo de entidades internacionales como el Banco Centroamericano de Integraci\u00f3n Econ\u00f3mica (BCIE) y el Sistema de Integraci\u00f3n Centroamericana, as\u00ed como el acompa\u00f1amiento de organizaciones como GS1 Guatemala, que facilita el acceso a c\u00f3digos de barras y brinda soporte t\u00e9cnico.<\/p>\n\n\n\n<p>El Fondo de Desarrollo de la Mipyme ofrece cr\u00e9ditos con una tasa anual del 10 % y un fondo de garant\u00eda, lo que representa condiciones m\u00e1s competitivas frente a otros mecanismos de financiamiento. En este mismo sentido, el BCIE contribuye a dinamizar la econom\u00eda local al facilitar cr\u00e9ditos a trav\u00e9s de instituciones financieras intermediarias, lo que permite mayor alcance y flexibilidad para los emprendedores.<\/p>\n\n\n\n<p>Un compromiso con el desarrollo local<\/p>\n\n\n\n<p>La visita presidencial en Santa Rosa evidenci\u00f3 la prioridad de su gobierno de acercar programas de apoyo a los distintos sectores productivos, fomentando tanto la agricultura como el crecimiento empresarial. Seg\u00fan el Presidente, estos esfuerzos buscan generar m\u00e1s oportunidades econ\u00f3micas y mejorar las condiciones de vida de las familias en el interior del pa\u00eds.<\/p>\n\n\n\n<p><\/p>\n","protected":false},"excerpt":{"rendered":"<p>En el marco de su gira de trabajo denominada Gobierno Departamental, bajo el lema A tu tierra y trabajando junto al pueblo, el presidente Bernardo Ar\u00e9valo sostuvo esta tarde un di\u00e1logo con j\u00f3venes y diversos sectores de Santa Rosa. Durante la actividad se abordaron temas relacionados con el impulso al desarrollo local y el respaldo <a class=\"read-more\" href=\"https:\/\/elmetropolitano.com.gt\/es\/presidente-arevalo-resalta-programas-de-apoyo-a-agricultores-y-emprendedores\/\">Leer m\u00e1s<\/a><\/p>\n","protected":false},"author":1,"featured_media":110945,"comment_status":"open","ping_status":"closed","sticky":false,"template":"","format":"standard","meta":{"footnotes":""},"categories":[2],"tags":[12],"class_list":["post-110944","post","type-post","status-publish","format-standard","has-post-thumbnail","hentry","category-nacionales","tag-nacionales"],"_links":{"self":[{"href":"https:\/\/elmetropolitano.com.gt\/es\/wp-json\/wp\/v2\/posts\/110944","targetHints":{"allow":["GET"]}}],"collection":[{"href":"https:\/\/elmetropolitano.com.gt\/es\/wp-json\/wp\/v2\/posts"}],"about":[{"href":"https:\/\/elmetropolitano.com.gt\/es\/wp-json\/wp\/v2\/types\/post"}],"author":[{"embeddable":true,"href":"https:\/\/elmetropolitano.com.gt\/es\/wp-json\/wp\/v2\/users\/1"}],"replies":[{"embeddable":true,"href":"https:\/\/elmetropolitano.com.gt\/es\/wp-json\/wp\/v2\/comments?post=110944"}],"version-history":[{"count":1,"href":"https:\/\/elmetropolitano.com.gt\/es\/wp-json\/wp\/v2\/posts\/110944\/revisions"}],"predecessor-version":[{"id":110946,"href":"https:\/\/elmetropolitano.com.gt\/es\/wp-json\/wp\/v2\/posts\/110944\/revisions\/110946"}],"wp:featuredmedia":[{"embeddable":true,"href":"https:\/\/elmetropolitano.com.gt\/es\/wp-json\/wp\/v2\/media\/110945"}],"wp:attachment":[{"href":"https:\/\/elmetropolitano.com.gt\/es\/wp-json\/wp\/v2\/media?parent=110944"}],"wp:term":[{"taxonomy":"category","embeddable":true,"href":"https:\/\/elmetropolitano.com.gt\/es\/wp-json\/wp\/v2\/categories?post=110944"},{"taxonomy":"post_tag","embeddable":true,"href":"https:\/\/elmetropolitano.com.gt\/es\/wp-json\/wp\/v2\/tags?post=110944"}],"curies":[{"name":"wp","href":"https:\/\/api.w.org\/{rel}","templated":true}]}}