{"id":110979,"date":"2025-09-03T14:06:25","date_gmt":"2025-09-03T20:06:25","guid":{"rendered":"https:\/\/elmetropolitano.com.gt\/es\/?p=110979"},"modified":"2025-09-03T14:06:26","modified_gmt":"2025-09-03T20:06:26","slug":"eligen-a-guatemala-como-destino-internacional-de-lujo-2025","status":"publish","type":"post","link":"https:\/\/elmetropolitano.com.gt\/es\/eligen-a-guatemala-como-destino-internacional-de-lujo-2025\/","title":{"rendered":"Eligen a Guatemala como Destino Internacional de Lujo 2025"},"content":{"rendered":"\n<p>Guatemala fue elegida como Destino Internacional de Lujo 2025 durante desarrollo de la Luxury Lab Gobal, el cual, de acuerdo con el Instituto Guatemalteco de Turismo (Inguat) es el foro m\u00e1s influyente en cuanto al mercado del lujo de Am\u00e9rica Latina.<\/p>\n\n\n\n<p>El otorgamiento de este galard\u00f3n, que se entreg\u00f3 al director del Inguat, Harris Whitbeck, tuvo lugar este martes durante la citada gala que se celebr\u00f3 este martes en la Ciudad de M\u00e9xico, inform\u00f3 esa instituci\u00f3n en su cuenta de la red social X.<\/p><div class=\"elmet-contenido\" id=\"elmet-1514679125\"><div class=\"elmet-adlabel\">Anuncios<\/div><div style=\"margin-top: 20px;margin-right: 20px;margin-bottom: 20px;margin-left: 20px;\" id=\"elmet-4290860326\"><a href=\"https:\/\/www.facebook.com\/arrincuanantigua\/\" aria-label=\"cintillo-arrin-cual\"><img loading=\"lazy\" decoding=\"async\" src=\"https:\/\/elmetropolitano.com.gt\/es\/wp-content\/uploads\/2021\/11\/cintillo-arrin-cual-1.jpg\" alt=\"\"  srcset=\"https:\/\/elmetropolitano.com.gt\/es\/wp-content\/uploads\/2021\/11\/cintillo-arrin-cual-1.jpg 750w, https:\/\/elmetropolitano.com.gt\/es\/wp-content\/uploads\/2021\/11\/cintillo-arrin-cual-1-300x36.jpg 300w, https:\/\/elmetropolitano.com.gt\/es\/wp-content\/uploads\/2021\/11\/cintillo-arrin-cual-1-600x72.jpg 600w\" sizes=\"(max-width: 750px) 100vw, 750px\" width=\"750\" height=\"90\"   \/><\/a><\/div><\/div>\n\n\n\n<p>Al recibir la distinci\u00f3n, Whitbeck present\u00f3 la riqueza cultural y natural de Guatemala, reafirmando que el turismo guatemalteco es aut\u00e9ntico, sostenible y de alto valor.<\/p>\n\n\n\n<p>Riqueza cultural y natural<\/p>\n\n\n\n<p>De acuerdo con informaci\u00f3n que publica este martes el Diario de Centro Am\u00e9rica, el galard\u00f3n resalta la capacidad del pa\u00eds para brindar un turismo con un alto contenido de suntuosidad basada en su riqueza natural y cultural.<\/p>\n\n\n\n<p>Asimismo, ofrece vivencias \u00fanicas en ambientes en el que la naturaleza es el escenario que se enriquece con la identidad de sus pobladores. Adem\u00e1s, destaca que la diversidad natural fue uno de los factores para esta elecci\u00f3n, ya que cuenta con una variedad de paisajes que lo convierten en un ambiente privilegiado.<\/p>\n\n\n\n<p>Tambi\u00e9n cuenta con un patrimonio hist\u00f3rico como Antigua Guatemala, nombrada Patrimonio Cultural de la Humanidad por la Unesco. Esta ciudad colonial se encuentra en la lista de los 25 destinos imperdibles en 2025.<\/p>\n\n\n\n<p>A ello se suma que el pa\u00eds cuenta con destinos como el lago de Atitl\u00e1n, en Solol\u00e1, el Parque Arqueol\u00f3gico Tikal, en Pet\u00e9n, cuna de la civilizaci\u00f3n maya, as\u00ed como las Verapaces y Huehuetenango y otros destinos \u00fanicos en el mundo.<\/p>\n\n\n\n<p>Por todo ello, Guatemala se proyecta como un destino sostenible y suntuoso con hoteles ecol\u00f3gicos que refuerzan el sentido local, lo que permite que los visitantes conozcan la riqueza cultural local al tiempo que benefician a las comunidades que visitan.<\/p>\n\n\n\n<p>Adem\u00e1s, el Inguat celebr\u00f3 recientemente que el pa\u00eds obtuvo la distinci\u00f3n de Mejor Destino Internacional 2025, gracias a la votaci\u00f3n directa de los miles de viajeros que eligieron a Guatemala como su destino preferido a nivel mundial por su autenticidad, riqueza cultural y paisajes excepcionales.<\/p>\n\n\n\n<p>#inguat&nbsp; #turismo #metroredes <a href=\"http:\/\/www.elmetropolitano.com.gt\">www.elmetropolitano.com.gt<\/a>&nbsp; <a href=\"http:\/\/www.metroredes.com\">www.metroredes.com<\/a> <a href=\"http:\/\/www.elescuintleco.com\">www.elescuintleco.com<\/a><\/p>\n\n\n\n<figure class=\"wp-block-gallery has-nested-images columns-default is-cropped wp-block-gallery-1 is-layout-flex wp-block-gallery-is-layout-flex\">\n<figure class=\"wp-block-image size-large\"><img loading=\"lazy\" decoding=\"async\" width=\"1024\" height=\"1024\" data-id=\"110981\" src=\"https:\/\/elmetropolitano.com.gt\/es\/wp-content\/uploads\/2025\/09\/24c80fc5-de0e-4f0c-8e5d-24bc83f1bb40-1024x1024.jpeg\" alt=\"\" class=\"wp-image-110981\" srcset=\"https:\/\/elmetropolitano.com.gt\/es\/wp-content\/uploads\/2025\/09\/24c80fc5-de0e-4f0c-8e5d-24bc83f1bb40-1024x1024.jpeg 1024w, https:\/\/elmetropolitano.com.gt\/es\/wp-content\/uploads\/2025\/09\/24c80fc5-de0e-4f0c-8e5d-24bc83f1bb40-300x300.jpeg 300w, https:\/\/elmetropolitano.com.gt\/es\/wp-content\/uploads\/2025\/09\/24c80fc5-de0e-4f0c-8e5d-24bc83f1bb40-150x150.jpeg 150w, https:\/\/elmetropolitano.com.gt\/es\/wp-content\/uploads\/2025\/09\/24c80fc5-de0e-4f0c-8e5d-24bc83f1bb40-768x768.jpeg 768w, https:\/\/elmetropolitano.com.gt\/es\/wp-content\/uploads\/2025\/09\/24c80fc5-de0e-4f0c-8e5d-24bc83f1bb40.jpeg 1080w\" sizes=\"auto, (max-width: 1024px) 100vw, 1024px\" \/><\/figure>\n\n\n\n<figure class=\"wp-block-image size-large\"><img loading=\"lazy\" decoding=\"async\" width=\"1024\" height=\"683\" data-id=\"110982\" src=\"https:\/\/elmetropolitano.com.gt\/es\/wp-content\/uploads\/2025\/09\/70c48939-30f7-4a23-9e16-d8581c8258d5-1024x683.jpeg\" alt=\"\" class=\"wp-image-110982\" srcset=\"https:\/\/elmetropolitano.com.gt\/es\/wp-content\/uploads\/2025\/09\/70c48939-30f7-4a23-9e16-d8581c8258d5-1024x683.jpeg 1024w, https:\/\/elmetropolitano.com.gt\/es\/wp-content\/uploads\/2025\/09\/70c48939-30f7-4a23-9e16-d8581c8258d5-300x200.jpeg 300w, https:\/\/elmetropolitano.com.gt\/es\/wp-content\/uploads\/2025\/09\/70c48939-30f7-4a23-9e16-d8581c8258d5-768x512.jpeg 768w, https:\/\/elmetropolitano.com.gt\/es\/wp-content\/uploads\/2025\/09\/70c48939-30f7-4a23-9e16-d8581c8258d5.jpeg 1500w\" sizes=\"auto, (max-width: 1024px) 100vw, 1024px\" \/><\/figure>\n\n\n\n<figure class=\"wp-block-image size-large\"><img loading=\"lazy\" decoding=\"async\" width=\"791\" height=\"1024\" data-id=\"110983\" src=\"https:\/\/elmetropolitano.com.gt\/es\/wp-content\/uploads\/2025\/09\/86f3a5e6-2e14-4529-8e7f-a3b90fa155b8-791x1024.jpeg\" alt=\"\" class=\"wp-image-110983\" srcset=\"https:\/\/elmetropolitano.com.gt\/es\/wp-content\/uploads\/2025\/09\/86f3a5e6-2e14-4529-8e7f-a3b90fa155b8-791x1024.jpeg 791w, https:\/\/elmetropolitano.com.gt\/es\/wp-content\/uploads\/2025\/09\/86f3a5e6-2e14-4529-8e7f-a3b90fa155b8-232x300.jpeg 232w, https:\/\/elmetropolitano.com.gt\/es\/wp-content\/uploads\/2025\/09\/86f3a5e6-2e14-4529-8e7f-a3b90fa155b8-768x994.jpeg 768w, https:\/\/elmetropolitano.com.gt\/es\/wp-content\/uploads\/2025\/09\/86f3a5e6-2e14-4529-8e7f-a3b90fa155b8-1187x1536.jpeg 1187w, https:\/\/elmetropolitano.com.gt\/es\/wp-content\/uploads\/2025\/09\/86f3a5e6-2e14-4529-8e7f-a3b90fa155b8.jpeg 1236w\" sizes=\"auto, (max-width: 791px) 100vw, 791px\" \/><\/figure>\n\n\n\n<figure class=\"wp-block-image size-large\"><img loading=\"lazy\" decoding=\"async\" width=\"1024\" height=\"684\" data-id=\"110984\" src=\"https:\/\/elmetropolitano.com.gt\/es\/wp-content\/uploads\/2025\/09\/6549fff9-07fa-42d6-af22-ac5103c5eb9d-1-1024x684.jpeg\" alt=\"\" class=\"wp-image-110984\" srcset=\"https:\/\/elmetropolitano.com.gt\/es\/wp-content\/uploads\/2025\/09\/6549fff9-07fa-42d6-af22-ac5103c5eb9d-1-1024x684.jpeg 1024w, https:\/\/elmetropolitano.com.gt\/es\/wp-content\/uploads\/2025\/09\/6549fff9-07fa-42d6-af22-ac5103c5eb9d-1-300x200.jpeg 300w, https:\/\/elmetropolitano.com.gt\/es\/wp-content\/uploads\/2025\/09\/6549fff9-07fa-42d6-af22-ac5103c5eb9d-1-768x513.jpeg 768w, https:\/\/elmetropolitano.com.gt\/es\/wp-content\/uploads\/2025\/09\/6549fff9-07fa-42d6-af22-ac5103c5eb9d-1-1536x1025.jpeg 1536w, https:\/\/elmetropolitano.com.gt\/es\/wp-content\/uploads\/2025\/09\/6549fff9-07fa-42d6-af22-ac5103c5eb9d-1.jpeg 1600w\" sizes=\"auto, (max-width: 1024px) 100vw, 1024px\" \/><\/figure>\n<\/figure>\n","protected":false},"excerpt":{"rendered":"<p>Guatemala fue elegida como Destino Internacional de Lujo 2025 durante desarrollo de la Luxury Lab Gobal, el cual, de acuerdo con el Instituto Guatemalteco de Turismo (Inguat) es el foro m\u00e1s influyente en cuanto al mercado del lujo de Am\u00e9rica Latina. El otorgamiento de este galard\u00f3n, que se entreg\u00f3 al director del Inguat, Harris Whitbeck, <a class=\"read-more\" href=\"https:\/\/elmetropolitano.com.gt\/es\/eligen-a-guatemala-como-destino-internacional-de-lujo-2025\/\">Leer m\u00e1s<\/a><\/p>\n","protected":false},"author":1,"featured_media":110980,"comment_status":"open","ping_status":"closed","sticky":false,"template":"","format":"standard","meta":{"footnotes":""},"categories":[2],"tags":[12],"class_list":["post-110979","post","type-post","status-publish","format-standard","has-post-thumbnail","hentry","category-nacionales","tag-nacionales"],"_links":{"self":[{"href":"https:\/\/elmetropolitano.com.gt\/es\/wp-json\/wp\/v2\/posts\/110979","targetHints":{"allow":["GET"]}}],"collection":[{"href":"https:\/\/elmetropolitano.com.gt\/es\/wp-json\/wp\/v2\/posts"}],"about":[{"href":"https:\/\/elmetropolitano.com.gt\/es\/wp-json\/wp\/v2\/types\/post"}],"author":[{"embeddable":true,"href":"https:\/\/elmetropolitano.com.gt\/es\/wp-json\/wp\/v2\/users\/1"}],"replies":[{"embeddable":true,"href":"https:\/\/elmetropolitano.com.gt\/es\/wp-json\/wp\/v2\/comments?post=110979"}],"version-history":[{"count":1,"href":"https:\/\/elmetropolitano.com.gt\/es\/wp-json\/wp\/v2\/posts\/110979\/revisions"}],"predecessor-version":[{"id":110985,"href":"https:\/\/elmetropolitano.com.gt\/es\/wp-json\/wp\/v2\/posts\/110979\/revisions\/110985"}],"wp:featuredmedia":[{"embeddable":true,"href":"https:\/\/elmetropolitano.com.gt\/es\/wp-json\/wp\/v2\/media\/110980"}],"wp:attachment":[{"href":"https:\/\/elmetropolitano.com.gt\/es\/wp-json\/wp\/v2\/media?parent=110979"}],"wp:term":[{"taxonomy":"category","embeddable":true,"href":"https:\/\/elmetropolitano.com.gt\/es\/wp-json\/wp\/v2\/categories?post=110979"},{"taxonomy":"post_tag","embeddable":true,"href":"https:\/\/elmetropolitano.com.gt\/es\/wp-json\/wp\/v2\/tags?post=110979"}],"curies":[{"name":"wp","href":"https:\/\/api.w.org\/{rel}","templated":true}]}}