{"id":110986,"date":"2025-09-03T14:30:11","date_gmt":"2025-09-03T20:30:11","guid":{"rendered":"https:\/\/elmetropolitano.com.gt\/es\/?p=110986"},"modified":"2025-09-03T14:30:12","modified_gmt":"2025-09-03T20:30:12","slug":"nuevas-tarifas-de-placas-de-circulacion-para-vehiculos-terrestres-en-guatemala","status":"publish","type":"post","link":"https:\/\/elmetropolitano.com.gt\/es\/nuevas-tarifas-de-placas-de-circulacion-para-vehiculos-terrestres-en-guatemala\/","title":{"rendered":"Nuevas tarifas de placas de circulaci\u00f3n para veh\u00edculos terrestres en Guatemala"},"content":{"rendered":"\n<p>La Superintendencia de Administraci\u00f3n Tributaria (SAT) anunci\u00f3 una reducci\u00f3n significativa en el costo de las placas de circulaci\u00f3n para veh\u00edculos terrestres, medida que entr\u00f3 en vigor el 20 de agosto pasado y que impacta directamente a los m\u00e1s de 6 millones de veh\u00edculos registrados en Guatemala.<\/p>\n\n\n\n<p>As\u00ed lo inform\u00f3 la SAT por medio de sus redes oficiales:<\/p><div class=\"elmet-contenido\" id=\"elmet-3911936764\"><div class=\"elmet-adlabel\">Anuncios<\/div><div style=\"margin-top: 20px;margin-right: 20px;margin-bottom: 20px;margin-left: 20px;\" id=\"elmet-3498372565\"><a href=\"https:\/\/www.facebook.com\/arrincuanantigua\/\" aria-label=\"cintillo-arrin-cual\"><img loading=\"lazy\" decoding=\"async\" src=\"https:\/\/elmetropolitano.com.gt\/es\/wp-content\/uploads\/2021\/11\/cintillo-arrin-cual-1.jpg\" alt=\"\"  srcset=\"https:\/\/elmetropolitano.com.gt\/es\/wp-content\/uploads\/2021\/11\/cintillo-arrin-cual-1.jpg 750w, https:\/\/elmetropolitano.com.gt\/es\/wp-content\/uploads\/2021\/11\/cintillo-arrin-cual-1-300x36.jpg 300w, https:\/\/elmetropolitano.com.gt\/es\/wp-content\/uploads\/2021\/11\/cintillo-arrin-cual-1-600x72.jpg 600w\" sizes=\"(max-width: 750px) 100vw, 750px\" width=\"750\" height=\"90\"   \/><\/a><\/div><\/div>\n\n\n\n<p>Ahora las placas cuestan menos, con distintivos de calidad, menor costo y mismo tr\u00e1mite. Estamos facilitando tus gestiones tributarias.<\/p>\n\n\n\n<p>La SAT informa que, a partir de hoy, 20 de agosto 2025, como parte de la facilitaci\u00f3n hacia el contribuyente, se aplicar\u00e1 una reducci\u00f3n en el costo de fabricaci\u00f3n de las placas de circulaci\u00f3n para veh\u00edculos terrestres.<\/p>\n\n\n\n<p>Los precios<\/p>\n\n\n\n<p>Conforme al Acuerdo de Directorio 8-2025, los nuevos precios son:<\/p>\n\n\n\n<p>75 quetzales para veh\u00edculos que utilizan dos placas (antes 120 quetzales)<\/p>\n\n\n\n<p>30 quetzales para veh\u00edculos que utilizan una placa (antes 60 quetzales).<\/p>\n\n\n\n<p>Seg\u00fan la SAT, esta disposici\u00f3n forma parte de la estrategia institucional de facilitaci\u00f3n al contribuyente y busca no solo reducir costos, adem\u00e1s, garantizar la seguridad de los distintivos.<\/p>\n\n\n\n<p>La fabricaci\u00f3n est\u00e1 a cargo del Taller Nacional de Grabados en Acero, bajo las especificaciones t\u00e9cnicas establecidas en la Ley del Impuesto Sobre Circulaci\u00f3n de Veh\u00edculos.<\/p>\n\n\n\n<p>Registro de veh\u00edculos en Guatemala<\/p>\n\n\n\n<p>Hasta el 20 de agosto de 2025, el parque vehicular guatemalteco registraba:<\/p>\n\n\n\n<p>2 millones 676 mil 303 veh\u00edculos particulares<\/p>\n\n\n\n<p>2 millones 990 mil 989 motocicletas<\/p>\n\n\n\n<p>394 mil 279 unidades comerciales<\/p>\n\n\n\n<p>En total, m\u00e1s de 6 millones 61 mil veh\u00edculos circulan en el pa\u00eds, lo que refuerza la necesidad de procesos eficientes y tarifas accesibles para los usuarios.<\/p>\n\n\n\n<p>El procedimiento<\/p>\n\n\n\n<p>El procedimiento para obtener las placas met\u00e1licas implica varios pasos clave:<\/p>\n\n\n\n<p>Verificar informaci\u00f3n en el RTU digital y estar solvente con el pago del Impuesto Sobre Circulaci\u00f3n de Veh\u00edculos.<\/p>\n\n\n\n<p>Llenar el formulario SAT-8933 en Declaraguate, en la secci\u00f3n de Reposiciones y Modificaciones.<\/p>\n\n\n\n<p>Descargar e imprimir el formulario y su anexo firmado.<\/p>\n\n\n\n<p>Agendar una cita en el portal de la SAT.<\/p>\n\n\n\n<p>Presentarse en la agencia asignada el d\u00eda de la cita con DPI o pasaporte y las placas anteriores.<\/p>\n\n\n\n<p>Recibir\u00e1s las nuevas placas met\u00e1licas.<\/p>\n\n\n\n<p>Actualizar documentos en la Agencia Virtual: tarjeta de circulaci\u00f3n y certificado de propiedad.<\/p>\n\n\n\n<p>Texto Brenda Larios<\/p>\n\n\n\n<p>#placas #metroredes <a href=\"http:\/\/www.elmetropolitano.com.gt\">www.elmetropolitano.com.gt<\/a>&nbsp; <a href=\"http:\/\/www.metroredes.com\">www.metroredes.com<\/a> <a href=\"http:\/\/www.elescuintleco.com\">www.elescuintleco.com<\/a><\/p>\n\n\n\n<figure class=\"wp-block-gallery has-nested-images columns-default is-cropped wp-block-gallery-1 is-layout-flex wp-block-gallery-is-layout-flex\">\n<figure class=\"wp-block-image size-large\"><img loading=\"lazy\" decoding=\"async\" width=\"679\" height=\"483\" data-id=\"110988\" src=\"https:\/\/elmetropolitano.com.gt\/es\/wp-content\/uploads\/2025\/09\/Gz353ywXwAA77q4.jpeg\" alt=\"\" class=\"wp-image-110988\" srcset=\"https:\/\/elmetropolitano.com.gt\/es\/wp-content\/uploads\/2025\/09\/Gz353ywXwAA77q4.jpeg 679w, https:\/\/elmetropolitano.com.gt\/es\/wp-content\/uploads\/2025\/09\/Gz353ywXwAA77q4-300x213.jpeg 300w\" sizes=\"auto, (max-width: 679px) 100vw, 679px\" \/><\/figure>\n\n\n\n<figure class=\"wp-block-image size-large\"><img loading=\"lazy\" decoding=\"async\" width=\"1024\" height=\"512\" data-id=\"110989\" src=\"https:\/\/elmetropolitano.com.gt\/es\/wp-content\/uploads\/2025\/09\/Placas-SAT-1-1024x512.jpeg\" alt=\"\" class=\"wp-image-110989\" srcset=\"https:\/\/elmetropolitano.com.gt\/es\/wp-content\/uploads\/2025\/09\/Placas-SAT-1-1024x512.jpeg 1024w, https:\/\/elmetropolitano.com.gt\/es\/wp-content\/uploads\/2025\/09\/Placas-SAT-1-300x150.jpeg 300w, https:\/\/elmetropolitano.com.gt\/es\/wp-content\/uploads\/2025\/09\/Placas-SAT-1-768x384.jpeg 768w, https:\/\/elmetropolitano.com.gt\/es\/wp-content\/uploads\/2025\/09\/Placas-SAT-1.jpeg 1140w\" sizes=\"auto, (max-width: 1024px) 100vw, 1024px\" \/><\/figure>\n<\/figure>\n","protected":false},"excerpt":{"rendered":"<p>La Superintendencia de Administraci\u00f3n Tributaria (SAT) anunci\u00f3 una reducci\u00f3n significativa en el costo de las placas de circulaci\u00f3n para veh\u00edculos terrestres, medida que entr\u00f3 en vigor el 20 de agosto pasado y que impacta directamente a los m\u00e1s de 6 millones de veh\u00edculos registrados en Guatemala. As\u00ed lo inform\u00f3 la SAT por medio de sus <a class=\"read-more\" href=\"https:\/\/elmetropolitano.com.gt\/es\/nuevas-tarifas-de-placas-de-circulacion-para-vehiculos-terrestres-en-guatemala\/\">Leer m\u00e1s<\/a><\/p>\n","protected":false},"author":1,"featured_media":110987,"comment_status":"open","ping_status":"closed","sticky":false,"template":"","format":"standard","meta":{"footnotes":""},"categories":[2],"tags":[12],"class_list":["post-110986","post","type-post","status-publish","format-standard","has-post-thumbnail","hentry","category-nacionales","tag-nacionales"],"_links":{"self":[{"href":"https:\/\/elmetropolitano.com.gt\/es\/wp-json\/wp\/v2\/posts\/110986","targetHints":{"allow":["GET"]}}],"collection":[{"href":"https:\/\/elmetropolitano.com.gt\/es\/wp-json\/wp\/v2\/posts"}],"about":[{"href":"https:\/\/elmetropolitano.com.gt\/es\/wp-json\/wp\/v2\/types\/post"}],"author":[{"embeddable":true,"href":"https:\/\/elmetropolitano.com.gt\/es\/wp-json\/wp\/v2\/users\/1"}],"replies":[{"embeddable":true,"href":"https:\/\/elmetropolitano.com.gt\/es\/wp-json\/wp\/v2\/comments?post=110986"}],"version-history":[{"count":1,"href":"https:\/\/elmetropolitano.com.gt\/es\/wp-json\/wp\/v2\/posts\/110986\/revisions"}],"predecessor-version":[{"id":110990,"href":"https:\/\/elmetropolitano.com.gt\/es\/wp-json\/wp\/v2\/posts\/110986\/revisions\/110990"}],"wp:featuredmedia":[{"embeddable":true,"href":"https:\/\/elmetropolitano.com.gt\/es\/wp-json\/wp\/v2\/media\/110987"}],"wp:attachment":[{"href":"https:\/\/elmetropolitano.com.gt\/es\/wp-json\/wp\/v2\/media?parent=110986"}],"wp:term":[{"taxonomy":"category","embeddable":true,"href":"https:\/\/elmetropolitano.com.gt\/es\/wp-json\/wp\/v2\/categories?post=110986"},{"taxonomy":"post_tag","embeddable":true,"href":"https:\/\/elmetropolitano.com.gt\/es\/wp-json\/wp\/v2\/tags?post=110986"}],"curies":[{"name":"wp","href":"https:\/\/api.w.org\/{rel}","templated":true}]}}