{"id":110991,"date":"2025-09-03T15:21:47","date_gmt":"2025-09-03T21:21:47","guid":{"rendered":"https:\/\/elmetropolitano.com.gt\/es\/?p=110991"},"modified":"2025-09-03T15:21:48","modified_gmt":"2025-09-03T21:21:48","slug":"magistrado-de-la-csj-estuardo-cardenas-se-opuso-a-la-integracion-de-las-nuevas-salas","status":"publish","type":"post","link":"https:\/\/elmetropolitano.com.gt\/es\/magistrado-de-la-csj-estuardo-cardenas-se-opuso-a-la-integracion-de-las-nuevas-salas\/","title":{"rendered":"Magistrado de la CSJ Estuardo C\u00e1rdenas se opuso a la integraci\u00f3n de las nuevas Salas"},"content":{"rendered":"\n<p>Adem\u00e1s de exponer lo resuelto por la mayor\u00eda respecto a la integraci\u00f3n de nuevas Salas, el magistrado de la Corte Suprema de Justicia, CSJ, Estuardo C\u00e1rdenas, remiti\u00f3 al Congreso de la Rep\u00fablica la integraci\u00f3n de estas Salas e hizo constar que se opuso al procedimiento empleado en el pleno para la integraci\u00f3n de las mismas.<\/p>\n\n\n\n<p>Lo anterior lo envi\u00f3 al Congreso y lo actuado ya que el presidente del OJ, Te\u00f3dulo Cifuentes no notific\u00f3 al Legislativo sobre las vacantes en las nuevas Salas de Apelaciones.<\/p><div class=\"elmet-contenido\" id=\"elmet-4100311020\"><div class=\"elmet-adlabel\">Anuncios<\/div><div style=\"margin-top: 20px;margin-right: 20px;margin-bottom: 20px;margin-left: 20px;\" id=\"elmet-2777737499\"><a href=\"https:\/\/www.facebook.com\/arrincuanantigua\/\" aria-label=\"cintillo-arrin-cual\"><img loading=\"lazy\" decoding=\"async\" src=\"https:\/\/elmetropolitano.com.gt\/es\/wp-content\/uploads\/2021\/11\/cintillo-arrin-cual-1.jpg\" alt=\"\"  srcset=\"https:\/\/elmetropolitano.com.gt\/es\/wp-content\/uploads\/2021\/11\/cintillo-arrin-cual-1.jpg 750w, https:\/\/elmetropolitano.com.gt\/es\/wp-content\/uploads\/2021\/11\/cintillo-arrin-cual-1-300x36.jpg 300w, https:\/\/elmetropolitano.com.gt\/es\/wp-content\/uploads\/2021\/11\/cintillo-arrin-cual-1-600x72.jpg 600w\" sizes=\"(max-width: 750px) 100vw, 750px\" width=\"750\" height=\"90\"   \/><\/a><\/div><\/div>\n\n\n\n<p>#Congresodelarep\u00fablica #nuevassalas #metroredes <a href=\"http:\/\/www.elmetropolitano.com.gt\">www.elmetropolitano.com.gt<\/a>&nbsp; <a href=\"http:\/\/www.metroredes.com\">www.metroredes.com<\/a><\/p>\n\n\n\n<figure class=\"wp-block-gallery has-nested-images columns-default is-cropped wp-block-gallery-1 is-layout-flex wp-block-gallery-is-layout-flex\">\n<figure class=\"wp-block-image size-large\"><img loading=\"lazy\" decoding=\"async\" width=\"1024\" height=\"1024\" data-id=\"110993\" src=\"https:\/\/elmetropolitano.com.gt\/es\/wp-content\/uploads\/2025\/09\/96b259d8-2243-4549-9282-3e7b4c3d7eb7-1-1024x1024.jpeg\" alt=\"\" class=\"wp-image-110993\" srcset=\"https:\/\/elmetropolitano.com.gt\/es\/wp-content\/uploads\/2025\/09\/96b259d8-2243-4549-9282-3e7b4c3d7eb7-1-1024x1024.jpeg 1024w, https:\/\/elmetropolitano.com.gt\/es\/wp-content\/uploads\/2025\/09\/96b259d8-2243-4549-9282-3e7b4c3d7eb7-1-300x300.jpeg 300w, https:\/\/elmetropolitano.com.gt\/es\/wp-content\/uploads\/2025\/09\/96b259d8-2243-4549-9282-3e7b4c3d7eb7-1-150x150.jpeg 150w, https:\/\/elmetropolitano.com.gt\/es\/wp-content\/uploads\/2025\/09\/96b259d8-2243-4549-9282-3e7b4c3d7eb7-1-768x768.jpeg 768w, https:\/\/elmetropolitano.com.gt\/es\/wp-content\/uploads\/2025\/09\/96b259d8-2243-4549-9282-3e7b4c3d7eb7-1.jpeg 1280w\" sizes=\"auto, (max-width: 1024px) 100vw, 1024px\" \/><\/figure>\n\n\n\n<figure class=\"wp-block-image size-large\"><img loading=\"lazy\" decoding=\"async\" width=\"680\" height=\"1024\" data-id=\"110994\" src=\"https:\/\/elmetropolitano.com.gt\/es\/wp-content\/uploads\/2025\/09\/5b907934-9dab-4f78-a64a-31d3edbf4dc0-680x1024.jpeg\" alt=\"\" class=\"wp-image-110994\" srcset=\"https:\/\/elmetropolitano.com.gt\/es\/wp-content\/uploads\/2025\/09\/5b907934-9dab-4f78-a64a-31d3edbf4dc0-680x1024.jpeg 680w, https:\/\/elmetropolitano.com.gt\/es\/wp-content\/uploads\/2025\/09\/5b907934-9dab-4f78-a64a-31d3edbf4dc0-199x300.jpeg 199w, https:\/\/elmetropolitano.com.gt\/es\/wp-content\/uploads\/2025\/09\/5b907934-9dab-4f78-a64a-31d3edbf4dc0-768x1157.jpeg 768w, https:\/\/elmetropolitano.com.gt\/es\/wp-content\/uploads\/2025\/09\/5b907934-9dab-4f78-a64a-31d3edbf4dc0.jpeg 850w\" sizes=\"auto, (max-width: 680px) 100vw, 680px\" \/><\/figure>\n\n\n\n<figure class=\"wp-block-image size-large\"><img loading=\"lazy\" decoding=\"async\" width=\"688\" height=\"1024\" data-id=\"110995\" src=\"https:\/\/elmetropolitano.com.gt\/es\/wp-content\/uploads\/2025\/09\/f0e30d09-48d1-40ed-b1b3-8876f1da518e-688x1024.jpeg\" alt=\"\" class=\"wp-image-110995\" srcset=\"https:\/\/elmetropolitano.com.gt\/es\/wp-content\/uploads\/2025\/09\/f0e30d09-48d1-40ed-b1b3-8876f1da518e-688x1024.jpeg 688w, https:\/\/elmetropolitano.com.gt\/es\/wp-content\/uploads\/2025\/09\/f0e30d09-48d1-40ed-b1b3-8876f1da518e-202x300.jpeg 202w, https:\/\/elmetropolitano.com.gt\/es\/wp-content\/uploads\/2025\/09\/f0e30d09-48d1-40ed-b1b3-8876f1da518e-768x1143.jpeg 768w, https:\/\/elmetropolitano.com.gt\/es\/wp-content\/uploads\/2025\/09\/f0e30d09-48d1-40ed-b1b3-8876f1da518e.jpeg 860w\" sizes=\"auto, (max-width: 688px) 100vw, 688px\" \/><\/figure>\n<\/figure>\n","protected":false},"excerpt":{"rendered":"<p>Adem\u00e1s de exponer lo resuelto por la mayor\u00eda respecto a la integraci\u00f3n de nuevas Salas, el magistrado de la Corte Suprema de Justicia, CSJ, Estuardo C\u00e1rdenas, remiti\u00f3 al Congreso de la Rep\u00fablica la integraci\u00f3n de estas Salas e hizo constar que se opuso al procedimiento empleado en el pleno para la integraci\u00f3n de las mismas. <a class=\"read-more\" href=\"https:\/\/elmetropolitano.com.gt\/es\/magistrado-de-la-csj-estuardo-cardenas-se-opuso-a-la-integracion-de-las-nuevas-salas\/\">Leer m\u00e1s<\/a><\/p>\n","protected":false},"author":1,"featured_media":110992,"comment_status":"open","ping_status":"closed","sticky":false,"template":"","format":"standard","meta":{"footnotes":""},"categories":[2],"tags":[12],"class_list":["post-110991","post","type-post","status-publish","format-standard","has-post-thumbnail","hentry","category-nacionales","tag-nacionales"],"_links":{"self":[{"href":"https:\/\/elmetropolitano.com.gt\/es\/wp-json\/wp\/v2\/posts\/110991","targetHints":{"allow":["GET"]}}],"collection":[{"href":"https:\/\/elmetropolitano.com.gt\/es\/wp-json\/wp\/v2\/posts"}],"about":[{"href":"https:\/\/elmetropolitano.com.gt\/es\/wp-json\/wp\/v2\/types\/post"}],"author":[{"embeddable":true,"href":"https:\/\/elmetropolitano.com.gt\/es\/wp-json\/wp\/v2\/users\/1"}],"replies":[{"embeddable":true,"href":"https:\/\/elmetropolitano.com.gt\/es\/wp-json\/wp\/v2\/comments?post=110991"}],"version-history":[{"count":1,"href":"https:\/\/elmetropolitano.com.gt\/es\/wp-json\/wp\/v2\/posts\/110991\/revisions"}],"predecessor-version":[{"id":110996,"href":"https:\/\/elmetropolitano.com.gt\/es\/wp-json\/wp\/v2\/posts\/110991\/revisions\/110996"}],"wp:featuredmedia":[{"embeddable":true,"href":"https:\/\/elmetropolitano.com.gt\/es\/wp-json\/wp\/v2\/media\/110992"}],"wp:attachment":[{"href":"https:\/\/elmetropolitano.com.gt\/es\/wp-json\/wp\/v2\/media?parent=110991"}],"wp:term":[{"taxonomy":"category","embeddable":true,"href":"https:\/\/elmetropolitano.com.gt\/es\/wp-json\/wp\/v2\/categories?post=110991"},{"taxonomy":"post_tag","embeddable":true,"href":"https:\/\/elmetropolitano.com.gt\/es\/wp-json\/wp\/v2\/tags?post=110991"}],"curies":[{"name":"wp","href":"https:\/\/api.w.org\/{rel}","templated":true}]}}