{"id":111005,"date":"2025-09-04T08:57:25","date_gmt":"2025-09-04T14:57:25","guid":{"rendered":"https:\/\/elmetropolitano.com.gt\/es\/?p=111005"},"modified":"2025-09-04T08:57:26","modified_gmt":"2025-09-04T14:57:26","slug":"vehiculo-donde-se-conducia-alcalde-de-san-jose-chacaya-sufre-percance","status":"publish","type":"post","link":"https:\/\/elmetropolitano.com.gt\/es\/vehiculo-donde-se-conducia-alcalde-de-san-jose-chacaya-sufre-percance\/","title":{"rendered":"Veh\u00edculo donde se conduc\u00eda alcalde de San Jos\u00e9 Chacay\u00e1 sufre percance"},"content":{"rendered":"\n<p><a><\/a>Un accidente de tr\u00e1nsito se registr\u00f3 este miercoles a la altura del kil\u00f3metro 153 de la carretera Interamericana, jurisdicci\u00f3n de Nahual\u00e1, Solol\u00e1, donde se vieron involucrados dos veh\u00edculos, uno de ellos donde viajaba el alcalde municipal de San Jos\u00e9 Chacaya Luis Florencio Garc\u00eda Chuta<\/p>\n\n\n\n<p>Al arribar los cuerpos de socorro, los vecinos informaron que los tripulantes ya hab\u00edan sido trasladados por sus propios medios, por lo que no se reportaron heridos atendidos en el lugar.<\/p><div class=\"elmet-contenido\" id=\"elmet-2050035527\"><div class=\"elmet-adlabel\">Anuncios<\/div><div style=\"margin-top: 20px;margin-right: 20px;margin-bottom: 20px;margin-left: 20px;\" id=\"elmet-493931742\"><a href=\"https:\/\/www.facebook.com\/arrincuanantigua\/\" aria-label=\"cintillo-arrin-cual\"><img loading=\"lazy\" decoding=\"async\" src=\"https:\/\/elmetropolitano.com.gt\/es\/wp-content\/uploads\/2021\/11\/cintillo-arrin-cual-1.jpg\" alt=\"\"  srcset=\"https:\/\/elmetropolitano.com.gt\/es\/wp-content\/uploads\/2021\/11\/cintillo-arrin-cual-1.jpg 750w, https:\/\/elmetropolitano.com.gt\/es\/wp-content\/uploads\/2021\/11\/cintillo-arrin-cual-1-300x36.jpg 300w, https:\/\/elmetropolitano.com.gt\/es\/wp-content\/uploads\/2021\/11\/cintillo-arrin-cual-1-600x72.jpg 600w\" sizes=\"(max-width: 750px) 100vw, 750px\" width=\"750\" height=\"90\"   \/><\/a><\/div><\/div>\n\n\n\n<p>Se desconoce el estado de alcalde Luis Florenci\u00f3 Garc\u00eda Chuta y acompa\u00f1ante quienes viajaba en el veh\u00edculo.<\/p>\n\n\n\n<p>Hasta el momento se desconoce como fue el percance vehicular, se conoce que los tripulantes fueron trasladados a centros privado en el occidente del pa\u00eds.<\/p>\n\n\n\n<figure class=\"wp-block-gallery has-nested-images columns-default is-cropped wp-block-gallery-1 is-layout-flex wp-block-gallery-is-layout-flex\">\n<figure class=\"wp-block-image size-large\"><img loading=\"lazy\" decoding=\"async\" width=\"637\" height=\"1024\" data-id=\"111008\" src=\"https:\/\/elmetropolitano.com.gt\/es\/wp-content\/uploads\/2025\/09\/542089545_122177490578516566_4120094714441647817_n-1-637x1024.jpg\" alt=\"\" class=\"wp-image-111008\" srcset=\"https:\/\/elmetropolitano.com.gt\/es\/wp-content\/uploads\/2025\/09\/542089545_122177490578516566_4120094714441647817_n-1-637x1024.jpg 637w, https:\/\/elmetropolitano.com.gt\/es\/wp-content\/uploads\/2025\/09\/542089545_122177490578516566_4120094714441647817_n-1-186x300.jpg 186w, https:\/\/elmetropolitano.com.gt\/es\/wp-content\/uploads\/2025\/09\/542089545_122177490578516566_4120094714441647817_n-1.jpg 672w\" sizes=\"auto, (max-width: 637px) 100vw, 637px\" \/><\/figure>\n\n\n\n<figure class=\"wp-block-image size-large\"><img loading=\"lazy\" decoding=\"async\" width=\"705\" height=\"622\" data-id=\"111007\" src=\"https:\/\/elmetropolitano.com.gt\/es\/wp-content\/uploads\/2025\/09\/543112205_122177490398516566_4331308997231802984_n.jpg\" alt=\"\" class=\"wp-image-111007\" srcset=\"https:\/\/elmetropolitano.com.gt\/es\/wp-content\/uploads\/2025\/09\/543112205_122177490398516566_4331308997231802984_n.jpg 705w, https:\/\/elmetropolitano.com.gt\/es\/wp-content\/uploads\/2025\/09\/543112205_122177490398516566_4331308997231802984_n-300x265.jpg 300w\" sizes=\"auto, (max-width: 705px) 100vw, 705px\" \/><\/figure>\n<\/figure>\n","protected":false},"excerpt":{"rendered":"<p>Un accidente de tr\u00e1nsito se registr\u00f3 este miercoles a la altura del kil\u00f3metro 153 de la carretera Interamericana, jurisdicci\u00f3n de Nahual\u00e1, Solol\u00e1, donde se vieron involucrados dos veh\u00edculos, uno de ellos donde viajaba el alcalde municipal de San Jos\u00e9 Chacaya Luis Florencio Garc\u00eda Chuta Al arribar los cuerpos de socorro, los vecinos informaron que los <a class=\"read-more\" href=\"https:\/\/elmetropolitano.com.gt\/es\/vehiculo-donde-se-conducia-alcalde-de-san-jose-chacaya-sufre-percance\/\">Leer m\u00e1s<\/a><\/p>\n","protected":false},"author":1,"featured_media":111006,"comment_status":"open","ping_status":"closed","sticky":false,"template":"","format":"standard","meta":{"footnotes":""},"categories":[4],"tags":[13],"class_list":["post-111005","post","type-post","status-publish","format-standard","has-post-thumbnail","hentry","category-departamentales","tag-departamentales"],"_links":{"self":[{"href":"https:\/\/elmetropolitano.com.gt\/es\/wp-json\/wp\/v2\/posts\/111005","targetHints":{"allow":["GET"]}}],"collection":[{"href":"https:\/\/elmetropolitano.com.gt\/es\/wp-json\/wp\/v2\/posts"}],"about":[{"href":"https:\/\/elmetropolitano.com.gt\/es\/wp-json\/wp\/v2\/types\/post"}],"author":[{"embeddable":true,"href":"https:\/\/elmetropolitano.com.gt\/es\/wp-json\/wp\/v2\/users\/1"}],"replies":[{"embeddable":true,"href":"https:\/\/elmetropolitano.com.gt\/es\/wp-json\/wp\/v2\/comments?post=111005"}],"version-history":[{"count":1,"href":"https:\/\/elmetropolitano.com.gt\/es\/wp-json\/wp\/v2\/posts\/111005\/revisions"}],"predecessor-version":[{"id":111009,"href":"https:\/\/elmetropolitano.com.gt\/es\/wp-json\/wp\/v2\/posts\/111005\/revisions\/111009"}],"wp:featuredmedia":[{"embeddable":true,"href":"https:\/\/elmetropolitano.com.gt\/es\/wp-json\/wp\/v2\/media\/111006"}],"wp:attachment":[{"href":"https:\/\/elmetropolitano.com.gt\/es\/wp-json\/wp\/v2\/media?parent=111005"}],"wp:term":[{"taxonomy":"category","embeddable":true,"href":"https:\/\/elmetropolitano.com.gt\/es\/wp-json\/wp\/v2\/categories?post=111005"},{"taxonomy":"post_tag","embeddable":true,"href":"https:\/\/elmetropolitano.com.gt\/es\/wp-json\/wp\/v2\/tags?post=111005"}],"curies":[{"name":"wp","href":"https:\/\/api.w.org\/{rel}","templated":true}]}}