{"id":111039,"date":"2025-09-04T09:15:45","date_gmt":"2025-09-04T15:15:45","guid":{"rendered":"https:\/\/elmetropolitano.com.gt\/es\/?p=111039"},"modified":"2025-09-04T09:15:45","modified_gmt":"2025-09-04T15:15:45","slug":"las-banderas-negras-desplazan-el-azul-y-blanco-en-todo-solola","status":"publish","type":"post","link":"https:\/\/elmetropolitano.com.gt\/es\/las-banderas-negras-desplazan-el-azul-y-blanco-en-todo-solola\/","title":{"rendered":"Las banderas negras desplazan el azul y blanco en todo Solol\u00e1"},"content":{"rendered":"\n<p><a><\/a>En lugar del escudo nacional, las banderas negras que ondean en el mes patrio en el municipio de Solola presentan el rostro de Esteban Toc, exvicealcalde ind\u00edgena de Solol\u00e1, como s\u00edmbolo de rechazo a las acciones del Ministerio P\u00fablico MP contra las autoridades ind\u00edgenas.<\/p>\n\n\n\n<p>Este acto simb\u00f3lico refleja la indignaci\u00f3n y solidaridad de las comunidades ind\u00edgenas en Solol\u00e1, que exigen la liberaci\u00f3n inmediata de Esteban Toc y por ello el 14 y 15 no habr\u00e1 celebraci\u00f3n de las fiestas de independencia<\/p><div class=\"elmet-contenido\" id=\"elmet-913946127\"><div class=\"elmet-adlabel\">Anuncios<\/div><div style=\"margin-top: 20px;margin-right: 20px;margin-bottom: 20px;margin-left: 20px;\" id=\"elmet-4160982348\"><a href=\"https:\/\/www.facebook.com\/arrincuanantigua\/\" aria-label=\"cintillo-arrin-cual\"><img loading=\"lazy\" decoding=\"async\" src=\"https:\/\/elmetropolitano.com.gt\/es\/wp-content\/uploads\/2021\/11\/cintillo-arrin-cual-1.jpg\" alt=\"\"  srcset=\"https:\/\/elmetropolitano.com.gt\/es\/wp-content\/uploads\/2021\/11\/cintillo-arrin-cual-1.jpg 750w, https:\/\/elmetropolitano.com.gt\/es\/wp-content\/uploads\/2021\/11\/cintillo-arrin-cual-1-300x36.jpg 300w, https:\/\/elmetropolitano.com.gt\/es\/wp-content\/uploads\/2021\/11\/cintillo-arrin-cual-1-600x72.jpg 600w\" sizes=\"(max-width: 750px) 100vw, 750px\" width=\"750\" height=\"90\"   \/><\/a><\/div><\/div>\n\n\n\n<p>Las consignas, como <a href=\"https:\/\/www.facebook.com\/hashtag\/libertadestebantoc?__eep__=6&amp;__cft__[0]=AZWCtFwc3prwetP5HeuoVz6VD2STiRVi0T2DU9WP8JT3ezhE3saGXidd-GhQIB4WlPnUkMMVtRd2JgWtWjhhGaMnDeb_RJVYMFimw7lqrgPH06FJncePrkJpS62SApLd839UMJi2UFKKwpKzlK-iPM56eoTeGc-W5nyp6YYKHLHS4P8eBqK2nIhjMZ_Be7leHSlSaIwSjPPx8K1SU33U17mlFEqxCmt-BKxRLFJtoGjNSA&amp;__tn__=*NK-y-R\">#libertadestebantoc<\/a> y <a href=\"https:\/\/www.facebook.com\/hashtag\/nadaquecelebrar?__eep__=6&amp;__cft__[0]=AZWCtFwc3prwetP5HeuoVz6VD2STiRVi0T2DU9WP8JT3ezhE3saGXidd-GhQIB4WlPnUkMMVtRd2JgWtWjhhGaMnDeb_RJVYMFimw7lqrgPH06FJncePrkJpS62SApLd839UMJi2UFKKwpKzlK-iPM56eoTeGc-W5nyp6YYKHLHS4P8eBqK2nIhjMZ_Be7leHSlSaIwSjPPx8K1SU33U17mlFEqxCmt-BKxRLFJtoGjNSA&amp;__tn__=*NK-y-R\">#NadaQueCelebrar<\/a>, han inundado las calles y redes sociales, dejando claro que este 15 de septiembre no hay nada que celebrar mientras persista la persecuci\u00f3n pol\u00edtica contra los pueblos originarios por parte del Ministerio Publico MP que dirige la fiscal Consuelo Porras<\/p>\n\n\n\n<p>Algo est\u00e1 claro aqu\u00ed en Solola, que tanto el Ministerio P\u00fablico MP como su representante en el Congreqo de la Rep\u00fablica el diputado del Partido Vamos Allan Rodr\u00edguez son \u201cenemigos\u201d del pueblo de Solola.<\/p>\n\n\n\n<p><a href=\"https:\/\/www.facebook.com\/hashtag\/libertadestebantoc?__eep__=6&amp;__cft__[0]=AZWCtFwc3prwetP5HeuoVz6VD2STiRVi0T2DU9WP8JT3ezhE3saGXidd-GhQIB4WlPnUkMMVtRd2JgWtWjhhGaMnDeb_RJVYMFimw7lqrgPH06FJncePrkJpS62SApLd839UMJi2UFKKwpKzlK-iPM56eoTeGc-W5nyp6YYKHLHS4P8eBqK2nIhjMZ_Be7leHSlSaIwSjPPx8K1SU33U17mlFEqxCmt-BKxRLFJtoGjNSA&amp;__tn__=*NK-y-R\">#LibertadEstebanToc<\/a><a href=\"https:\/\/www.facebook.com\/hashtag\/solola?__eep__=6&amp;__cft__[0]=AZWCtFwc3prwetP5HeuoVz6VD2STiRVi0T2DU9WP8JT3ezhE3saGXidd-GhQIB4WlPnUkMMVtRd2JgWtWjhhGaMnDeb_RJVYMFimw7lqrgPH06FJncePrkJpS62SApLd839UMJi2UFKKwpKzlK-iPM56eoTeGc-W5nyp6YYKHLHS4P8eBqK2nIhjMZ_Be7leHSlSaIwSjPPx8K1SU33U17mlFEqxCmt-BKxRLFJtoGjNSA&amp;__tn__=*NK-y-R\">#Solola<\/a><a href=\"https:\/\/www.facebook.com\/hashtag\/nadaquecelebrar?__eep__=6&amp;__cft__[0]=AZWCtFwc3prwetP5HeuoVz6VD2STiRVi0T2DU9WP8JT3ezhE3saGXidd-GhQIB4WlPnUkMMVtRd2JgWtWjhhGaMnDeb_RJVYMFimw7lqrgPH06FJncePrkJpS62SApLd839UMJi2UFKKwpKzlK-iPM56eoTeGc-W5nyp6YYKHLHS4P8eBqK2nIhjMZ_Be7leHSlSaIwSjPPx8K1SU33U17mlFEqxCmt-BKxRLFJtoGjNSA&amp;__tn__=*NK-y-R\">#NadaQueCelebrar<\/a><a href=\"https:\/\/www.facebook.com\/hashtag\/poyoaestebantoc?__eep__=6&amp;__cft__[0]=AZWCtFwc3prwetP5HeuoVz6VD2STiRVi0T2DU9WP8JT3ezhE3saGXidd-GhQIB4WlPnUkMMVtRd2JgWtWjhhGaMnDeb_RJVYMFimw7lqrgPH06FJncePrkJpS62SApLd839UMJi2UFKKwpKzlK-iPM56eoTeGc-W5nyp6YYKHLHS4P8eBqK2nIhjMZ_Be7leHSlSaIwSjPPx8K1SU33U17mlFEqxCmt-BKxRLFJtoGjNSA&amp;__tn__=*NK-y-R\">#PoyoaEstebanToc<\/a><\/p>\n\n\n\n<figure class=\"wp-block-gallery has-nested-images columns-default is-cropped wp-block-gallery-1 is-layout-flex wp-block-gallery-is-layout-flex\">\n<figure class=\"wp-block-image size-large\"><img loading=\"lazy\" decoding=\"async\" width=\"951\" height=\"561\" data-id=\"111041\" src=\"https:\/\/elmetropolitano.com.gt\/es\/wp-content\/uploads\/2025\/09\/541402319_122177510054516566_5989770913830140484_n.jpg\" alt=\"\" class=\"wp-image-111041\" srcset=\"https:\/\/elmetropolitano.com.gt\/es\/wp-content\/uploads\/2025\/09\/541402319_122177510054516566_5989770913830140484_n.jpg 951w, https:\/\/elmetropolitano.com.gt\/es\/wp-content\/uploads\/2025\/09\/541402319_122177510054516566_5989770913830140484_n-300x177.jpg 300w, https:\/\/elmetropolitano.com.gt\/es\/wp-content\/uploads\/2025\/09\/541402319_122177510054516566_5989770913830140484_n-768x453.jpg 768w\" sizes=\"auto, (max-width: 951px) 100vw, 951px\" \/><\/figure>\n\n\n\n<figure class=\"wp-block-image size-large\"><img loading=\"lazy\" decoding=\"async\" width=\"1024\" height=\"564\" data-id=\"111043\" src=\"https:\/\/elmetropolitano.com.gt\/es\/wp-content\/uploads\/2025\/09\/541507938_122177510114516566_4872480120434693796_n-1024x564.jpg\" alt=\"\" class=\"wp-image-111043\" srcset=\"https:\/\/elmetropolitano.com.gt\/es\/wp-content\/uploads\/2025\/09\/541507938_122177510114516566_4872480120434693796_n-1024x564.jpg 1024w, https:\/\/elmetropolitano.com.gt\/es\/wp-content\/uploads\/2025\/09\/541507938_122177510114516566_4872480120434693796_n-300x165.jpg 300w, https:\/\/elmetropolitano.com.gt\/es\/wp-content\/uploads\/2025\/09\/541507938_122177510114516566_4872480120434693796_n-768x423.jpg 768w, https:\/\/elmetropolitano.com.gt\/es\/wp-content\/uploads\/2025\/09\/541507938_122177510114516566_4872480120434693796_n.jpg 1148w\" sizes=\"auto, (max-width: 1024px) 100vw, 1024px\" \/><\/figure>\n\n\n\n<figure class=\"wp-block-image size-large\"><img loading=\"lazy\" decoding=\"async\" width=\"1024\" height=\"532\" data-id=\"111045\" src=\"https:\/\/elmetropolitano.com.gt\/es\/wp-content\/uploads\/2025\/09\/541761599_122177510138516566_1799417310583505625_n-1024x532.jpg\" alt=\"\" class=\"wp-image-111045\" srcset=\"https:\/\/elmetropolitano.com.gt\/es\/wp-content\/uploads\/2025\/09\/541761599_122177510138516566_1799417310583505625_n-1024x532.jpg 1024w, https:\/\/elmetropolitano.com.gt\/es\/wp-content\/uploads\/2025\/09\/541761599_122177510138516566_1799417310583505625_n-300x156.jpg 300w, https:\/\/elmetropolitano.com.gt\/es\/wp-content\/uploads\/2025\/09\/541761599_122177510138516566_1799417310583505625_n-768x399.jpg 768w, https:\/\/elmetropolitano.com.gt\/es\/wp-content\/uploads\/2025\/09\/541761599_122177510138516566_1799417310583505625_n.jpg 1200w\" sizes=\"auto, (max-width: 1024px) 100vw, 1024px\" \/><\/figure>\n\n\n\n<figure class=\"wp-block-image size-large\"><img loading=\"lazy\" decoding=\"async\" width=\"1024\" height=\"614\" data-id=\"111046\" src=\"https:\/\/elmetropolitano.com.gt\/es\/wp-content\/uploads\/2025\/09\/541814556_122177510156516566_5472228315422174894_n-1024x614.jpg\" alt=\"\" class=\"wp-image-111046\" srcset=\"https:\/\/elmetropolitano.com.gt\/es\/wp-content\/uploads\/2025\/09\/541814556_122177510156516566_5472228315422174894_n-1024x614.jpg 1024w, https:\/\/elmetropolitano.com.gt\/es\/wp-content\/uploads\/2025\/09\/541814556_122177510156516566_5472228315422174894_n-300x180.jpg 300w, https:\/\/elmetropolitano.com.gt\/es\/wp-content\/uploads\/2025\/09\/541814556_122177510156516566_5472228315422174894_n-768x461.jpg 768w, https:\/\/elmetropolitano.com.gt\/es\/wp-content\/uploads\/2025\/09\/541814556_122177510156516566_5472228315422174894_n.jpg 1200w\" sizes=\"auto, (max-width: 1024px) 100vw, 1024px\" \/><\/figure>\n\n\n\n<figure class=\"wp-block-image size-large\"><img loading=\"lazy\" decoding=\"async\" width=\"1024\" height=\"471\" data-id=\"111044\" src=\"https:\/\/elmetropolitano.com.gt\/es\/wp-content\/uploads\/2025\/09\/542141618_122177510126516566_427041791831088552_n-1024x471.jpg\" alt=\"\" class=\"wp-image-111044\" srcset=\"https:\/\/elmetropolitano.com.gt\/es\/wp-content\/uploads\/2025\/09\/542141618_122177510126516566_427041791831088552_n-1024x471.jpg 1024w, https:\/\/elmetropolitano.com.gt\/es\/wp-content\/uploads\/2025\/09\/542141618_122177510126516566_427041791831088552_n-300x138.jpg 300w, https:\/\/elmetropolitano.com.gt\/es\/wp-content\/uploads\/2025\/09\/542141618_122177510126516566_427041791831088552_n-768x353.jpg 768w, https:\/\/elmetropolitano.com.gt\/es\/wp-content\/uploads\/2025\/09\/542141618_122177510126516566_427041791831088552_n.jpg 1148w\" sizes=\"auto, (max-width: 1024px) 100vw, 1024px\" \/><\/figure>\n\n\n\n<figure class=\"wp-block-image size-large\"><img loading=\"lazy\" decoding=\"async\" width=\"862\" height=\"491\" data-id=\"111042\" src=\"https:\/\/elmetropolitano.com.gt\/es\/wp-content\/uploads\/2025\/09\/542750386_122177510048516566_3458175026300235325_n-1.jpg\" alt=\"\" class=\"wp-image-111042\" srcset=\"https:\/\/elmetropolitano.com.gt\/es\/wp-content\/uploads\/2025\/09\/542750386_122177510048516566_3458175026300235325_n-1.jpg 862w, https:\/\/elmetropolitano.com.gt\/es\/wp-content\/uploads\/2025\/09\/542750386_122177510048516566_3458175026300235325_n-1-300x171.jpg 300w, https:\/\/elmetropolitano.com.gt\/es\/wp-content\/uploads\/2025\/09\/542750386_122177510048516566_3458175026300235325_n-1-768x437.jpg 768w\" sizes=\"auto, (max-width: 862px) 100vw, 862px\" \/><\/figure>\n<\/figure>\n","protected":false},"excerpt":{"rendered":"<p>En lugar del escudo nacional, las banderas negras que ondean en el mes patrio en el municipio de Solola presentan el rostro de Esteban Toc, exvicealcalde ind\u00edgena de Solol\u00e1, como s\u00edmbolo de rechazo a las acciones del Ministerio P\u00fablico MP contra las autoridades ind\u00edgenas. Este acto simb\u00f3lico refleja la indignaci\u00f3n y solidaridad de las comunidades <a class=\"read-more\" href=\"https:\/\/elmetropolitano.com.gt\/es\/las-banderas-negras-desplazan-el-azul-y-blanco-en-todo-solola\/\">Leer m\u00e1s<\/a><\/p>\n","protected":false},"author":1,"featured_media":111040,"comment_status":"open","ping_status":"closed","sticky":false,"template":"","format":"standard","meta":{"footnotes":""},"categories":[4],"tags":[13],"class_list":["post-111039","post","type-post","status-publish","format-standard","has-post-thumbnail","hentry","category-departamentales","tag-departamentales"],"_links":{"self":[{"href":"https:\/\/elmetropolitano.com.gt\/es\/wp-json\/wp\/v2\/posts\/111039","targetHints":{"allow":["GET"]}}],"collection":[{"href":"https:\/\/elmetropolitano.com.gt\/es\/wp-json\/wp\/v2\/posts"}],"about":[{"href":"https:\/\/elmetropolitano.com.gt\/es\/wp-json\/wp\/v2\/types\/post"}],"author":[{"embeddable":true,"href":"https:\/\/elmetropolitano.com.gt\/es\/wp-json\/wp\/v2\/users\/1"}],"replies":[{"embeddable":true,"href":"https:\/\/elmetropolitano.com.gt\/es\/wp-json\/wp\/v2\/comments?post=111039"}],"version-history":[{"count":1,"href":"https:\/\/elmetropolitano.com.gt\/es\/wp-json\/wp\/v2\/posts\/111039\/revisions"}],"predecessor-version":[{"id":111047,"href":"https:\/\/elmetropolitano.com.gt\/es\/wp-json\/wp\/v2\/posts\/111039\/revisions\/111047"}],"wp:featuredmedia":[{"embeddable":true,"href":"https:\/\/elmetropolitano.com.gt\/es\/wp-json\/wp\/v2\/media\/111040"}],"wp:attachment":[{"href":"https:\/\/elmetropolitano.com.gt\/es\/wp-json\/wp\/v2\/media?parent=111039"}],"wp:term":[{"taxonomy":"category","embeddable":true,"href":"https:\/\/elmetropolitano.com.gt\/es\/wp-json\/wp\/v2\/categories?post=111039"},{"taxonomy":"post_tag","embeddable":true,"href":"https:\/\/elmetropolitano.com.gt\/es\/wp-json\/wp\/v2\/tags?post=111039"}],"curies":[{"name":"wp","href":"https:\/\/api.w.org\/{rel}","templated":true}]}}