{"id":111066,"date":"2025-09-04T09:22:44","date_gmt":"2025-09-04T15:22:44","guid":{"rendered":"https:\/\/elmetropolitano.com.gt\/es\/?p=111066"},"modified":"2025-09-04T09:22:45","modified_gmt":"2025-09-04T15:22:45","slug":"la-antorcha-llego-a-jalpatagua-jutiapa-hoy-se-entrega-a-las-autoridades-de-el-salvador","status":"publish","type":"post","link":"https:\/\/elmetropolitano.com.gt\/es\/la-antorcha-llego-a-jalpatagua-jutiapa-hoy-se-entrega-a-las-autoridades-de-el-salvador\/","title":{"rendered":"La Antorcha lleg\u00f3 a Jalpatagua, Jutiapa, hoy se entrega a las autoridades de El Salvador"},"content":{"rendered":"\n<p><a><\/a>La Antorcha Centroamericana por la Paz y la Libertad lleg\u00f3 anoche al municipio de Jalpatagua, Jutiapa, proveniente de la ciudad capital encabezada por el gobernador departamental de Guatemala, Mauricio Bernard, el alcalde de Jalpatagua, Armando V\u00e1squez y la directora de la DIGEF, Yania Ortiz donde fue recibida con entusiasmo por un pueblo lleno de patriotismo.<\/p>\n\n\n\n<p>Estudiantes de todos los niveles educativos, de establecimientos p\u00fablicos y privados, engalanaron la jornada con un derroche de talento art\u00edstico y cultural, a trav\u00e9s de actos c\u00edvicos y presentaciones que reafirmaron el orgullo de ser guatemaltecos.<\/p><div class=\"elmet-contenido\" id=\"elmet-815193880\"><div class=\"elmet-adlabel\">Anuncios<\/div><div style=\"margin-top: 20px;margin-right: 20px;margin-bottom: 20px;margin-left: 20px;\" id=\"elmet-3092514730\"><a href=\"https:\/\/www.facebook.com\/arrincuanantigua\/\" aria-label=\"cintillo-arrin-cual\"><img loading=\"lazy\" decoding=\"async\" src=\"https:\/\/elmetropolitano.com.gt\/es\/wp-content\/uploads\/2021\/11\/cintillo-arrin-cual-1.jpg\" alt=\"\"  srcset=\"https:\/\/elmetropolitano.com.gt\/es\/wp-content\/uploads\/2021\/11\/cintillo-arrin-cual-1.jpg 750w, https:\/\/elmetropolitano.com.gt\/es\/wp-content\/uploads\/2021\/11\/cintillo-arrin-cual-1-300x36.jpg 300w, https:\/\/elmetropolitano.com.gt\/es\/wp-content\/uploads\/2021\/11\/cintillo-arrin-cual-1-600x72.jpg 600w\" sizes=\"(max-width: 750px) 100vw, 750px\" width=\"750\" height=\"90\"   \/><\/a><\/div><\/div>\n\n\n\n<p>Con esta celebraci\u00f3n, la comunidad jalpataguense se une a las actividades conmemorativas del Mes Patrio, fortaleciendo los lazos de unidad y la herencia hist\u00f3rica de la independencia de Centroam\u00e9rica.<\/p>\n\n\n\n<p>Antorcha culminar\u00e1 hoy jueves su trayecto por Guatemala, cuando sea entregado a las 9 de la ma\u00f1ana en el puente fronterizo de El Jobo a las autoridades del vecino pa\u00eds de El Salvador.<\/p>\n\n\n\n<p><a href=\"https:\/\/www.facebook.com\/hashtag\/patriotismo?__eep__=6&amp;__cft__[0]=AZXVtDcdnB8XzXj_OUv4n0Gm0Iuc0927bBMOjMy1z2eQr01nnRzGUO5gDva55D48NLZbHnAwrDB09v33eIg2QDaTWAHgG_5nifZJSg5mr2Mv2f0HBE4ydoRXJVO5kxw9YFrJBGzKMnxj5QfwYt_CrHNspYiOhUPXAD5y76fJq4CAn5h2OvVxjjgPXzActS_e4u0&amp;__tn__=*NK-R\">#patriotismo<\/a><a href=\"https:\/\/www.facebook.com\/hashtag\/civismo?__eep__=6&amp;__cft__[0]=AZXVtDcdnB8XzXj_OUv4n0Gm0Iuc0927bBMOjMy1z2eQr01nnRzGUO5gDva55D48NLZbHnAwrDB09v33eIg2QDaTWAHgG_5nifZJSg5mr2Mv2f0HBE4ydoRXJVO5kxw9YFrJBGzKMnxj5QfwYt_CrHNspYiOhUPXAD5y76fJq4CAn5h2OvVxjjgPXzActS_e4u0&amp;__tn__=*NK-R\">#Civismo<\/a><a href=\"https:\/\/www.facebook.com\/hashtag\/digef?__eep__=6&amp;__cft__[0]=AZXVtDcdnB8XzXj_OUv4n0Gm0Iuc0927bBMOjMy1z2eQr01nnRzGUO5gDva55D48NLZbHnAwrDB09v33eIg2QDaTWAHgG_5nifZJSg5mr2Mv2f0HBE4ydoRXJVO5kxw9YFrJBGzKMnxj5QfwYt_CrHNspYiOhUPXAD5y76fJq4CAn5h2OvVxjjgPXzActS_e4u0&amp;__tn__=*NK-R\">#Digef<\/a><\/p>\n\n\n\n<figure class=\"wp-block-gallery has-nested-images columns-default is-cropped wp-block-gallery-1 is-layout-flex wp-block-gallery-is-layout-flex\">\n<figure class=\"wp-block-image size-large\"><img loading=\"lazy\" decoding=\"async\" width=\"960\" height=\"669\" data-id=\"111068\" src=\"https:\/\/elmetropolitano.com.gt\/es\/wp-content\/uploads\/2025\/09\/514269240_1318034506989296_7090424897536439700_n.jpg\" alt=\"\" class=\"wp-image-111068\" srcset=\"https:\/\/elmetropolitano.com.gt\/es\/wp-content\/uploads\/2025\/09\/514269240_1318034506989296_7090424897536439700_n.jpg 960w, https:\/\/elmetropolitano.com.gt\/es\/wp-content\/uploads\/2025\/09\/514269240_1318034506989296_7090424897536439700_n-300x209.jpg 300w, https:\/\/elmetropolitano.com.gt\/es\/wp-content\/uploads\/2025\/09\/514269240_1318034506989296_7090424897536439700_n-768x535.jpg 768w\" sizes=\"auto, (max-width: 960px) 100vw, 960px\" \/><\/figure>\n\n\n\n<figure class=\"wp-block-image size-large\"><img loading=\"lazy\" decoding=\"async\" width=\"960\" height=\"720\" data-id=\"111070\" src=\"https:\/\/elmetropolitano.com.gt\/es\/wp-content\/uploads\/2025\/09\/514279227_1318034326989314_7977716145483859342_n.jpg\" alt=\"\" class=\"wp-image-111070\" srcset=\"https:\/\/elmetropolitano.com.gt\/es\/wp-content\/uploads\/2025\/09\/514279227_1318034326989314_7977716145483859342_n.jpg 960w, https:\/\/elmetropolitano.com.gt\/es\/wp-content\/uploads\/2025\/09\/514279227_1318034326989314_7977716145483859342_n-300x225.jpg 300w, https:\/\/elmetropolitano.com.gt\/es\/wp-content\/uploads\/2025\/09\/514279227_1318034326989314_7977716145483859342_n-768x576.jpg 768w\" sizes=\"auto, (max-width: 960px) 100vw, 960px\" \/><\/figure>\n\n\n\n<figure class=\"wp-block-image size-large\"><img loading=\"lazy\" decoding=\"async\" width=\"1011\" height=\"639\" data-id=\"111071\" src=\"https:\/\/elmetropolitano.com.gt\/es\/wp-content\/uploads\/2025\/09\/540690106_1318036780322402_8270808163557702947_n.jpg\" alt=\"\" class=\"wp-image-111071\" srcset=\"https:\/\/elmetropolitano.com.gt\/es\/wp-content\/uploads\/2025\/09\/540690106_1318036780322402_8270808163557702947_n.jpg 1011w, https:\/\/elmetropolitano.com.gt\/es\/wp-content\/uploads\/2025\/09\/540690106_1318036780322402_8270808163557702947_n-300x190.jpg 300w, https:\/\/elmetropolitano.com.gt\/es\/wp-content\/uploads\/2025\/09\/540690106_1318036780322402_8270808163557702947_n-768x485.jpg 768w\" sizes=\"auto, (max-width: 1011px) 100vw, 1011px\" \/><\/figure>\n\n\n\n<figure class=\"wp-block-image size-large\"><img loading=\"lazy\" decoding=\"async\" width=\"1024\" height=\"768\" data-id=\"111074\" src=\"https:\/\/elmetropolitano.com.gt\/es\/wp-content\/uploads\/2025\/09\/540981861_1318036816989065_4588715983096770689_n-1024x768.jpg\" alt=\"\" class=\"wp-image-111074\" srcset=\"https:\/\/elmetropolitano.com.gt\/es\/wp-content\/uploads\/2025\/09\/540981861_1318036816989065_4588715983096770689_n-1024x768.jpg 1024w, https:\/\/elmetropolitano.com.gt\/es\/wp-content\/uploads\/2025\/09\/540981861_1318036816989065_4588715983096770689_n-300x225.jpg 300w, https:\/\/elmetropolitano.com.gt\/es\/wp-content\/uploads\/2025\/09\/540981861_1318036816989065_4588715983096770689_n-768x576.jpg 768w, https:\/\/elmetropolitano.com.gt\/es\/wp-content\/uploads\/2025\/09\/540981861_1318036816989065_4588715983096770689_n-1536x1152.jpg 1536w, https:\/\/elmetropolitano.com.gt\/es\/wp-content\/uploads\/2025\/09\/540981861_1318036816989065_4588715983096770689_n.jpg 1800w\" sizes=\"auto, (max-width: 1024px) 100vw, 1024px\" \/><\/figure>\n\n\n\n<figure class=\"wp-block-image size-large\"><img loading=\"lazy\" decoding=\"async\" width=\"1011\" height=\"639\" data-id=\"111072\" src=\"https:\/\/elmetropolitano.com.gt\/es\/wp-content\/uploads\/2025\/09\/542222472_1318036716989075_432656561246066032_n-1.jpg\" alt=\"\" class=\"wp-image-111072\" srcset=\"https:\/\/elmetropolitano.com.gt\/es\/wp-content\/uploads\/2025\/09\/542222472_1318036716989075_432656561246066032_n-1.jpg 1011w, https:\/\/elmetropolitano.com.gt\/es\/wp-content\/uploads\/2025\/09\/542222472_1318036716989075_432656561246066032_n-1-300x190.jpg 300w, https:\/\/elmetropolitano.com.gt\/es\/wp-content\/uploads\/2025\/09\/542222472_1318036716989075_432656561246066032_n-1-768x485.jpg 768w\" sizes=\"auto, (max-width: 1011px) 100vw, 1011px\" \/><\/figure>\n\n\n\n<figure class=\"wp-block-image size-large\"><img loading=\"lazy\" decoding=\"async\" width=\"1011\" height=\"639\" data-id=\"111069\" src=\"https:\/\/elmetropolitano.com.gt\/es\/wp-content\/uploads\/2025\/09\/542676289_1318036786989068_5149215806850078701_n.jpg\" alt=\"\" class=\"wp-image-111069\" srcset=\"https:\/\/elmetropolitano.com.gt\/es\/wp-content\/uploads\/2025\/09\/542676289_1318036786989068_5149215806850078701_n.jpg 1011w, https:\/\/elmetropolitano.com.gt\/es\/wp-content\/uploads\/2025\/09\/542676289_1318036786989068_5149215806850078701_n-300x190.jpg 300w, https:\/\/elmetropolitano.com.gt\/es\/wp-content\/uploads\/2025\/09\/542676289_1318036786989068_5149215806850078701_n-768x485.jpg 768w\" sizes=\"auto, (max-width: 1011px) 100vw, 1011px\" \/><\/figure>\n\n\n\n<figure class=\"wp-block-image size-large\"><img loading=\"lazy\" decoding=\"async\" width=\"1011\" height=\"639\" data-id=\"111073\" src=\"https:\/\/elmetropolitano.com.gt\/es\/wp-content\/uploads\/2025\/09\/544498927_1318036836989063_5567332027142723627_n.jpg\" alt=\"\" class=\"wp-image-111073\" srcset=\"https:\/\/elmetropolitano.com.gt\/es\/wp-content\/uploads\/2025\/09\/544498927_1318036836989063_5567332027142723627_n.jpg 1011w, https:\/\/elmetropolitano.com.gt\/es\/wp-content\/uploads\/2025\/09\/544498927_1318036836989063_5567332027142723627_n-300x190.jpg 300w, https:\/\/elmetropolitano.com.gt\/es\/wp-content\/uploads\/2025\/09\/544498927_1318036836989063_5567332027142723627_n-768x485.jpg 768w\" sizes=\"auto, (max-width: 1011px) 100vw, 1011px\" \/><\/figure>\n<\/figure>\n","protected":false},"excerpt":{"rendered":"<p>La Antorcha Centroamericana por la Paz y la Libertad lleg\u00f3 anoche al municipio de Jalpatagua, Jutiapa, proveniente de la ciudad capital encabezada por el gobernador departamental de Guatemala, Mauricio Bernard, el alcalde de Jalpatagua, Armando V\u00e1squez y la directora de la DIGEF, Yania Ortiz donde fue recibida con entusiasmo por un pueblo lleno de patriotismo. <a class=\"read-more\" href=\"https:\/\/elmetropolitano.com.gt\/es\/la-antorcha-llego-a-jalpatagua-jutiapa-hoy-se-entrega-a-las-autoridades-de-el-salvador\/\">Leer m\u00e1s<\/a><\/p>\n","protected":false},"author":1,"featured_media":111067,"comment_status":"open","ping_status":"closed","sticky":false,"template":"","format":"standard","meta":{"footnotes":""},"categories":[4],"tags":[13],"class_list":["post-111066","post","type-post","status-publish","format-standard","has-post-thumbnail","hentry","category-departamentales","tag-departamentales"],"_links":{"self":[{"href":"https:\/\/elmetropolitano.com.gt\/es\/wp-json\/wp\/v2\/posts\/111066","targetHints":{"allow":["GET"]}}],"collection":[{"href":"https:\/\/elmetropolitano.com.gt\/es\/wp-json\/wp\/v2\/posts"}],"about":[{"href":"https:\/\/elmetropolitano.com.gt\/es\/wp-json\/wp\/v2\/types\/post"}],"author":[{"embeddable":true,"href":"https:\/\/elmetropolitano.com.gt\/es\/wp-json\/wp\/v2\/users\/1"}],"replies":[{"embeddable":true,"href":"https:\/\/elmetropolitano.com.gt\/es\/wp-json\/wp\/v2\/comments?post=111066"}],"version-history":[{"count":1,"href":"https:\/\/elmetropolitano.com.gt\/es\/wp-json\/wp\/v2\/posts\/111066\/revisions"}],"predecessor-version":[{"id":111075,"href":"https:\/\/elmetropolitano.com.gt\/es\/wp-json\/wp\/v2\/posts\/111066\/revisions\/111075"}],"wp:featuredmedia":[{"embeddable":true,"href":"https:\/\/elmetropolitano.com.gt\/es\/wp-json\/wp\/v2\/media\/111067"}],"wp:attachment":[{"href":"https:\/\/elmetropolitano.com.gt\/es\/wp-json\/wp\/v2\/media?parent=111066"}],"wp:term":[{"taxonomy":"category","embeddable":true,"href":"https:\/\/elmetropolitano.com.gt\/es\/wp-json\/wp\/v2\/categories?post=111066"},{"taxonomy":"post_tag","embeddable":true,"href":"https:\/\/elmetropolitano.com.gt\/es\/wp-json\/wp\/v2\/tags?post=111066"}],"curies":[{"name":"wp","href":"https:\/\/api.w.org\/{rel}","templated":true}]}}