{"id":111135,"date":"2025-09-05T08:51:18","date_gmt":"2025-09-05T14:51:18","guid":{"rendered":"https:\/\/elmetropolitano.com.gt\/es\/?p=111135"},"modified":"2025-09-05T08:51:19","modified_gmt":"2025-09-05T14:51:19","slug":"mineduc-destituye-a-director-departamental-de-solola","status":"publish","type":"post","link":"https:\/\/elmetropolitano.com.gt\/es\/mineduc-destituye-a-director-departamental-de-solola\/","title":{"rendered":"Mineduc destituye a director departamental de Solol\u00e1"},"content":{"rendered":"\n<p><a><\/a>El Ministerio de Educaci\u00f3n (Mineduc) inform\u00f3, por medio de un comunicado, la destituci\u00f3n del director departamental de Educaci\u00f3n de Solol\u00e1, Adri\u00e1n Cruz Yac Tunay.<\/p>\n\n\n\n<p>Estas acciones se dieron posterior a que la Direcci\u00f3n Departamental de Educaci\u00f3n (Dideduc) de Solol\u00e1 informara que hab\u00eda tomado nota de una denuncia ciudadana ante un percance de tr\u00e1nsito acontecido este mi\u00e9rcoles 3 de septiembre, en el cual estar\u00eda involucrado personal de dicha direcci\u00f3n.<\/p><div class=\"elmet-contenido\" id=\"elmet-248571858\"><div class=\"elmet-adlabel\">Anuncios<\/div><div style=\"margin-top: 20px;margin-right: 20px;margin-bottom: 20px;margin-left: 20px;\" id=\"elmet-1891633256\"><a href=\"https:\/\/www.facebook.com\/arrincuanantigua\/\" aria-label=\"cintillo-arrin-cual\"><img loading=\"lazy\" decoding=\"async\" src=\"https:\/\/elmetropolitano.com.gt\/es\/wp-content\/uploads\/2021\/11\/cintillo-arrin-cual-1.jpg\" alt=\"\"  srcset=\"https:\/\/elmetropolitano.com.gt\/es\/wp-content\/uploads\/2021\/11\/cintillo-arrin-cual-1.jpg 750w, https:\/\/elmetropolitano.com.gt\/es\/wp-content\/uploads\/2021\/11\/cintillo-arrin-cual-1-300x36.jpg 300w, https:\/\/elmetropolitano.com.gt\/es\/wp-content\/uploads\/2021\/11\/cintillo-arrin-cual-1-600x72.jpg 600w\" sizes=\"(max-width: 750px) 100vw, 750px\" width=\"750\" height=\"90\"   \/><\/a><\/div><\/div>\n\n\n\n<p>Conforme a las disposiciones legales y administrativas vigentes, iniciaron una investigaci\u00f3n interna de inmediato para esclarecer los hechos y deducir las responsabilidades correspondientes. Como resultado, este jueves el Mineduc da a conocer la remoci\u00f3n de Yac.<\/p>\n\n\n\n<p>Al frente de esta dependencia educativa, de forma interina, asumir\u00e1 las funciones Pedro Iboy Chiroy, jefe en funciones del Departamento Administrativo Financiero de la misma Dideduc.<\/p>\n\n\n\n<p><a href=\"https:\/\/www.facebook.com\/hashtag\/solola?__eep__=6&amp;__cft__[0]=AZVyEGXrxzr44Bo4L_x2bVf-lJvZx0OTsxBb0r4IqGvtSj4eWKpMlUZTg6i3IAqDxNg3ibQIe42UkzdOHQwKSIEK7diCT0jMJqE69W0ej_RmFTwafS7GEvw0RlZGyJTpTYJCfhJ46R6kUVf5dHEi5I-M3bE_0CGzmIV1Mt5vQPwruOGkhcayCO_9n-thvimJXlE&amp;__tn__=*NK-R\">#Solola<\/a><a href=\"https:\/\/www.facebook.com\/hashtag\/mineduc?__eep__=6&amp;__cft__[0]=AZVyEGXrxzr44Bo4L_x2bVf-lJvZx0OTsxBb0r4IqGvtSj4eWKpMlUZTg6i3IAqDxNg3ibQIe42UkzdOHQwKSIEK7diCT0jMJqE69W0ej_RmFTwafS7GEvw0RlZGyJTpTYJCfhJ46R6kUVf5dHEi5I-M3bE_0CGzmIV1Mt5vQPwruOGkhcayCO_9n-thvimJXlE&amp;__tn__=*NK-R\">#Mineduc<\/a><a href=\"https:\/\/www.facebook.com\/hashtag\/metroredes?__eep__=6&amp;__cft__[0]=AZVyEGXrxzr44Bo4L_x2bVf-lJvZx0OTsxBb0r4IqGvtSj4eWKpMlUZTg6i3IAqDxNg3ibQIe42UkzdOHQwKSIEK7diCT0jMJqE69W0ej_RmFTwafS7GEvw0RlZGyJTpTYJCfhJ46R6kUVf5dHEi5I-M3bE_0CGzmIV1Mt5vQPwruOGkhcayCO_9n-thvimJXlE&amp;__tn__=*NK-R\">#metroredes<\/a> <a href=\"http:\/\/www.elmetropolitano.com.gt\/?fbclid=IwZXh0bgNhZW0CMTAAYnJpZBExVkpMY1RmMThRdmRpbmMxcgEeoZ-Crg6gqVWPpgvniSt1RVmxvnAAMmA6AQynXFtk8GN-yv7HrSVKi3KjmXw_aem_lm26L-zEJKH_syzGBsGTAw\" target=\"_blank\" rel=\"noreferrer noopener\">Www.elmetropolitano.com.gt<\/a> <a href=\"http:\/\/www.metroredes.com\/?fbclid=IwZXh0bgNhZW0CMTAAYnJpZBExVkpMY1RmMThRdmRpbmMxcgEevp-ruOmwDtKam4OA11hSHH38bSxsM8x5wi80hN0Pxe45pnk5uwividOTjEo_aem_5stqJdYWQYuq7XvJYwrSaw\" target=\"_blank\" rel=\"noreferrer noopener\">Www.metroredes.com<\/a><\/p>\n\n\n\n<figure class=\"wp-block-gallery has-nested-images columns-default is-cropped wp-block-gallery-1 is-layout-flex wp-block-gallery-is-layout-flex\">\n<figure class=\"wp-block-image size-large\"><img loading=\"lazy\" decoding=\"async\" width=\"1024\" height=\"512\" data-id=\"111137\" src=\"https:\/\/elmetropolitano.com.gt\/es\/wp-content\/uploads\/2025\/09\/544824219_1318617613597652_1715616852100048716_n-1.jpg\" alt=\"\" class=\"wp-image-111137\" srcset=\"https:\/\/elmetropolitano.com.gt\/es\/wp-content\/uploads\/2025\/09\/544824219_1318617613597652_1715616852100048716_n-1.jpg 1024w, https:\/\/elmetropolitano.com.gt\/es\/wp-content\/uploads\/2025\/09\/544824219_1318617613597652_1715616852100048716_n-1-300x150.jpg 300w, https:\/\/elmetropolitano.com.gt\/es\/wp-content\/uploads\/2025\/09\/544824219_1318617613597652_1715616852100048716_n-1-768x384.jpg 768w\" sizes=\"auto, (max-width: 1024px) 100vw, 1024px\" \/><\/figure>\n\n\n\n<figure class=\"wp-block-image size-large\"><img loading=\"lazy\" decoding=\"async\" width=\"793\" height=\"1024\" data-id=\"111138\" src=\"https:\/\/elmetropolitano.com.gt\/es\/wp-content\/uploads\/2025\/09\/543372425_1318617620264318_1840955874269748688_n-793x1024.jpg\" alt=\"\" class=\"wp-image-111138\" srcset=\"https:\/\/elmetropolitano.com.gt\/es\/wp-content\/uploads\/2025\/09\/543372425_1318617620264318_1840955874269748688_n-793x1024.jpg 793w, https:\/\/elmetropolitano.com.gt\/es\/wp-content\/uploads\/2025\/09\/543372425_1318617620264318_1840955874269748688_n-232x300.jpg 232w, https:\/\/elmetropolitano.com.gt\/es\/wp-content\/uploads\/2025\/09\/543372425_1318617620264318_1840955874269748688_n-768x991.jpg 768w, https:\/\/elmetropolitano.com.gt\/es\/wp-content\/uploads\/2025\/09\/543372425_1318617620264318_1840955874269748688_n-1190x1536.jpg 1190w, https:\/\/elmetropolitano.com.gt\/es\/wp-content\/uploads\/2025\/09\/543372425_1318617620264318_1840955874269748688_n.jpg 1266w\" sizes=\"auto, (max-width: 793px) 100vw, 793px\" \/><\/figure>\n<\/figure>\n","protected":false},"excerpt":{"rendered":"<p>El Ministerio de Educaci\u00f3n (Mineduc) inform\u00f3, por medio de un comunicado, la destituci\u00f3n del director departamental de Educaci\u00f3n de Solol\u00e1, Adri\u00e1n Cruz Yac Tunay. Estas acciones se dieron posterior a que la Direcci\u00f3n Departamental de Educaci\u00f3n (Dideduc) de Solol\u00e1 informara que hab\u00eda tomado nota de una denuncia ciudadana ante un percance de tr\u00e1nsito acontecido este <a class=\"read-more\" href=\"https:\/\/elmetropolitano.com.gt\/es\/mineduc-destituye-a-director-departamental-de-solola\/\">Leer m\u00e1s<\/a><\/p>\n","protected":false},"author":1,"featured_media":111136,"comment_status":"open","ping_status":"closed","sticky":false,"template":"","format":"standard","meta":{"footnotes":""},"categories":[4],"tags":[13],"class_list":["post-111135","post","type-post","status-publish","format-standard","has-post-thumbnail","hentry","category-departamentales","tag-departamentales"],"_links":{"self":[{"href":"https:\/\/elmetropolitano.com.gt\/es\/wp-json\/wp\/v2\/posts\/111135","targetHints":{"allow":["GET"]}}],"collection":[{"href":"https:\/\/elmetropolitano.com.gt\/es\/wp-json\/wp\/v2\/posts"}],"about":[{"href":"https:\/\/elmetropolitano.com.gt\/es\/wp-json\/wp\/v2\/types\/post"}],"author":[{"embeddable":true,"href":"https:\/\/elmetropolitano.com.gt\/es\/wp-json\/wp\/v2\/users\/1"}],"replies":[{"embeddable":true,"href":"https:\/\/elmetropolitano.com.gt\/es\/wp-json\/wp\/v2\/comments?post=111135"}],"version-history":[{"count":1,"href":"https:\/\/elmetropolitano.com.gt\/es\/wp-json\/wp\/v2\/posts\/111135\/revisions"}],"predecessor-version":[{"id":111139,"href":"https:\/\/elmetropolitano.com.gt\/es\/wp-json\/wp\/v2\/posts\/111135\/revisions\/111139"}],"wp:featuredmedia":[{"embeddable":true,"href":"https:\/\/elmetropolitano.com.gt\/es\/wp-json\/wp\/v2\/media\/111136"}],"wp:attachment":[{"href":"https:\/\/elmetropolitano.com.gt\/es\/wp-json\/wp\/v2\/media?parent=111135"}],"wp:term":[{"taxonomy":"category","embeddable":true,"href":"https:\/\/elmetropolitano.com.gt\/es\/wp-json\/wp\/v2\/categories?post=111135"},{"taxonomy":"post_tag","embeddable":true,"href":"https:\/\/elmetropolitano.com.gt\/es\/wp-json\/wp\/v2\/tags?post=111135"}],"curies":[{"name":"wp","href":"https:\/\/api.w.org\/{rel}","templated":true}]}}