{"id":111526,"date":"2025-09-09T16:23:53","date_gmt":"2025-09-09T22:23:53","guid":{"rendered":"https:\/\/elmetropolitano.com.gt\/es\/?p=111526"},"modified":"2025-09-09T16:23:54","modified_gmt":"2025-09-09T22:23:54","slug":"presidente-informa-sobre-los-gobiernos-departamentales-en-su-gira-a-tu-tierra","status":"publish","type":"post","link":"https:\/\/elmetropolitano.com.gt\/es\/presidente-informa-sobre-los-gobiernos-departamentales-en-su-gira-a-tu-tierra\/","title":{"rendered":"Presidente informa sobre los gobiernos departamentales en su gira a tu tierra"},"content":{"rendered":"\n<p><a><\/a>El presidente Bernardo Ar\u00e9valo lleva a cabo este martes otra etapa de su gira \u201cA tu tierra\u201d, esta vez en el departamento de Sacatep\u00e9quez, donde se reuni\u00f3 en La Antigua Guatemala con los delegados de los ministerios y secretar\u00edas de gobierno para informarles sobre el proyecto de gobiernos departamentales, as\u00ed como tambi\u00e9n miembros de la sociedad civil.<\/p>\n\n\n\n<p>\u201cEs un gusto estar siempre en Sacatep\u00e9quez, en esta joya de arquitectura colonial que ahora nos va a servir para tener una peque\u00f1a reuni\u00f3n de trabajo que es el inicio de un nuevo ciclo de trabajo como gobierno Ejecutivo en el departamento de Sacatep\u00e9quez\u201d, expres\u00f3 el presidente Ar\u00e9valo.<\/p><div class=\"elmet-contenido\" id=\"elmet-1395868821\"><div class=\"elmet-adlabel\">Anuncios<\/div><div style=\"margin-top: 20px;margin-right: 20px;margin-bottom: 20px;margin-left: 20px;\" id=\"elmet-1666627141\"><a href=\"https:\/\/www.facebook.com\/arrincuanantigua\/\" aria-label=\"cintillo-arrin-cual\"><img loading=\"lazy\" decoding=\"async\" src=\"https:\/\/elmetropolitano.com.gt\/es\/wp-content\/uploads\/2021\/11\/cintillo-arrin-cual-1.jpg\" alt=\"\"  srcset=\"https:\/\/elmetropolitano.com.gt\/es\/wp-content\/uploads\/2021\/11\/cintillo-arrin-cual-1.jpg 750w, https:\/\/elmetropolitano.com.gt\/es\/wp-content\/uploads\/2021\/11\/cintillo-arrin-cual-1-300x36.jpg 300w, https:\/\/elmetropolitano.com.gt\/es\/wp-content\/uploads\/2021\/11\/cintillo-arrin-cual-1-600x72.jpg 600w\" sizes=\"(max-width: 750px) 100vw, 750px\" width=\"750\" height=\"90\"   \/><\/a><\/div><\/div>\n\n\n\n<p>Asimismo, resalt\u00f3 en su discurso que esta estrategia busca lograr una mayor integraci\u00f3n de las instituciones p\u00fablicas en t\u00e9rminos de efectividad y promover el desarrollo a nivel territorial.<\/p>\n\n\n\n<p>Gobiernos departamentales<\/p>\n\n\n\n<p>El mandatario indic\u00f3 que los gobiernos departamentales parten de la base del reconocimiento de que a pesar de que existen planes departamentales de desarrollo que Segeplan ha integrado, pocas veces esos planes alimentan la acci\u00f3n p\u00fablica de las acciones del Gobierno en el territorio.<\/p>\n\n\n\n<p>Acerca de ello, el mandatario a\u00f1adi\u00f3 que \u201cCon estas reuniones estamos empezando con la implementaci\u00f3n de los gobiernos departamentales, el fin que los equipos de gobierno trabajen de manera integrada con planes integrados\u201d.<\/p>\n\n\n\n<p>El planteamiento general es lograr que las instituciones trabajen de manera coordinada. A\u00f1adi\u00f3 que la direcci\u00f3n de estas est\u00e1 a cargo de los gobernadores departamentales que son los representantes del presidente en el territorio, por lo que tendr\u00e1n a su cargo cada una de las acciones que el Ejecutivo desarrolle.<\/p>\n\n\n\n<p>En sus declaraciones el presidente Ar\u00e9valo resalt\u00f3 que esta coordinaci\u00f3n entre todos los actores en el territorio lograr\u00e1 que las pol\u00edticas p\u00fablicas se trabajen entre el Gobierno central y los gobiernos locales.<\/p>\n\n\n\n<p>Equipo de gobierno<\/p>\n\n\n\n<p>Durante la reuni\u00f3n, el jefe del Ejecutivo indic\u00f3 que este plan de desarrollo territorial ser\u00e1 formado como un documento m\u00e1s adelante resaltando que \u201cNecesitamos un equipo de gobierno que trabaje de manera coordinada y conjunta a trav\u00e9s del gabinete departamental, que ser\u00e1 un espacio de di\u00e1logo de pol\u00edticas p\u00fablicas\u201d.<\/p>\n\n\n\n<p>Adem\u00e1s, se\u00f1al\u00f3 que a partir de ese punto se coordinar\u00e1 con las entidades municipales y los consejos de desarrollo para que los flujos de inversi\u00f3n p\u00fablica se incorporen en una visi\u00f3n de conjunto para proyectos de beneficio de la poblaci\u00f3n.<\/p>\n\n\n\n<p>M\u00e1s adelante se espera la integraci\u00f3n de la sociedad civil en este proceso, como un esfuerzo conjunto de los diferentes sectores del pa\u00eds.<\/p>\n\n\n\n<p>Los participantes<\/p>\n\n\n\n<p>Al presidente lo acompa\u00f1a la secretaria privada de la Presidencia, Ana Glenda Tager, el secretario de Coordinaci\u00f3n Ejecutiva de la Presidencia, V\u00edctor Hugo Godoy, el titular de la Secretar\u00eda de Planificaci\u00f3n y Programaci\u00f3n de la Presidencia, Carlos Mendoza. Adem\u00e1s, lo acompa\u00f1a el secretario de Comunicaci\u00f3n Social de la Presidencia, Santiago Palomo.<\/p>\n\n\n\n<p>Igualmente, por parte de los gobiernos locales se cuenta con la participaci\u00f3n de la gobernadora de Sacatep\u00e9quez, Mar\u00eda Angelina Aspuac Con, y otros actores importantes del departamento.<\/p>\n\n\n\n<p>A su llegada el presidente Bernardo Ar\u00e9valo escuch\u00f3 a las autoridades, mujeres tejedoras y sociedad civil, enfatizando que el futuro de Guatemala se construye desde el di\u00e1logo con su gente.<\/p>\n\n\n\n<p><a href=\"https:\/\/www.facebook.com\/hashtag\/atutierra?__eep__=6&amp;__cft__[0]=AZURM9QZjkAlfmmEpVlmIXeiL4reud6Zc-o87EOM32kw6hi--asq9Vv-5u_gfxxdaZPxD4P7ixoECswsz9KCTTVil5GRQAIY7vpzoNj_4vFyxltC0jCpA4XXC1exIqlCqNHrXbM3WJGkKfPg-VdXldCPwshmbgkBhnIWDO0ZhHocBsZdUxwo1G69NM_L0S6TBj8&amp;__tn__=*NK-R\">#Atutierra<\/a><a href=\"https:\/\/www.facebook.com\/hashtag\/metroredes?__eep__=6&amp;__cft__[0]=AZURM9QZjkAlfmmEpVlmIXeiL4reud6Zc-o87EOM32kw6hi--asq9Vv-5u_gfxxdaZPxD4P7ixoECswsz9KCTTVil5GRQAIY7vpzoNj_4vFyxltC0jCpA4XXC1exIqlCqNHrXbM3WJGkKfPg-VdXldCPwshmbgkBhnIWDO0ZhHocBsZdUxwo1G69NM_L0S6TBj8&amp;__tn__=*NK-R\">#metroredes<\/a><\/p>\n\n\n\n<figure class=\"wp-block-gallery has-nested-images columns-default is-cropped wp-block-gallery-1 is-layout-flex wp-block-gallery-is-layout-flex\">\n<figure class=\"wp-block-image size-large\"><img loading=\"lazy\" decoding=\"async\" width=\"1024\" height=\"682\" data-id=\"111529\" src=\"https:\/\/elmetropolitano.com.gt\/es\/wp-content\/uploads\/2025\/09\/544998062_1322612096531537_1901846479063565912_n-1024x682.jpg\" alt=\"\" class=\"wp-image-111529\" srcset=\"https:\/\/elmetropolitano.com.gt\/es\/wp-content\/uploads\/2025\/09\/544998062_1322612096531537_1901846479063565912_n-1024x682.jpg 1024w, https:\/\/elmetropolitano.com.gt\/es\/wp-content\/uploads\/2025\/09\/544998062_1322612096531537_1901846479063565912_n-300x200.jpg 300w, https:\/\/elmetropolitano.com.gt\/es\/wp-content\/uploads\/2025\/09\/544998062_1322612096531537_1901846479063565912_n-768x512.jpg 768w, https:\/\/elmetropolitano.com.gt\/es\/wp-content\/uploads\/2025\/09\/544998062_1322612096531537_1901846479063565912_n.jpg 1280w\" sizes=\"auto, (max-width: 1024px) 100vw, 1024px\" \/><\/figure>\n\n\n\n<figure class=\"wp-block-image size-large\"><img loading=\"lazy\" decoding=\"async\" width=\"1024\" height=\"682\" data-id=\"111531\" src=\"https:\/\/elmetropolitano.com.gt\/es\/wp-content\/uploads\/2025\/09\/545001883_1322612059864874_2475729255075437246_n-1024x682.jpg\" alt=\"\" class=\"wp-image-111531\" srcset=\"https:\/\/elmetropolitano.com.gt\/es\/wp-content\/uploads\/2025\/09\/545001883_1322612059864874_2475729255075437246_n-1024x682.jpg 1024w, https:\/\/elmetropolitano.com.gt\/es\/wp-content\/uploads\/2025\/09\/545001883_1322612059864874_2475729255075437246_n-300x200.jpg 300w, https:\/\/elmetropolitano.com.gt\/es\/wp-content\/uploads\/2025\/09\/545001883_1322612059864874_2475729255075437246_n-768x512.jpg 768w, https:\/\/elmetropolitano.com.gt\/es\/wp-content\/uploads\/2025\/09\/545001883_1322612059864874_2475729255075437246_n.jpg 1280w\" sizes=\"auto, (max-width: 1024px) 100vw, 1024px\" \/><\/figure>\n\n\n\n<figure class=\"wp-block-image size-large\"><img loading=\"lazy\" decoding=\"async\" width=\"1024\" height=\"683\" data-id=\"111533\" src=\"https:\/\/elmetropolitano.com.gt\/es\/wp-content\/uploads\/2025\/09\/545389691_1322612049864875_1638633155735399704_n-1-1024x683.jpg\" alt=\"\" class=\"wp-image-111533\" srcset=\"https:\/\/elmetropolitano.com.gt\/es\/wp-content\/uploads\/2025\/09\/545389691_1322612049864875_1638633155735399704_n-1-1024x683.jpg 1024w, https:\/\/elmetropolitano.com.gt\/es\/wp-content\/uploads\/2025\/09\/545389691_1322612049864875_1638633155735399704_n-1-300x200.jpg 300w, https:\/\/elmetropolitano.com.gt\/es\/wp-content\/uploads\/2025\/09\/545389691_1322612049864875_1638633155735399704_n-1-768x512.jpg 768w, https:\/\/elmetropolitano.com.gt\/es\/wp-content\/uploads\/2025\/09\/545389691_1322612049864875_1638633155735399704_n-1.jpg 1440w\" sizes=\"auto, (max-width: 1024px) 100vw, 1024px\" \/><\/figure>\n\n\n\n<figure class=\"wp-block-image size-large\"><img loading=\"lazy\" decoding=\"async\" width=\"1024\" height=\"682\" data-id=\"111530\" src=\"https:\/\/elmetropolitano.com.gt\/es\/wp-content\/uploads\/2025\/09\/545392155_1322612106531536_4661075090998872734_n-1024x682.jpg\" alt=\"\" class=\"wp-image-111530\" srcset=\"https:\/\/elmetropolitano.com.gt\/es\/wp-content\/uploads\/2025\/09\/545392155_1322612106531536_4661075090998872734_n-1024x682.jpg 1024w, https:\/\/elmetropolitano.com.gt\/es\/wp-content\/uploads\/2025\/09\/545392155_1322612106531536_4661075090998872734_n-300x200.jpg 300w, https:\/\/elmetropolitano.com.gt\/es\/wp-content\/uploads\/2025\/09\/545392155_1322612106531536_4661075090998872734_n-768x512.jpg 768w, https:\/\/elmetropolitano.com.gt\/es\/wp-content\/uploads\/2025\/09\/545392155_1322612106531536_4661075090998872734_n.jpg 1280w\" sizes=\"auto, (max-width: 1024px) 100vw, 1024px\" \/><\/figure>\n\n\n\n<figure class=\"wp-block-image size-large\"><img loading=\"lazy\" decoding=\"async\" width=\"1024\" height=\"683\" data-id=\"111532\" src=\"https:\/\/elmetropolitano.com.gt\/es\/wp-content\/uploads\/2025\/09\/545555451_1322612099864870_8242581538893076946_n-1024x683.jpg\" alt=\"\" class=\"wp-image-111532\" srcset=\"https:\/\/elmetropolitano.com.gt\/es\/wp-content\/uploads\/2025\/09\/545555451_1322612099864870_8242581538893076946_n-1024x683.jpg 1024w, https:\/\/elmetropolitano.com.gt\/es\/wp-content\/uploads\/2025\/09\/545555451_1322612099864870_8242581538893076946_n-300x200.jpg 300w, https:\/\/elmetropolitano.com.gt\/es\/wp-content\/uploads\/2025\/09\/545555451_1322612099864870_8242581538893076946_n-768x512.jpg 768w, https:\/\/elmetropolitano.com.gt\/es\/wp-content\/uploads\/2025\/09\/545555451_1322612099864870_8242581538893076946_n.jpg 1440w\" sizes=\"auto, (max-width: 1024px) 100vw, 1024px\" \/><\/figure>\n\n\n\n<figure class=\"wp-block-image size-large\"><img loading=\"lazy\" decoding=\"async\" width=\"1024\" height=\"682\" data-id=\"111528\" src=\"https:\/\/elmetropolitano.com.gt\/es\/wp-content\/uploads\/2025\/09\/545630208_1322612113198202_4509966740327705716_n-1024x682.jpg\" alt=\"\" class=\"wp-image-111528\" srcset=\"https:\/\/elmetropolitano.com.gt\/es\/wp-content\/uploads\/2025\/09\/545630208_1322612113198202_4509966740327705716_n-1024x682.jpg 1024w, https:\/\/elmetropolitano.com.gt\/es\/wp-content\/uploads\/2025\/09\/545630208_1322612113198202_4509966740327705716_n-300x200.jpg 300w, https:\/\/elmetropolitano.com.gt\/es\/wp-content\/uploads\/2025\/09\/545630208_1322612113198202_4509966740327705716_n-768x512.jpg 768w, https:\/\/elmetropolitano.com.gt\/es\/wp-content\/uploads\/2025\/09\/545630208_1322612113198202_4509966740327705716_n.jpg 1280w\" sizes=\"auto, (max-width: 1024px) 100vw, 1024px\" \/><\/figure>\n<\/figure>\n","protected":false},"excerpt":{"rendered":"<p>El presidente Bernardo Ar\u00e9valo lleva a cabo este martes otra etapa de su gira \u201cA tu tierra\u201d, esta vez en el departamento de Sacatep\u00e9quez, donde se reuni\u00f3 en La Antigua Guatemala con los delegados de los ministerios y secretar\u00edas de gobierno para informarles sobre el proyecto de gobiernos departamentales, as\u00ed como tambi\u00e9n miembros de la <a class=\"read-more\" href=\"https:\/\/elmetropolitano.com.gt\/es\/presidente-informa-sobre-los-gobiernos-departamentales-en-su-gira-a-tu-tierra\/\">Leer m\u00e1s<\/a><\/p>\n","protected":false},"author":1,"featured_media":111527,"comment_status":"open","ping_status":"closed","sticky":false,"template":"","format":"standard","meta":{"footnotes":""},"categories":[4],"tags":[13],"class_list":["post-111526","post","type-post","status-publish","format-standard","has-post-thumbnail","hentry","category-departamentales","tag-departamentales"],"_links":{"self":[{"href":"https:\/\/elmetropolitano.com.gt\/es\/wp-json\/wp\/v2\/posts\/111526","targetHints":{"allow":["GET"]}}],"collection":[{"href":"https:\/\/elmetropolitano.com.gt\/es\/wp-json\/wp\/v2\/posts"}],"about":[{"href":"https:\/\/elmetropolitano.com.gt\/es\/wp-json\/wp\/v2\/types\/post"}],"author":[{"embeddable":true,"href":"https:\/\/elmetropolitano.com.gt\/es\/wp-json\/wp\/v2\/users\/1"}],"replies":[{"embeddable":true,"href":"https:\/\/elmetropolitano.com.gt\/es\/wp-json\/wp\/v2\/comments?post=111526"}],"version-history":[{"count":1,"href":"https:\/\/elmetropolitano.com.gt\/es\/wp-json\/wp\/v2\/posts\/111526\/revisions"}],"predecessor-version":[{"id":111534,"href":"https:\/\/elmetropolitano.com.gt\/es\/wp-json\/wp\/v2\/posts\/111526\/revisions\/111534"}],"wp:featuredmedia":[{"embeddable":true,"href":"https:\/\/elmetropolitano.com.gt\/es\/wp-json\/wp\/v2\/media\/111527"}],"wp:attachment":[{"href":"https:\/\/elmetropolitano.com.gt\/es\/wp-json\/wp\/v2\/media?parent=111526"}],"wp:term":[{"taxonomy":"category","embeddable":true,"href":"https:\/\/elmetropolitano.com.gt\/es\/wp-json\/wp\/v2\/categories?post=111526"},{"taxonomy":"post_tag","embeddable":true,"href":"https:\/\/elmetropolitano.com.gt\/es\/wp-json\/wp\/v2\/tags?post=111526"}],"curies":[{"name":"wp","href":"https:\/\/api.w.org\/{rel}","templated":true}]}}