{"id":111695,"date":"2025-09-11T09:50:07","date_gmt":"2025-09-11T15:50:07","guid":{"rendered":"https:\/\/elmetropolitano.com.gt\/es\/?p=111695"},"modified":"2025-09-11T09:50:08","modified_gmt":"2025-09-11T15:50:08","slug":"que-sabe-el-fbi-del-asesino-de-charlie-kirk","status":"publish","type":"post","link":"https:\/\/elmetropolitano.com.gt\/es\/que-sabe-el-fbi-del-asesino-de-charlie-kirk\/","title":{"rendered":"\u00bfQu\u00e9 sabe el FBI del asesino de Charlie Kirk?"},"content":{"rendered":"\n<p>El agente especial de la oficina del FBI en Salt Lake City, Robert Bohls, y el comisionado del Departamento de Seguridad P\u00fablica de Utah, Beau Mason, ofrecieron este jueves una conferencia de prensa con motivo del asesinato del activista pol\u00edtico Charlie Kirk, que la jornada anterior fue alcanzado por un disparo en el cuello durante un acto p\u00fablico en la Universidad del Valle de Utah.<\/p>\n\n\n\n<p>Mason asegur\u00f3 que poseen \u00abun video\u00bb del atacante, que sigue pr\u00f3fugo, y est\u00e1 trabajando para identificar al individuo. \u00abSi no lo logramos\u00bb, las autoridades recurrir\u00e1n a los medios de comunicaci\u00f3n y revelar\u00e1n las im\u00e1genes \u00abpara que nos ayuden a identificarlo\u00bb.<\/p><div class=\"elmet-contenido\" id=\"elmet-776655672\"><div class=\"elmet-adlabel\">Anuncios<\/div><div style=\"margin-top: 20px;margin-right: 20px;margin-bottom: 20px;margin-left: 20px;\" id=\"elmet-386451539\"><a href=\"https:\/\/www.facebook.com\/arrincuanantigua\/\" aria-label=\"cintillo-arrin-cual\"><img loading=\"lazy\" decoding=\"async\" src=\"https:\/\/elmetropolitano.com.gt\/es\/wp-content\/uploads\/2021\/11\/cintillo-arrin-cual-1.jpg\" alt=\"\"  srcset=\"https:\/\/elmetropolitano.com.gt\/es\/wp-content\/uploads\/2021\/11\/cintillo-arrin-cual-1.jpg 750w, https:\/\/elmetropolitano.com.gt\/es\/wp-content\/uploads\/2021\/11\/cintillo-arrin-cual-1-300x36.jpg 300w, https:\/\/elmetropolitano.com.gt\/es\/wp-content\/uploads\/2021\/11\/cintillo-arrin-cual-1-600x72.jpg 600w\" sizes=\"(max-width: 750px) 100vw, 750px\" width=\"750\" height=\"90\"   \/><\/a><\/div><\/div>\n\n\n\n<p>El comisionado indic\u00f3 que pudieron rastrear los \u00abmovimientos\u00bb del tirador, que, tras balear a Kirk, \u00absali\u00f3 del campus y se adentr\u00f3 en un barrio\u00bb en el que los agentes revisaron las c\u00e1maras.<\/p>\n\n\n\n<p>\u00bfQui\u00e9n era Charlie Kirk, activista pol\u00edtico asesinado en EE.UU.?<\/p>\n\n\n\n<p>Bohls, por su parte, comunic\u00f3 que se ha recuperado el arma que se cree que utiliz\u00f3 el tirador. \u00abEs un rifle de cerrojo de alta potencia\u00bb, indic\u00f3, precisando que fue hallado en \u00abuna zona boscosa a donde hab\u00eda huido\u00bb el atacante. Adem\u00e1s, dijo que encontraron \u00abhuellas de calzado, huellas de las palmas de las manos y huellas del antebrazo\u00bb.<\/p>\n\n\n\n<p>Seg\u00fan fuentes de CNN, se encontraron frases \u00abrelacionadas con temas culturales\u00bb grabadas en el rifle y en las municiones. Entre las marcas aparecen unas iniciales que las autoridades esperan que puedan ayudarles a dar con el atacante.<\/p>\n\n\n\n<p>El agente se\u00f1al\u00f3 que el atacante \u00abparece tener edad universitaria\u00bb y que \u00abse mezcl\u00f3\u00bb con los estudiantes durante el evento.<\/p>\n\n\n\n<p>Bohls subray\u00f3 que se trat\u00f3 de un \u00abataque selectivo\u00bb. \u00abNo creemos que la comunidad est\u00e9 en riesgo\u00bb, dijo. En cuanto a los motivos que llevaron a actuar al asesino, se\u00f1al\u00f3 que \u00abtodas las pistas\u00bb e \u00abindicios\u00bb se est\u00e1n investigando \u00aba fondo\u00bb.<\/p>\n\n\n\n<p>El activista de derecha Charlie Kirk fue tiroteado durante un evento p\u00fablico en la Universidad del Valle de Utah. La bala impact\u00f3 en su cuello cuando estaba en una sesi\u00f3n de preguntas y respuestas con estudiantes. Kirk fue ingresado en un hospital, donde poco despu\u00e9s se confirm\u00f3 su muerte.<\/p>\n\n\n\n<p>El atacante dispar\u00f3 desde el techo de un edificio cercano, de acuerdo con la Polic\u00eda, que sugiere que se trat\u00f3 de \u00abun ataque dirigido\u00bb.<\/p>\n\n\n\n<p>El asesinato del activista marca un momento \u00aboscuro\u00bb para Estados Unidos, manifest\u00f3 el mandatario del pa\u00eds, Donald Trump, destacando el aporte del comentarista en la pol\u00edtica. En su discurso en memoria del activista, Trump declar\u00f3 que Kirk fue \u00abun patriota que dedic\u00f3 su vida a la causa del debate abierto y al pa\u00eds que tanto amaba\u00bb. \u00abLuch\u00f3 por la libertad, la democracia, la justicia y el pueblo estadounidense. Es un m\u00e1rtir de la verdad y la libertad\u00bb, expres\u00f3.<\/p>\n\n\n\n<p>Texto Rt Noticias<\/p>\n\n\n\n<p>#charlikirk #metroredes <a href=\"http:\/\/www.elmetropolitano.com.gt\">www.elmetropolitano.com.gt<\/a>&nbsp; <a href=\"http:\/\/www.metroredes.com\">www.metroredes.com<\/a> <a href=\"http:\/\/www.elescuintleco.com\">www.elescuintleco.com<\/a><\/p>\n","protected":false},"excerpt":{"rendered":"<p>El agente especial de la oficina del FBI en Salt Lake City, Robert Bohls, y el comisionado del Departamento de Seguridad P\u00fablica de Utah, Beau Mason, ofrecieron este jueves una conferencia de prensa con motivo del asesinato del activista pol\u00edtico Charlie Kirk, que la jornada anterior fue alcanzado por un disparo en el cuello durante <a class=\"read-more\" href=\"https:\/\/elmetropolitano.com.gt\/es\/que-sabe-el-fbi-del-asesino-de-charlie-kirk\/\">Leer m\u00e1s<\/a><\/p>\n","protected":false},"author":1,"featured_media":111696,"comment_status":"open","ping_status":"closed","sticky":false,"template":"","format":"standard","meta":{"footnotes":""},"categories":[14],"tags":[15],"class_list":["post-111695","post","type-post","status-publish","format-standard","has-post-thumbnail","hentry","category-internacionales","tag-internacionales"],"_links":{"self":[{"href":"https:\/\/elmetropolitano.com.gt\/es\/wp-json\/wp\/v2\/posts\/111695","targetHints":{"allow":["GET"]}}],"collection":[{"href":"https:\/\/elmetropolitano.com.gt\/es\/wp-json\/wp\/v2\/posts"}],"about":[{"href":"https:\/\/elmetropolitano.com.gt\/es\/wp-json\/wp\/v2\/types\/post"}],"author":[{"embeddable":true,"href":"https:\/\/elmetropolitano.com.gt\/es\/wp-json\/wp\/v2\/users\/1"}],"replies":[{"embeddable":true,"href":"https:\/\/elmetropolitano.com.gt\/es\/wp-json\/wp\/v2\/comments?post=111695"}],"version-history":[{"count":1,"href":"https:\/\/elmetropolitano.com.gt\/es\/wp-json\/wp\/v2\/posts\/111695\/revisions"}],"predecessor-version":[{"id":111697,"href":"https:\/\/elmetropolitano.com.gt\/es\/wp-json\/wp\/v2\/posts\/111695\/revisions\/111697"}],"wp:featuredmedia":[{"embeddable":true,"href":"https:\/\/elmetropolitano.com.gt\/es\/wp-json\/wp\/v2\/media\/111696"}],"wp:attachment":[{"href":"https:\/\/elmetropolitano.com.gt\/es\/wp-json\/wp\/v2\/media?parent=111695"}],"wp:term":[{"taxonomy":"category","embeddable":true,"href":"https:\/\/elmetropolitano.com.gt\/es\/wp-json\/wp\/v2\/categories?post=111695"},{"taxonomy":"post_tag","embeddable":true,"href":"https:\/\/elmetropolitano.com.gt\/es\/wp-json\/wp\/v2\/tags?post=111695"}],"curies":[{"name":"wp","href":"https:\/\/api.w.org\/{rel}","templated":true}]}}