{"id":111748,"date":"2025-09-12T19:02:44","date_gmt":"2025-09-13T01:02:44","guid":{"rendered":"https:\/\/elmetropolitano.com.gt\/es\/?p=111748"},"modified":"2025-09-12T19:02:44","modified_gmt":"2025-09-13T01:02:44","slug":"tragedia-en-desfile-escolar-vehiculo-de-la-caravana-se-descontrolo-y-atropello-a-ninos-un-fallecido","status":"publish","type":"post","link":"https:\/\/elmetropolitano.com.gt\/es\/tragedia-en-desfile-escolar-vehiculo-de-la-caravana-se-descontrolo-y-atropello-a-ninos-un-fallecido\/","title":{"rendered":"Tragedia en desfile escolar, veh\u00edculo de la caravana se descontrol\u00f3 y atropell\u00f3 a ni\u00f1os, un fallecido"},"content":{"rendered":"\n<p>Lo que deb\u00eda ser una ma\u00f1ana de celebraci\u00f3n en Aldea Tierra Colorada, Momostenango, se convirti\u00f3 en tragedia cuando un veh\u00edculo involucrado en la log\u00edstica del desfile escolar perdi\u00f3 el control e impact\u00f3 contra un grupo de ni\u00f1os que participaban en el recorrido.<\/p>\n\n\n\n<p>El lamentable hecho dej\u00f3 a varios menores heridos y, de manera preliminar, se reporta un ni\u00f1o fallecido. Socorristas y vecinos trasladaron de inmediato a las v\u00edctimas a distintos centros asistenciales, mientras las autoridades locales activaron protocolos de emergencia y el Comit\u00e9 Organizador anunci\u00f3 la suspensi\u00f3n total del evento en se\u00f1al de respeto a las familias afectadas.<\/p><div class=\"elmet-contenido\" id=\"elmet-3768045546\"><div class=\"elmet-adlabel\">Anuncios<\/div><div style=\"margin-top: 20px;margin-right: 20px;margin-bottom: 20px;margin-left: 20px;\" id=\"elmet-3704270716\"><a href=\"https:\/\/www.facebook.com\/arrincuanantigua\/\" aria-label=\"cintillo-arrin-cual\"><img loading=\"lazy\" decoding=\"async\" src=\"https:\/\/elmetropolitano.com.gt\/es\/wp-content\/uploads\/2021\/11\/cintillo-arrin-cual-1.jpg\" alt=\"\"  srcset=\"https:\/\/elmetropolitano.com.gt\/es\/wp-content\/uploads\/2021\/11\/cintillo-arrin-cual-1.jpg 750w, https:\/\/elmetropolitano.com.gt\/es\/wp-content\/uploads\/2021\/11\/cintillo-arrin-cual-1-300x36.jpg 300w, https:\/\/elmetropolitano.com.gt\/es\/wp-content\/uploads\/2021\/11\/cintillo-arrin-cual-1-600x72.jpg 600w\" sizes=\"(max-width: 750px) 100vw, 750px\" width=\"750\" height=\"90\"   \/><\/a><\/div><\/div>\n\n\n\n<p>La Polic\u00eda Nacional Civil PNC y el Ministerio P\u00fablico MP ya iniciaron investigaciones para esclarecer las causas del accidente y establecer responsabilidades. En tanto, l\u00edderes comunitarios convocaron a una jornada de oraci\u00f3n y reflexi\u00f3n en la plaza central de la aldea.<\/p>\n\n\n\n<p><a href=\"https:\/\/www.facebook.com\/hashtag\/momostenango?__eep__=6&amp;__cft__[0]=AZVMx-rIcuUqVZrcS2MW_-rgRSKOevCC13dVRKYU3LGN5XQuBtOJMISmMerJvQxbO0LMAu02lemacG0uidpMgUgwQWxCW5J80T2Ku_mGJLWe-BKa30jnkc1q_6-EiLUtrSgNerHPAslIiHbkG4PZNVmIzNAykKdrTKHlhn_nhg0dzmSskcHWGpSxBHt1uDX7lKc&amp;__tn__=*NK-R\">#Momostenango<\/a><a href=\"https:\/\/www.facebook.com\/hashtag\/tragedia?__eep__=6&amp;__cft__[0]=AZVMx-rIcuUqVZrcS2MW_-rgRSKOevCC13dVRKYU3LGN5XQuBtOJMISmMerJvQxbO0LMAu02lemacG0uidpMgUgwQWxCW5J80T2Ku_mGJLWe-BKa30jnkc1q_6-EiLUtrSgNerHPAslIiHbkG4PZNVmIzNAykKdrTKHlhn_nhg0dzmSskcHWGpSxBHt1uDX7lKc&amp;__tn__=*NK-R\">#Tragedia<\/a><a href=\"https:\/\/www.facebook.com\/hashtag\/accidentevial?__eep__=6&amp;__cft__[0]=AZVMx-rIcuUqVZrcS2MW_-rgRSKOevCC13dVRKYU3LGN5XQuBtOJMISmMerJvQxbO0LMAu02lemacG0uidpMgUgwQWxCW5J80T2Ku_mGJLWe-BKa30jnkc1q_6-EiLUtrSgNerHPAslIiHbkG4PZNVmIzNAykKdrTKHlhn_nhg0dzmSskcHWGpSxBHt1uDX7lKc&amp;__tn__=*NK-R\">#AccidenteVial<\/a><a href=\"https:\/\/www.facebook.com\/hashtag\/desfileescolar?__eep__=6&amp;__cft__[0]=AZVMx-rIcuUqVZrcS2MW_-rgRSKOevCC13dVRKYU3LGN5XQuBtOJMISmMerJvQxbO0LMAu02lemacG0uidpMgUgwQWxCW5J80T2Ku_mGJLWe-BKa30jnkc1q_6-EiLUtrSgNerHPAslIiHbkG4PZNVmIzNAykKdrTKHlhn_nhg0dzmSskcHWGpSxBHt1uDX7lKc&amp;__tn__=*NK-R\">#DesfileEscolar<\/a><a href=\"https:\/\/www.facebook.com\/hashtag\/fervoroatrio?__eep__=6&amp;__cft__[0]=AZVMx-rIcuUqVZrcS2MW_-rgRSKOevCC13dVRKYU3LGN5XQuBtOJMISmMerJvQxbO0LMAu02lemacG0uidpMgUgwQWxCW5J80T2Ku_mGJLWe-BKa30jnkc1q_6-EiLUtrSgNerHPAslIiHbkG4PZNVmIzNAykKdrTKHlhn_nhg0dzmSskcHWGpSxBHt1uDX7lKc&amp;__tn__=*NK-R\">#FervorOatrio<\/a><a href=\"https:\/\/www.facebook.com\/hashtag\/guatemala?__eep__=6&amp;__cft__[0]=AZVMx-rIcuUqVZrcS2MW_-rgRSKOevCC13dVRKYU3LGN5XQuBtOJMISmMerJvQxbO0LMAu02lemacG0uidpMgUgwQWxCW5J80T2Ku_mGJLWe-BKa30jnkc1q_6-EiLUtrSgNerHPAslIiHbkG4PZNVmIzNAykKdrTKHlhn_nhg0dzmSskcHWGpSxBHt1uDX7lKc&amp;__tn__=*NK-R\">#Guatemala<\/a><\/p>\n\n\n\n<figure class=\"wp-block-gallery has-nested-images columns-default is-cropped wp-block-gallery-1 is-layout-flex wp-block-gallery-is-layout-flex\">\n<figure class=\"wp-block-image size-large\"><img loading=\"lazy\" decoding=\"async\" width=\"1024\" height=\"658\" data-id=\"111753\" src=\"https:\/\/elmetropolitano.com.gt\/es\/wp-content\/uploads\/2025\/09\/545613975_1325121089613971_2359851343625565926_n-1-1024x658.jpg\" alt=\"\" class=\"wp-image-111753\" srcset=\"https:\/\/elmetropolitano.com.gt\/es\/wp-content\/uploads\/2025\/09\/545613975_1325121089613971_2359851343625565926_n-1-1024x658.jpg 1024w, https:\/\/elmetropolitano.com.gt\/es\/wp-content\/uploads\/2025\/09\/545613975_1325121089613971_2359851343625565926_n-1-300x193.jpg 300w, https:\/\/elmetropolitano.com.gt\/es\/wp-content\/uploads\/2025\/09\/545613975_1325121089613971_2359851343625565926_n-1-768x493.jpg 768w, https:\/\/elmetropolitano.com.gt\/es\/wp-content\/uploads\/2025\/09\/545613975_1325121089613971_2359851343625565926_n-1.jpg 1350w\" sizes=\"auto, (max-width: 1024px) 100vw, 1024px\" \/><\/figure>\n\n\n\n<figure class=\"wp-block-image size-large\"><img loading=\"lazy\" decoding=\"async\" width=\"1024\" height=\"562\" data-id=\"111752\" src=\"https:\/\/elmetropolitano.com.gt\/es\/wp-content\/uploads\/2025\/09\/547087089_1325121042947309_4102949123015357093_n-1024x562.jpg\" alt=\"\" class=\"wp-image-111752\" srcset=\"https:\/\/elmetropolitano.com.gt\/es\/wp-content\/uploads\/2025\/09\/547087089_1325121042947309_4102949123015357093_n-1024x562.jpg 1024w, https:\/\/elmetropolitano.com.gt\/es\/wp-content\/uploads\/2025\/09\/547087089_1325121042947309_4102949123015357093_n-300x165.jpg 300w, https:\/\/elmetropolitano.com.gt\/es\/wp-content\/uploads\/2025\/09\/547087089_1325121042947309_4102949123015357093_n-768x422.jpg 768w, https:\/\/elmetropolitano.com.gt\/es\/wp-content\/uploads\/2025\/09\/547087089_1325121042947309_4102949123015357093_n.jpg 1350w\" sizes=\"auto, (max-width: 1024px) 100vw, 1024px\" \/><\/figure>\n\n\n\n<figure class=\"wp-block-image size-large\"><img loading=\"lazy\" decoding=\"async\" width=\"1024\" height=\"532\" data-id=\"111750\" src=\"https:\/\/elmetropolitano.com.gt\/es\/wp-content\/uploads\/2025\/09\/547128377_1325121079613972_7289372919696410774_n-1024x532.jpg\" alt=\"\" class=\"wp-image-111750\" srcset=\"https:\/\/elmetropolitano.com.gt\/es\/wp-content\/uploads\/2025\/09\/547128377_1325121079613972_7289372919696410774_n-1024x532.jpg 1024w, https:\/\/elmetropolitano.com.gt\/es\/wp-content\/uploads\/2025\/09\/547128377_1325121079613972_7289372919696410774_n-300x156.jpg 300w, https:\/\/elmetropolitano.com.gt\/es\/wp-content\/uploads\/2025\/09\/547128377_1325121079613972_7289372919696410774_n-768x399.jpg 768w, https:\/\/elmetropolitano.com.gt\/es\/wp-content\/uploads\/2025\/09\/547128377_1325121079613972_7289372919696410774_n.jpg 1350w\" sizes=\"auto, (max-width: 1024px) 100vw, 1024px\" \/><\/figure>\n\n\n\n<figure class=\"wp-block-image size-large\"><img loading=\"lazy\" decoding=\"async\" width=\"1024\" height=\"553\" data-id=\"111751\" src=\"https:\/\/elmetropolitano.com.gt\/es\/wp-content\/uploads\/2025\/09\/547376292_1325121032947310_7472635817798552558_n-1024x553.jpg\" alt=\"\" class=\"wp-image-111751\" srcset=\"https:\/\/elmetropolitano.com.gt\/es\/wp-content\/uploads\/2025\/09\/547376292_1325121032947310_7472635817798552558_n-1024x553.jpg 1024w, https:\/\/elmetropolitano.com.gt\/es\/wp-content\/uploads\/2025\/09\/547376292_1325121032947310_7472635817798552558_n-300x162.jpg 300w, https:\/\/elmetropolitano.com.gt\/es\/wp-content\/uploads\/2025\/09\/547376292_1325121032947310_7472635817798552558_n-768x415.jpg 768w, https:\/\/elmetropolitano.com.gt\/es\/wp-content\/uploads\/2025\/09\/547376292_1325121032947310_7472635817798552558_n.jpg 1301w\" sizes=\"auto, (max-width: 1024px) 100vw, 1024px\" \/><\/figure>\n<\/figure>\n","protected":false},"excerpt":{"rendered":"<p>Lo que deb\u00eda ser una ma\u00f1ana de celebraci\u00f3n en Aldea Tierra Colorada, Momostenango, se convirti\u00f3 en tragedia cuando un veh\u00edculo involucrado en la log\u00edstica del desfile escolar perdi\u00f3 el control e impact\u00f3 contra un grupo de ni\u00f1os que participaban en el recorrido. El lamentable hecho dej\u00f3 a varios menores heridos y, de manera preliminar, se <a class=\"read-more\" href=\"https:\/\/elmetropolitano.com.gt\/es\/tragedia-en-desfile-escolar-vehiculo-de-la-caravana-se-descontrolo-y-atropello-a-ninos-un-fallecido\/\">Leer m\u00e1s<\/a><\/p>\n","protected":false},"author":1,"featured_media":111749,"comment_status":"open","ping_status":"closed","sticky":false,"template":"","format":"standard","meta":{"footnotes":""},"categories":[4],"tags":[13],"class_list":["post-111748","post","type-post","status-publish","format-standard","has-post-thumbnail","hentry","category-departamentales","tag-departamentales"],"_links":{"self":[{"href":"https:\/\/elmetropolitano.com.gt\/es\/wp-json\/wp\/v2\/posts\/111748","targetHints":{"allow":["GET"]}}],"collection":[{"href":"https:\/\/elmetropolitano.com.gt\/es\/wp-json\/wp\/v2\/posts"}],"about":[{"href":"https:\/\/elmetropolitano.com.gt\/es\/wp-json\/wp\/v2\/types\/post"}],"author":[{"embeddable":true,"href":"https:\/\/elmetropolitano.com.gt\/es\/wp-json\/wp\/v2\/users\/1"}],"replies":[{"embeddable":true,"href":"https:\/\/elmetropolitano.com.gt\/es\/wp-json\/wp\/v2\/comments?post=111748"}],"version-history":[{"count":1,"href":"https:\/\/elmetropolitano.com.gt\/es\/wp-json\/wp\/v2\/posts\/111748\/revisions"}],"predecessor-version":[{"id":111754,"href":"https:\/\/elmetropolitano.com.gt\/es\/wp-json\/wp\/v2\/posts\/111748\/revisions\/111754"}],"wp:featuredmedia":[{"embeddable":true,"href":"https:\/\/elmetropolitano.com.gt\/es\/wp-json\/wp\/v2\/media\/111749"}],"wp:attachment":[{"href":"https:\/\/elmetropolitano.com.gt\/es\/wp-json\/wp\/v2\/media?parent=111748"}],"wp:term":[{"taxonomy":"category","embeddable":true,"href":"https:\/\/elmetropolitano.com.gt\/es\/wp-json\/wp\/v2\/categories?post=111748"},{"taxonomy":"post_tag","embeddable":true,"href":"https:\/\/elmetropolitano.com.gt\/es\/wp-json\/wp\/v2\/tags?post=111748"}],"curies":[{"name":"wp","href":"https:\/\/api.w.org\/{rel}","templated":true}]}}