{"id":111886,"date":"2025-09-14T18:38:19","date_gmt":"2025-09-15T00:38:19","guid":{"rendered":"https:\/\/elmetropolitano.com.gt\/es\/?p=111886"},"modified":"2025-09-14T18:38:19","modified_gmt":"2025-09-15T00:38:19","slug":"capturan-a-alias-guerrillero-en-ixcan-quiche-para-extraditarlo-a-usa-por-narcotrafico","status":"publish","type":"post","link":"https:\/\/elmetropolitano.com.gt\/es\/capturan-a-alias-guerrillero-en-ixcan-quiche-para-extraditarlo-a-usa-por-narcotrafico\/","title":{"rendered":"Capturan a alias \u201cGuerrillero\u201d, en Ixcan, Quich\u00e9 para extraditarlo a USA por Narcotrafico"},"content":{"rendered":"\n<p><a><\/a>Un fruct\u00edfero operativo de agentes de la Subdirecci\u00f3n General de An\u00e1lisis de Informaci\u00f3n Antinarc\u00f3tica (SGAIA), de la Polic\u00eda Nacional Civil (PNC), en Ixc\u00e1n, Quich\u00e9, permiti\u00f3 la captura de alias Guerrillero, un extraditable solicitado por los Estados Unidos por el delito de narcotr\u00e1fico.<\/p>\n\n\n\n<p>El operativo de polic\u00edas antinarc\u00f3ticos de SGAIA-PNC se realiz\u00f3 en la zona 1 de Playa Grande, Ixc\u00e1n, Quich\u00e9, donde se capturo a Pedro \u00c1ngel Ort\u00edz Sol\u00eds , alias \u2018Guerrillero\u2019, de 41 a\u00f1os, con orden de captura con fines de extradici\u00f3n a Estados Unidos, por narcotr\u00e1fico.<\/p><div class=\"elmet-contenido\" id=\"elmet-2679579486\"><div class=\"elmet-adlabel\">Anuncios<\/div><div style=\"margin-top: 20px;margin-right: 20px;margin-bottom: 20px;margin-left: 20px;\" id=\"elmet-1825803384\"><a href=\"https:\/\/www.facebook.com\/arrincuanantigua\/\" aria-label=\"cintillo-arrin-cual\"><img loading=\"lazy\" decoding=\"async\" src=\"https:\/\/elmetropolitano.com.gt\/es\/wp-content\/uploads\/2021\/11\/cintillo-arrin-cual-1.jpg\" alt=\"\"  srcset=\"https:\/\/elmetropolitano.com.gt\/es\/wp-content\/uploads\/2021\/11\/cintillo-arrin-cual-1.jpg 750w, https:\/\/elmetropolitano.com.gt\/es\/wp-content\/uploads\/2021\/11\/cintillo-arrin-cual-1-300x36.jpg 300w, https:\/\/elmetropolitano.com.gt\/es\/wp-content\/uploads\/2021\/11\/cintillo-arrin-cual-1-600x72.jpg 600w\" sizes=\"(max-width: 750px) 100vw, 750px\" width=\"750\" height=\"90\"   \/><\/a><\/div><\/div>\n\n\n\n<p>Con la captura de alias Guerrillero, suman 25 los extraditables capturados en Guatemala en el 2025, gracias a los operativos de las fuerzas de seguridad en el combate al narcotr\u00e1fico.<\/p>\n\n\n\n<p>Los delitos<\/p>\n\n\n\n<p>Pedro \u00c1ngel Ortiz Sol\u00eds es acusado por las autoridades estadounidenses de los delitos de:<\/p>\n\n\n\n<p>-Conspiraci\u00f3n para fabricar y distribuir 5 kilogramos o m\u00e1s de coca\u00edna.<\/p>\n\n\n\n<p>-Fabricar y distribuir 5 kilogramos o m\u00e1s de coca\u00edna.<\/p>\n\n\n\n<p>En lo que va del a\u00f1o, la PNC ha capturado a 25 extraditables, 14 de ellos por temas de narcotr\u00e1fico. Adem\u00e1s, con alias Guerrillero suman cuatro los extraditables capturado en una semana.<\/p>\n\n\n\n<p>Extraditables capturados esta semana<\/p>\n\n\n\n<p>Juan Carlo Pixola Lara, quien tiene orden de aprehensi\u00f3n con fines de extradici\u00f3n por dos cargos de homicidio y uno por agresi\u00f3n, fue capturado el s\u00e1bado 13 de septiembre en Jalpatagua, Jutiapa.<\/p>\n\n\n\n<p>Mientras, el 11 de septiembre, autoridades efectuaron la aprehensi\u00f3n con fines de extradici\u00f3n de Edras Gamaliel Carbajal Guerra, alias \u2018Keka\u2019.<\/p>\n\n\n\n<p>Un d\u00eda despu\u00e9s, la PNC report\u00f3 la captura del extraditable Hamilton Josu\u00e9 Paz Fuentes, de 34 a\u00f1os, conocido como La Osa, en la aldea El Sitio, Catarina, San Marcos.<\/p>\n\n\n\n<p>Las autoridades destacaron que estas acciones forman parte de los esfuerzos continuos de cooperaci\u00f3n internacional para combatir el crimen organizado y garantizar que personas con procesos pendientes en otros pa\u00edses enfrenten la justicia.<\/p>\n\n\n\n<p>Texto: Brenda Larios<\/p>\n\n\n\n<p><a href=\"https:\/\/www.facebook.com\/hashtag\/sgaia?__eep__=6&amp;__cft__[0]=AZVdF_PxqiFjnUOL0ASywr_AvqV7HFzPB3fA0d820GrMpH-lFeFUrQpgVt8lfgo0x5-4YBBCI16aIaaYf3yY91pF_CkOdo2LKQA-DLrqugkjkL7EwlrgocHqhXgy5oc7Aw4hLiOmZRvd-uCFpXfwZrWfTnBW12ldXJPuHh-WERy0pfQOTHvHoHMc-Sb2BRgsL7s&amp;__tn__=*NK-R\">#SGAIA<\/a><a href=\"https:\/\/www.facebook.com\/hashtag\/metroredes?__eep__=6&amp;__cft__[0]=AZVdF_PxqiFjnUOL0ASywr_AvqV7HFzPB3fA0d820GrMpH-lFeFUrQpgVt8lfgo0x5-4YBBCI16aIaaYf3yY91pF_CkOdo2LKQA-DLrqugkjkL7EwlrgocHqhXgy5oc7Aw4hLiOmZRvd-uCFpXfwZrWfTnBW12ldXJPuHh-WERy0pfQOTHvHoHMc-Sb2BRgsL7s&amp;__tn__=*NK-R\">#metroredes<\/a><a href=\"https:\/\/www.facebook.com\/hashtag\/pncdeguatemala?__eep__=6&amp;__cft__[0]=AZVdF_PxqiFjnUOL0ASywr_AvqV7HFzPB3fA0d820GrMpH-lFeFUrQpgVt8lfgo0x5-4YBBCI16aIaaYf3yY91pF_CkOdo2LKQA-DLrqugkjkL7EwlrgocHqhXgy5oc7Aw4hLiOmZRvd-uCFpXfwZrWfTnBW12ldXJPuHh-WERy0pfQOTHvHoHMc-Sb2BRgsL7s&amp;__tn__=*NK-R\">#PNCdeGuatemala<\/a><\/p>\n\n\n\n<figure class=\"wp-block-gallery has-nested-images columns-default is-cropped wp-block-gallery-1 is-layout-flex wp-block-gallery-is-layout-flex\">\n<figure class=\"wp-block-image size-large\"><img loading=\"lazy\" decoding=\"async\" width=\"768\" height=\"1024\" data-id=\"111890\" src=\"https:\/\/elmetropolitano.com.gt\/es\/wp-content\/uploads\/2025\/09\/547214757_1326872016105545_1977710907436007151_n-768x1024.jpg\" alt=\"\" class=\"wp-image-111890\" srcset=\"https:\/\/elmetropolitano.com.gt\/es\/wp-content\/uploads\/2025\/09\/547214757_1326872016105545_1977710907436007151_n-768x1024.jpg 768w, https:\/\/elmetropolitano.com.gt\/es\/wp-content\/uploads\/2025\/09\/547214757_1326872016105545_1977710907436007151_n-225x300.jpg 225w, https:\/\/elmetropolitano.com.gt\/es\/wp-content\/uploads\/2025\/09\/547214757_1326872016105545_1977710907436007151_n.jpg 960w\" sizes=\"auto, (max-width: 768px) 100vw, 768px\" \/><\/figure>\n\n\n\n<figure class=\"wp-block-image size-large\"><img loading=\"lazy\" decoding=\"async\" width=\"768\" height=\"1024\" data-id=\"111888\" src=\"https:\/\/elmetropolitano.com.gt\/es\/wp-content\/uploads\/2025\/09\/547267980_1326871946105552_1243157479843532035_n-768x1024.jpg\" alt=\"\" class=\"wp-image-111888\" srcset=\"https:\/\/elmetropolitano.com.gt\/es\/wp-content\/uploads\/2025\/09\/547267980_1326871946105552_1243157479843532035_n-768x1024.jpg 768w, https:\/\/elmetropolitano.com.gt\/es\/wp-content\/uploads\/2025\/09\/547267980_1326871946105552_1243157479843532035_n-225x300.jpg 225w, https:\/\/elmetropolitano.com.gt\/es\/wp-content\/uploads\/2025\/09\/547267980_1326871946105552_1243157479843532035_n-1152x1536.jpg 1152w, https:\/\/elmetropolitano.com.gt\/es\/wp-content\/uploads\/2025\/09\/547267980_1326871946105552_1243157479843532035_n.jpg 1536w\" sizes=\"auto, (max-width: 768px) 100vw, 768px\" \/><\/figure>\n\n\n\n<figure class=\"wp-block-image size-large\"><img loading=\"lazy\" decoding=\"async\" width=\"768\" height=\"1024\" data-id=\"111889\" src=\"https:\/\/elmetropolitano.com.gt\/es\/wp-content\/uploads\/2025\/09\/548610269_1326871939438886_1823646992166817536_n-1-768x1024.jpg\" alt=\"\" class=\"wp-image-111889\" srcset=\"https:\/\/elmetropolitano.com.gt\/es\/wp-content\/uploads\/2025\/09\/548610269_1326871939438886_1823646992166817536_n-1-768x1024.jpg 768w, https:\/\/elmetropolitano.com.gt\/es\/wp-content\/uploads\/2025\/09\/548610269_1326871939438886_1823646992166817536_n-1-225x300.jpg 225w, https:\/\/elmetropolitano.com.gt\/es\/wp-content\/uploads\/2025\/09\/548610269_1326871939438886_1823646992166817536_n-1.jpg 960w\" sizes=\"auto, (max-width: 768px) 100vw, 768px\" \/><\/figure>\n<\/figure>\n","protected":false},"excerpt":{"rendered":"<p>Un fruct\u00edfero operativo de agentes de la Subdirecci\u00f3n General de An\u00e1lisis de Informaci\u00f3n Antinarc\u00f3tica (SGAIA), de la Polic\u00eda Nacional Civil (PNC), en Ixc\u00e1n, Quich\u00e9, permiti\u00f3 la captura de alias Guerrillero, un extraditable solicitado por los Estados Unidos por el delito de narcotr\u00e1fico. El operativo de polic\u00edas antinarc\u00f3ticos de SGAIA-PNC se realiz\u00f3 en la zona 1 <a class=\"read-more\" href=\"https:\/\/elmetropolitano.com.gt\/es\/capturan-a-alias-guerrillero-en-ixcan-quiche-para-extraditarlo-a-usa-por-narcotrafico\/\">Leer m\u00e1s<\/a><\/p>\n","protected":false},"author":1,"featured_media":111887,"comment_status":"open","ping_status":"closed","sticky":false,"template":"","format":"standard","meta":{"footnotes":""},"categories":[2],"tags":[12],"class_list":["post-111886","post","type-post","status-publish","format-standard","has-post-thumbnail","hentry","category-nacionales","tag-nacionales"],"_links":{"self":[{"href":"https:\/\/elmetropolitano.com.gt\/es\/wp-json\/wp\/v2\/posts\/111886","targetHints":{"allow":["GET"]}}],"collection":[{"href":"https:\/\/elmetropolitano.com.gt\/es\/wp-json\/wp\/v2\/posts"}],"about":[{"href":"https:\/\/elmetropolitano.com.gt\/es\/wp-json\/wp\/v2\/types\/post"}],"author":[{"embeddable":true,"href":"https:\/\/elmetropolitano.com.gt\/es\/wp-json\/wp\/v2\/users\/1"}],"replies":[{"embeddable":true,"href":"https:\/\/elmetropolitano.com.gt\/es\/wp-json\/wp\/v2\/comments?post=111886"}],"version-history":[{"count":1,"href":"https:\/\/elmetropolitano.com.gt\/es\/wp-json\/wp\/v2\/posts\/111886\/revisions"}],"predecessor-version":[{"id":111891,"href":"https:\/\/elmetropolitano.com.gt\/es\/wp-json\/wp\/v2\/posts\/111886\/revisions\/111891"}],"wp:featuredmedia":[{"embeddable":true,"href":"https:\/\/elmetropolitano.com.gt\/es\/wp-json\/wp\/v2\/media\/111887"}],"wp:attachment":[{"href":"https:\/\/elmetropolitano.com.gt\/es\/wp-json\/wp\/v2\/media?parent=111886"}],"wp:term":[{"taxonomy":"category","embeddable":true,"href":"https:\/\/elmetropolitano.com.gt\/es\/wp-json\/wp\/v2\/categories?post=111886"},{"taxonomy":"post_tag","embeddable":true,"href":"https:\/\/elmetropolitano.com.gt\/es\/wp-json\/wp\/v2\/tags?post=111886"}],"curies":[{"name":"wp","href":"https:\/\/api.w.org\/{rel}","templated":true}]}}