{"id":111892,"date":"2025-09-14T18:40:40","date_gmt":"2025-09-15T00:40:40","guid":{"rendered":"https:\/\/elmetropolitano.com.gt\/es\/?p=111892"},"modified":"2025-09-14T18:40:41","modified_gmt":"2025-09-15T00:40:41","slug":"miles-de-guatemaltecos-participaron-en-la-carrera-de-independencia-2025","status":"publish","type":"post","link":"https:\/\/elmetropolitano.com.gt\/es\/miles-de-guatemaltecos-participaron-en-la-carrera-de-independencia-2025\/","title":{"rendered":"Miles de guatemaltecos participaron en la carrera de independencia 2025"},"content":{"rendered":"\n<p><a><\/a>Este domingo, miles de guatemaltecos participaron en la Carrera Independencia 2025, como parte de las actividades de conmemoraci\u00f3n de los 204 a\u00f1os de independencia patria.<\/p>\n\n\n\n<p>El banderazo de salida se dio en la avenida Reforma con direcci\u00f3n a Las Am\u00e9ricas, para una jornada de alegr\u00eda, color y esp\u00edritu c\u00edvico.<\/p><div class=\"elmet-contenido\" id=\"elmet-3343491196\"><div class=\"elmet-adlabel\">Anuncios<\/div><div style=\"margin-top: 20px;margin-right: 20px;margin-bottom: 20px;margin-left: 20px;\" id=\"elmet-3722785247\"><a href=\"https:\/\/www.facebook.com\/arrincuanantigua\/\" aria-label=\"cintillo-arrin-cual\"><img loading=\"lazy\" decoding=\"async\" src=\"https:\/\/elmetropolitano.com.gt\/es\/wp-content\/uploads\/2021\/11\/cintillo-arrin-cual-1.jpg\" alt=\"\"  srcset=\"https:\/\/elmetropolitano.com.gt\/es\/wp-content\/uploads\/2021\/11\/cintillo-arrin-cual-1.jpg 750w, https:\/\/elmetropolitano.com.gt\/es\/wp-content\/uploads\/2021\/11\/cintillo-arrin-cual-1-300x36.jpg 300w, https:\/\/elmetropolitano.com.gt\/es\/wp-content\/uploads\/2021\/11\/cintillo-arrin-cual-1-600x72.jpg 600w\" sizes=\"(max-width: 750px) 100vw, 750px\" width=\"750\" height=\"90\"   \/><\/a><\/div><\/div>\n\n\n\n<p>Fiesta deportiva<\/p>\n\n\n\n<p>El ambiente se llen\u00f3 de energ\u00eda y alegr\u00eda cuando miles de atletas guatemaltecos se hicieron presentes desde un d\u00eda antes para recibir su kit oficial de la Carrera de Independencia 2025, una fiesta deportiva que se celebra este domingo 14 de septiembre.<\/p>\n\n\n\n<p>En un entorno de sana convivencia y entusiasmo familiar, los corredores inscritos se llevaron su playera y n\u00famero oficial, listos para unirse a esta gran celebraci\u00f3n que une a Guatemala en cada kil\u00f3metro.<\/p>\n\n\n\n<p>Adem\u00e1s de la emoci\u00f3n, el evento reafirm\u00f3 el compromiso con el bienestar de los participantes. Durante la entrega de kits, se tomaron signos vitales a los corredores, una iniciativa que destaca la importancia de cuidar de la salud en la actividad f\u00edsica.<\/p>\n\n\n\n<p>Organizada por el Viceministerio del Deporte y la Recreaci\u00f3n del Ministerio de Cultura y Deportes, esta carrera es una oportunidad para la convivencia y para motivar a familias y amigos a realizar deporte.<\/p>\n\n\n\n<p>El recorrido<\/p>\n\n\n\n<p>Esta actividad deportiva cont\u00f3 con m\u00e1s de 3 mil inscritos. La fiesta arranc\u00f3 a las 7:00 horas en la avenida Reforma, justo frente al Ministerio de Educaci\u00f3n, en la 6a calle de la zona 10.<\/p>\n\n\n\n<p>Desde all\u00ed, los corredores se enfilan hacia la Avenida Las Am\u00e9ricas, hasta la 20 calle, dan la vuelta y regresan por la misma v\u00eda hasta la 3a calle de la zona 10, para dirigirse a la meta en el Campo Marte.<\/p>\n\n\n\n<p>Esta valiosa actividad es posible gracias al Ministerio de Cultura y Deportes, que ofrece espacios gratuitos para que la poblaci\u00f3n guatemalteca haga ejercicio y disfrute de una vida m\u00e1s plena.<\/p>\n\n\n\n<p>Los ganadores<\/p>\n\n\n\n<p>Esta carrera tuvo varias categor\u00edas en las cuales los ganadores fueron:<\/p>\n\n\n\n<p>Categor\u00eda Femenina:<\/p>\n\n\n\n<p>Elda Fern\u00e1ndez, medalla de oro.<\/p>\n\n\n\n<p>Amelia Lic, medalla de plata.<\/p>\n\n\n\n<p>Mar\u00eda Fernanda Ort\u00edz, bronce.<\/p>\n\n\n\n<p>Categor\u00eda Masculina:<\/p>\n\n\n\n<p>Daniel Aguilar, oro.<\/p>\n\n\n\n<p>Yony de la Rosa, plata.<\/p>\n\n\n\n<p>Sergio Ouxca, bronce.<\/p>\n\n\n\n<p>Adem\u00e1s, se premi\u00f3 a los atletas con discapacidad por cruzar la meta de la Carrera Independencia 2025, siendo ellos Carlos Gonz\u00e1lez y Ana Sequ\u00e9n.<\/p>\n\n\n\n<p>Texto: Brenda Larios<\/p>\n\n\n\n<p><a href=\"https:\/\/www.facebook.com\/hashtag\/carreraindependencia2025?__eep__=6&amp;__cft__[0]=AZX17wZUPs0qn7pNqD48AuzZWuaFWCy6iZ9PW_yOpOSkv7y1HWpqYMsSFGzsU3c-AAYOPqk46FAH0uU1zLczu16967M75AH2yV9D4qlQVDtq4rpmATxJBzsD3NV03jDotuKTSadSwMx4p3SpbbQYCWX7PdH8S1ke9l8ZvTYNLpegDeKosvoF98vRLBDHVSXyxI8&amp;__tn__=*NK-R\">#CarreraIndependencia2025<\/a><a href=\"https:\/\/www.facebook.com\/hashtag\/metroredes?__eep__=6&amp;__cft__[0]=AZX17wZUPs0qn7pNqD48AuzZWuaFWCy6iZ9PW_yOpOSkv7y1HWpqYMsSFGzsU3c-AAYOPqk46FAH0uU1zLczu16967M75AH2yV9D4qlQVDtq4rpmATxJBzsD3NV03jDotuKTSadSwMx4p3SpbbQYCWX7PdH8S1ke9l8ZvTYNLpegDeKosvoF98vRLBDHVSXyxI8&amp;__tn__=*NK-R\">#metroredes<\/a><a href=\"https:\/\/www.facebook.com\/hashtag\/patriotismo?__eep__=6&amp;__cft__[0]=AZX17wZUPs0qn7pNqD48AuzZWuaFWCy6iZ9PW_yOpOSkv7y1HWpqYMsSFGzsU3c-AAYOPqk46FAH0uU1zLczu16967M75AH2yV9D4qlQVDtq4rpmATxJBzsD3NV03jDotuKTSadSwMx4p3SpbbQYCWX7PdH8S1ke9l8ZvTYNLpegDeKosvoF98vRLBDHVSXyxI8&amp;__tn__=*NK-R\">#patriotismo<\/a><\/p>\n\n\n\n<figure class=\"wp-block-gallery has-nested-images columns-default is-cropped wp-block-gallery-1 is-layout-flex wp-block-gallery-is-layout-flex\">\n<figure class=\"wp-block-image size-large\"><img loading=\"lazy\" decoding=\"async\" width=\"1024\" height=\"682\" data-id=\"111895\" src=\"https:\/\/elmetropolitano.com.gt\/es\/wp-content\/uploads\/2025\/09\/545811413_1326885152770898_2237860814499871409_n-1024x682.jpg\" alt=\"\" class=\"wp-image-111895\" srcset=\"https:\/\/elmetropolitano.com.gt\/es\/wp-content\/uploads\/2025\/09\/545811413_1326885152770898_2237860814499871409_n-1024x682.jpg 1024w, https:\/\/elmetropolitano.com.gt\/es\/wp-content\/uploads\/2025\/09\/545811413_1326885152770898_2237860814499871409_n-300x200.jpg 300w, https:\/\/elmetropolitano.com.gt\/es\/wp-content\/uploads\/2025\/09\/545811413_1326885152770898_2237860814499871409_n-768x512.jpg 768w, https:\/\/elmetropolitano.com.gt\/es\/wp-content\/uploads\/2025\/09\/545811413_1326885152770898_2237860814499871409_n.jpg 1049w\" sizes=\"auto, (max-width: 1024px) 100vw, 1024px\" \/><\/figure>\n\n\n\n<figure class=\"wp-block-image size-large\"><img loading=\"lazy\" decoding=\"async\" width=\"1024\" height=\"684\" data-id=\"111894\" src=\"https:\/\/elmetropolitano.com.gt\/es\/wp-content\/uploads\/2025\/09\/546155402_1326885192770894_3751597782945678502_n-1024x684.jpg\" alt=\"\" class=\"wp-image-111894\" srcset=\"https:\/\/elmetropolitano.com.gt\/es\/wp-content\/uploads\/2025\/09\/546155402_1326885192770894_3751597782945678502_n-1024x684.jpg 1024w, https:\/\/elmetropolitano.com.gt\/es\/wp-content\/uploads\/2025\/09\/546155402_1326885192770894_3751597782945678502_n-300x200.jpg 300w, https:\/\/elmetropolitano.com.gt\/es\/wp-content\/uploads\/2025\/09\/546155402_1326885192770894_3751597782945678502_n-768x513.jpg 768w, https:\/\/elmetropolitano.com.gt\/es\/wp-content\/uploads\/2025\/09\/546155402_1326885192770894_3751597782945678502_n.jpg 1047w\" sizes=\"auto, (max-width: 1024px) 100vw, 1024px\" \/><\/figure>\n\n\n\n<figure class=\"wp-block-image size-large\"><img loading=\"lazy\" decoding=\"async\" width=\"1024\" height=\"768\" data-id=\"111897\" src=\"https:\/\/elmetropolitano.com.gt\/es\/wp-content\/uploads\/2025\/09\/546631496_1326885189437561_1173535752957863627_n-1024x768.jpg\" alt=\"\" class=\"wp-image-111897\" srcset=\"https:\/\/elmetropolitano.com.gt\/es\/wp-content\/uploads\/2025\/09\/546631496_1326885189437561_1173535752957863627_n-1024x768.jpg 1024w, https:\/\/elmetropolitano.com.gt\/es\/wp-content\/uploads\/2025\/09\/546631496_1326885189437561_1173535752957863627_n-300x225.jpg 300w, https:\/\/elmetropolitano.com.gt\/es\/wp-content\/uploads\/2025\/09\/546631496_1326885189437561_1173535752957863627_n-768x576.jpg 768w, https:\/\/elmetropolitano.com.gt\/es\/wp-content\/uploads\/2025\/09\/546631496_1326885189437561_1173535752957863627_n.jpg 1048w\" sizes=\"auto, (max-width: 1024px) 100vw, 1024px\" \/><\/figure>\n\n\n\n<figure class=\"wp-block-image size-large\"><img loading=\"lazy\" decoding=\"async\" width=\"1024\" height=\"512\" data-id=\"111896\" src=\"https:\/\/elmetropolitano.com.gt\/es\/wp-content\/uploads\/2025\/09\/546908968_1326885156104231_7887202699282923155_n-1-1024x512.jpg\" alt=\"\" class=\"wp-image-111896\" srcset=\"https:\/\/elmetropolitano.com.gt\/es\/wp-content\/uploads\/2025\/09\/546908968_1326885156104231_7887202699282923155_n-1-1024x512.jpg 1024w, https:\/\/elmetropolitano.com.gt\/es\/wp-content\/uploads\/2025\/09\/546908968_1326885156104231_7887202699282923155_n-1-300x150.jpg 300w, https:\/\/elmetropolitano.com.gt\/es\/wp-content\/uploads\/2025\/09\/546908968_1326885156104231_7887202699282923155_n-1-768x384.jpg 768w, https:\/\/elmetropolitano.com.gt\/es\/wp-content\/uploads\/2025\/09\/546908968_1326885156104231_7887202699282923155_n-1.jpg 1140w\" sizes=\"auto, (max-width: 1024px) 100vw, 1024px\" \/><\/figure>\n\n\n\n<figure class=\"wp-block-image size-large\"><img loading=\"lazy\" decoding=\"async\" width=\"1024\" height=\"512\" data-id=\"111898\" src=\"https:\/\/elmetropolitano.com.gt\/es\/wp-content\/uploads\/2025\/09\/546908968_1326885156104231_7887202699282923155_n-1024x512.jpg\" alt=\"\" class=\"wp-image-111898\" srcset=\"https:\/\/elmetropolitano.com.gt\/es\/wp-content\/uploads\/2025\/09\/546908968_1326885156104231_7887202699282923155_n-1024x512.jpg 1024w, https:\/\/elmetropolitano.com.gt\/es\/wp-content\/uploads\/2025\/09\/546908968_1326885156104231_7887202699282923155_n-300x150.jpg 300w, https:\/\/elmetropolitano.com.gt\/es\/wp-content\/uploads\/2025\/09\/546908968_1326885156104231_7887202699282923155_n-768x384.jpg 768w, https:\/\/elmetropolitano.com.gt\/es\/wp-content\/uploads\/2025\/09\/546908968_1326885156104231_7887202699282923155_n.jpg 1140w\" sizes=\"auto, (max-width: 1024px) 100vw, 1024px\" \/><\/figure>\n\n\n\n<figure class=\"wp-block-image size-large\"><img loading=\"lazy\" decoding=\"async\" width=\"1024\" height=\"768\" data-id=\"111900\" src=\"https:\/\/elmetropolitano.com.gt\/es\/wp-content\/uploads\/2025\/09\/547230540_1326885236104223_724623352570763569_n-1-1024x768.jpg\" alt=\"\" class=\"wp-image-111900\" srcset=\"https:\/\/elmetropolitano.com.gt\/es\/wp-content\/uploads\/2025\/09\/547230540_1326885236104223_724623352570763569_n-1-1024x768.jpg 1024w, https:\/\/elmetropolitano.com.gt\/es\/wp-content\/uploads\/2025\/09\/547230540_1326885236104223_724623352570763569_n-1-300x225.jpg 300w, https:\/\/elmetropolitano.com.gt\/es\/wp-content\/uploads\/2025\/09\/547230540_1326885236104223_724623352570763569_n-1-768x576.jpg 768w, https:\/\/elmetropolitano.com.gt\/es\/wp-content\/uploads\/2025\/09\/547230540_1326885236104223_724623352570763569_n-1.jpg 1048w\" sizes=\"auto, (max-width: 1024px) 100vw, 1024px\" \/><\/figure>\n\n\n\n<figure class=\"wp-block-image size-large\"><img loading=\"lazy\" decoding=\"async\" width=\"1024\" height=\"684\" data-id=\"111901\" src=\"https:\/\/elmetropolitano.com.gt\/es\/wp-content\/uploads\/2025\/09\/547270992_1326885226104224_2385078842851966051_n-1024x684.jpg\" alt=\"\" class=\"wp-image-111901\" srcset=\"https:\/\/elmetropolitano.com.gt\/es\/wp-content\/uploads\/2025\/09\/547270992_1326885226104224_2385078842851966051_n-1024x684.jpg 1024w, https:\/\/elmetropolitano.com.gt\/es\/wp-content\/uploads\/2025\/09\/547270992_1326885226104224_2385078842851966051_n-300x200.jpg 300w, https:\/\/elmetropolitano.com.gt\/es\/wp-content\/uploads\/2025\/09\/547270992_1326885226104224_2385078842851966051_n-768x513.jpg 768w, https:\/\/elmetropolitano.com.gt\/es\/wp-content\/uploads\/2025\/09\/547270992_1326885226104224_2385078842851966051_n.jpg 1047w\" sizes=\"auto, (max-width: 1024px) 100vw, 1024px\" \/><\/figure>\n\n\n\n<figure class=\"wp-block-image size-large\"><img loading=\"lazy\" decoding=\"async\" width=\"627\" height=\"836\" data-id=\"111903\" src=\"https:\/\/elmetropolitano.com.gt\/es\/wp-content\/uploads\/2025\/09\/547368257_1326882599437820_5183701069596694610_n.jpg\" alt=\"\" class=\"wp-image-111903\" srcset=\"https:\/\/elmetropolitano.com.gt\/es\/wp-content\/uploads\/2025\/09\/547368257_1326882599437820_5183701069596694610_n.jpg 627w, https:\/\/elmetropolitano.com.gt\/es\/wp-content\/uploads\/2025\/09\/547368257_1326882599437820_5183701069596694610_n-225x300.jpg 225w\" sizes=\"auto, (max-width: 627px) 100vw, 627px\" \/><\/figure>\n\n\n\n<figure class=\"wp-block-image size-large\"><img loading=\"lazy\" decoding=\"async\" width=\"627\" height=\"470\" data-id=\"111902\" src=\"https:\/\/elmetropolitano.com.gt\/es\/wp-content\/uploads\/2025\/09\/547478103_1326882709437809_9041656124070210172_n.jpg\" alt=\"\" class=\"wp-image-111902\" srcset=\"https:\/\/elmetropolitano.com.gt\/es\/wp-content\/uploads\/2025\/09\/547478103_1326882709437809_9041656124070210172_n.jpg 627w, https:\/\/elmetropolitano.com.gt\/es\/wp-content\/uploads\/2025\/09\/547478103_1326882709437809_9041656124070210172_n-300x225.jpg 300w\" sizes=\"auto, (max-width: 627px) 100vw, 627px\" \/><\/figure>\n\n\n\n<figure class=\"wp-block-image size-large\"><img loading=\"lazy\" decoding=\"async\" width=\"627\" height=\"470\" data-id=\"111899\" src=\"https:\/\/elmetropolitano.com.gt\/es\/wp-content\/uploads\/2025\/09\/548215759_1326882662771147_6674492028085341621_n.jpg\" alt=\"\" class=\"wp-image-111899\" srcset=\"https:\/\/elmetropolitano.com.gt\/es\/wp-content\/uploads\/2025\/09\/548215759_1326882662771147_6674492028085341621_n.jpg 627w, https:\/\/elmetropolitano.com.gt\/es\/wp-content\/uploads\/2025\/09\/548215759_1326882662771147_6674492028085341621_n-300x225.jpg 300w\" sizes=\"auto, (max-width: 627px) 100vw, 627px\" \/><\/figure>\n<\/figure>\n","protected":false},"excerpt":{"rendered":"<p>Este domingo, miles de guatemaltecos participaron en la Carrera Independencia 2025, como parte de las actividades de conmemoraci\u00f3n de los 204 a\u00f1os de independencia patria. El banderazo de salida se dio en la avenida Reforma con direcci\u00f3n a Las Am\u00e9ricas, para una jornada de alegr\u00eda, color y esp\u00edritu c\u00edvico. Fiesta deportiva El ambiente se llen\u00f3 <a class=\"read-more\" href=\"https:\/\/elmetropolitano.com.gt\/es\/miles-de-guatemaltecos-participaron-en-la-carrera-de-independencia-2025\/\">Leer m\u00e1s<\/a><\/p>\n","protected":false},"author":1,"featured_media":111893,"comment_status":"open","ping_status":"closed","sticky":false,"template":"","format":"standard","meta":{"footnotes":""},"categories":[2],"tags":[12],"class_list":["post-111892","post","type-post","status-publish","format-standard","has-post-thumbnail","hentry","category-nacionales","tag-nacionales"],"_links":{"self":[{"href":"https:\/\/elmetropolitano.com.gt\/es\/wp-json\/wp\/v2\/posts\/111892","targetHints":{"allow":["GET"]}}],"collection":[{"href":"https:\/\/elmetropolitano.com.gt\/es\/wp-json\/wp\/v2\/posts"}],"about":[{"href":"https:\/\/elmetropolitano.com.gt\/es\/wp-json\/wp\/v2\/types\/post"}],"author":[{"embeddable":true,"href":"https:\/\/elmetropolitano.com.gt\/es\/wp-json\/wp\/v2\/users\/1"}],"replies":[{"embeddable":true,"href":"https:\/\/elmetropolitano.com.gt\/es\/wp-json\/wp\/v2\/comments?post=111892"}],"version-history":[{"count":1,"href":"https:\/\/elmetropolitano.com.gt\/es\/wp-json\/wp\/v2\/posts\/111892\/revisions"}],"predecessor-version":[{"id":111904,"href":"https:\/\/elmetropolitano.com.gt\/es\/wp-json\/wp\/v2\/posts\/111892\/revisions\/111904"}],"wp:featuredmedia":[{"embeddable":true,"href":"https:\/\/elmetropolitano.com.gt\/es\/wp-json\/wp\/v2\/media\/111893"}],"wp:attachment":[{"href":"https:\/\/elmetropolitano.com.gt\/es\/wp-json\/wp\/v2\/media?parent=111892"}],"wp:term":[{"taxonomy":"category","embeddable":true,"href":"https:\/\/elmetropolitano.com.gt\/es\/wp-json\/wp\/v2\/categories?post=111892"},{"taxonomy":"post_tag","embeddable":true,"href":"https:\/\/elmetropolitano.com.gt\/es\/wp-json\/wp\/v2\/tags?post=111892"}],"curies":[{"name":"wp","href":"https:\/\/api.w.org\/{rel}","templated":true}]}}