{"id":112012,"date":"2025-09-17T09:49:50","date_gmt":"2025-09-17T15:49:50","guid":{"rendered":"https:\/\/elmetropolitano.com.gt\/es\/?p=112012"},"modified":"2025-09-17T09:49:50","modified_gmt":"2025-09-17T15:49:50","slug":"viceministro-de-transportes-impulsa-mejoras-en-sede-regional-de-provial-en-san-agustin-acasaguastlan","status":"publish","type":"post","link":"https:\/\/elmetropolitano.com.gt\/es\/viceministro-de-transportes-impulsa-mejoras-en-sede-regional-de-provial-en-san-agustin-acasaguastlan\/","title":{"rendered":"Viceministro de Transportes impulsa mejoras en sede regional de Provial en San Agust\u00edn Acasaguastlan"},"content":{"rendered":"\n<p><a><\/a>Con mirada cr\u00edtica y paso firme, el viceministro de Transportes, Fernando Suriano, lleg\u00f3 hasta el coraz\u00f3n de San Crist\u00f3bal Acasaguastl\u00e1n para supervisar personalmente las condiciones de la sede regional de la Direcci\u00f3n General de Protecci\u00f3n y Seguridad Vial (Provial), afectada por los constantes sismos que han debilitado su estructura.<\/p>\n\n\n\n<p>Durante la jornada, el viceministro sostuvo una reuni\u00f3n t\u00e9cnica con el alcalde municipal, Edgar Casta\u00f1eda, para abordar temas estrat\u00e9gicos relacionados con la sede.<\/p><div class=\"elmet-contenido\" id=\"elmet-1505547484\"><div class=\"elmet-adlabel\">Anuncios<\/div><div style=\"margin-top: 20px;margin-right: 20px;margin-bottom: 20px;margin-left: 20px;\" id=\"elmet-4096805527\"><a href=\"https:\/\/www.facebook.com\/arrincuanantigua\/\" aria-label=\"cintillo-arrin-cual\"><img loading=\"lazy\" decoding=\"async\" src=\"https:\/\/elmetropolitano.com.gt\/es\/wp-content\/uploads\/2021\/11\/cintillo-arrin-cual-1.jpg\" alt=\"\"  srcset=\"https:\/\/elmetropolitano.com.gt\/es\/wp-content\/uploads\/2021\/11\/cintillo-arrin-cual-1.jpg 750w, https:\/\/elmetropolitano.com.gt\/es\/wp-content\/uploads\/2021\/11\/cintillo-arrin-cual-1-300x36.jpg 300w, https:\/\/elmetropolitano.com.gt\/es\/wp-content\/uploads\/2021\/11\/cintillo-arrin-cual-1-600x72.jpg 600w\" sizes=\"(max-width: 750px) 100vw, 750px\" width=\"750\" height=\"90\"   \/><\/a><\/div><\/div>\n\n\n\n<p>Posteriormente, acompa\u00f1ado por dos s\u00edndicos municipales, realiz\u00f3 un recorrido por las \u00e1reas colindantes a las instalaciones, con el objetivo de determinar los l\u00edmites del terreno y avanzar en los preparativos para el cercado perimetral del \u00e1rea.<\/p>\n\n\n\n<p>Adem\u00e1s, se evalu\u00f3 una propuesta para agilizar el proceso de retiro de chatarra acumulada dentro del predio, con el fin de recuperar espacios operativos y mejorar las condiciones laborales de brigadas que trabajan en la regi\u00f3n.<\/p>\n\n\n\n<p>\u201cEsta visita forma parte de una serie de acciones para fortalecer la presencia de Provial en las regiones clave del pa\u00eds. Las decisiones que se est\u00e1n tomando aqu\u00ed tienen impacto directo en la seguridad vial y en la eficiencia operativa de nuestras brigadas\u201d, se\u00f1al\u00f3 Suriano.<\/p>\n\n\n\n<p>Una visi\u00f3n de futuro para Provial<\/p>\n\n\n\n<p>La supervisi\u00f3n es parte de una agenda t\u00e9cnica impulsada por el Ministerio de Comunicaciones, orientada a mejorar la infraestructura, operatividad y condiciones de trabajo del personal de Provial en todo el territorio nacional.<\/p>\n\n\n\n<p>Las acciones actuales en San Crist\u00f3bal Acasaguastl\u00e1n sientan las bases para proyectos futuros que beneficiar\u00e1n directamente a la regi\u00f3n y al pa\u00eds, reafirmando el compromiso institucional con la seguridad vial de todos los guatemaltecos<\/p>\n\n\n\n<p><a href=\"https:\/\/www.facebook.com\/hashtag\/provial?__eep__=6&amp;__cft__[0]=AZW57suG9T4fzNN7n8T1xiFNr-dGIUsA-LE-w4cH95AHyoxyKeJb6sfzU7pKy3JWvHAIjf9WCYxyEYgVO4JjEBmIOF8ERoBPBUeGoXQvjCIxmMzDCnSRo75UUAoxdFbVnYNzSWEMpOToUcYi-RSVq4JjF9oU3qQ96_ElO5RgqEfL3dQ5Ti8WDAdcyvZJtLyeXO0&amp;__tn__=*NK-R\">#Provial<\/a><a href=\"https:\/\/www.facebook.com\/hashtag\/sancristobalacasaguastlan?__eep__=6&amp;__cft__[0]=AZW57suG9T4fzNN7n8T1xiFNr-dGIUsA-LE-w4cH95AHyoxyKeJb6sfzU7pKy3JWvHAIjf9WCYxyEYgVO4JjEBmIOF8ERoBPBUeGoXQvjCIxmMzDCnSRo75UUAoxdFbVnYNzSWEMpOToUcYi-RSVq4JjF9oU3qQ96_ElO5RgqEfL3dQ5Ti8WDAdcyvZJtLyeXO0&amp;__tn__=*NK-R\">#SanCristobalAcasaguastlan<\/a><\/p>\n\n\n\n<figure class=\"wp-block-gallery has-nested-images columns-default is-cropped wp-block-gallery-1 is-layout-flex wp-block-gallery-is-layout-flex\">\n<figure class=\"wp-block-image size-large\"><img loading=\"lazy\" decoding=\"async\" width=\"1024\" height=\"683\" data-id=\"112014\" src=\"https:\/\/elmetropolitano.com.gt\/es\/wp-content\/uploads\/2025\/09\/547285745_1329066452552768_3427973889563540066_n-1024x683.jpg\" alt=\"\" class=\"wp-image-112014\" srcset=\"https:\/\/elmetropolitano.com.gt\/es\/wp-content\/uploads\/2025\/09\/547285745_1329066452552768_3427973889563540066_n-1024x683.jpg 1024w, https:\/\/elmetropolitano.com.gt\/es\/wp-content\/uploads\/2025\/09\/547285745_1329066452552768_3427973889563540066_n-300x200.jpg 300w, https:\/\/elmetropolitano.com.gt\/es\/wp-content\/uploads\/2025\/09\/547285745_1329066452552768_3427973889563540066_n-768x512.jpg 768w, https:\/\/elmetropolitano.com.gt\/es\/wp-content\/uploads\/2025\/09\/547285745_1329066452552768_3427973889563540066_n.jpg 1500w\" sizes=\"auto, (max-width: 1024px) 100vw, 1024px\" \/><\/figure>\n\n\n\n<figure class=\"wp-block-image size-large\"><img loading=\"lazy\" decoding=\"async\" width=\"1024\" height=\"683\" data-id=\"112019\" src=\"https:\/\/elmetropolitano.com.gt\/es\/wp-content\/uploads\/2025\/09\/548091697_1329066492552764_825761573569728805_n-1-1024x683.jpg\" alt=\"\" class=\"wp-image-112019\" srcset=\"https:\/\/elmetropolitano.com.gt\/es\/wp-content\/uploads\/2025\/09\/548091697_1329066492552764_825761573569728805_n-1-1024x683.jpg 1024w, https:\/\/elmetropolitano.com.gt\/es\/wp-content\/uploads\/2025\/09\/548091697_1329066492552764_825761573569728805_n-1-300x200.jpg 300w, https:\/\/elmetropolitano.com.gt\/es\/wp-content\/uploads\/2025\/09\/548091697_1329066492552764_825761573569728805_n-1-768x512.jpg 768w, https:\/\/elmetropolitano.com.gt\/es\/wp-content\/uploads\/2025\/09\/548091697_1329066492552764_825761573569728805_n-1.jpg 1500w\" sizes=\"auto, (max-width: 1024px) 100vw, 1024px\" \/><\/figure>\n\n\n\n<figure class=\"wp-block-image size-large\"><img loading=\"lazy\" decoding=\"async\" width=\"1024\" height=\"683\" data-id=\"112015\" src=\"https:\/\/elmetropolitano.com.gt\/es\/wp-content\/uploads\/2025\/09\/548626925_1329066512552762_748010092188214022_n-1024x683.jpg\" alt=\"\" class=\"wp-image-112015\" srcset=\"https:\/\/elmetropolitano.com.gt\/es\/wp-content\/uploads\/2025\/09\/548626925_1329066512552762_748010092188214022_n-1024x683.jpg 1024w, https:\/\/elmetropolitano.com.gt\/es\/wp-content\/uploads\/2025\/09\/548626925_1329066512552762_748010092188214022_n-300x200.jpg 300w, https:\/\/elmetropolitano.com.gt\/es\/wp-content\/uploads\/2025\/09\/548626925_1329066512552762_748010092188214022_n-768x512.jpg 768w, https:\/\/elmetropolitano.com.gt\/es\/wp-content\/uploads\/2025\/09\/548626925_1329066512552762_748010092188214022_n.jpg 1500w\" sizes=\"auto, (max-width: 1024px) 100vw, 1024px\" \/><\/figure>\n\n\n\n<figure class=\"wp-block-image size-large\"><img loading=\"lazy\" decoding=\"async\" width=\"1024\" height=\"683\" data-id=\"112016\" src=\"https:\/\/elmetropolitano.com.gt\/es\/wp-content\/uploads\/2025\/09\/549571293_1329066449219435_3079183222132579448_n-1024x683.jpg\" alt=\"\" class=\"wp-image-112016\" srcset=\"https:\/\/elmetropolitano.com.gt\/es\/wp-content\/uploads\/2025\/09\/549571293_1329066449219435_3079183222132579448_n-1024x683.jpg 1024w, https:\/\/elmetropolitano.com.gt\/es\/wp-content\/uploads\/2025\/09\/549571293_1329066449219435_3079183222132579448_n-300x200.jpg 300w, https:\/\/elmetropolitano.com.gt\/es\/wp-content\/uploads\/2025\/09\/549571293_1329066449219435_3079183222132579448_n-768x512.jpg 768w, https:\/\/elmetropolitano.com.gt\/es\/wp-content\/uploads\/2025\/09\/549571293_1329066449219435_3079183222132579448_n.jpg 1500w\" sizes=\"auto, (max-width: 1024px) 100vw, 1024px\" \/><\/figure>\n\n\n\n<figure class=\"wp-block-image size-large\"><img loading=\"lazy\" decoding=\"async\" width=\"1024\" height=\"683\" data-id=\"112017\" src=\"https:\/\/elmetropolitano.com.gt\/es\/wp-content\/uploads\/2025\/09\/550100442_1329066479219432_5621797638606523866_n-1024x683.jpg\" alt=\"\" class=\"wp-image-112017\" srcset=\"https:\/\/elmetropolitano.com.gt\/es\/wp-content\/uploads\/2025\/09\/550100442_1329066479219432_5621797638606523866_n-1024x683.jpg 1024w, https:\/\/elmetropolitano.com.gt\/es\/wp-content\/uploads\/2025\/09\/550100442_1329066479219432_5621797638606523866_n-300x200.jpg 300w, https:\/\/elmetropolitano.com.gt\/es\/wp-content\/uploads\/2025\/09\/550100442_1329066479219432_5621797638606523866_n-768x512.jpg 768w, https:\/\/elmetropolitano.com.gt\/es\/wp-content\/uploads\/2025\/09\/550100442_1329066479219432_5621797638606523866_n.jpg 1500w\" sizes=\"auto, (max-width: 1024px) 100vw, 1024px\" \/><\/figure>\n\n\n\n<figure class=\"wp-block-image size-large\"><img loading=\"lazy\" decoding=\"async\" width=\"1024\" height=\"683\" data-id=\"112018\" src=\"https:\/\/elmetropolitano.com.gt\/es\/wp-content\/uploads\/2025\/09\/550178573_1329066525886094_4853272772520453625_n-1024x683.jpg\" alt=\"\" class=\"wp-image-112018\" srcset=\"https:\/\/elmetropolitano.com.gt\/es\/wp-content\/uploads\/2025\/09\/550178573_1329066525886094_4853272772520453625_n-1024x683.jpg 1024w, https:\/\/elmetropolitano.com.gt\/es\/wp-content\/uploads\/2025\/09\/550178573_1329066525886094_4853272772520453625_n-300x200.jpg 300w, https:\/\/elmetropolitano.com.gt\/es\/wp-content\/uploads\/2025\/09\/550178573_1329066525886094_4853272772520453625_n-768x512.jpg 768w, https:\/\/elmetropolitano.com.gt\/es\/wp-content\/uploads\/2025\/09\/550178573_1329066525886094_4853272772520453625_n.jpg 1500w\" sizes=\"auto, (max-width: 1024px) 100vw, 1024px\" \/><\/figure>\n<\/figure>\n","protected":false},"excerpt":{"rendered":"<p>Con mirada cr\u00edtica y paso firme, el viceministro de Transportes, Fernando Suriano, lleg\u00f3 hasta el coraz\u00f3n de San Crist\u00f3bal Acasaguastl\u00e1n para supervisar personalmente las condiciones de la sede regional de la Direcci\u00f3n General de Protecci\u00f3n y Seguridad Vial (Provial), afectada por los constantes sismos que han debilitado su estructura. Durante la jornada, el viceministro sostuvo <a class=\"read-more\" href=\"https:\/\/elmetropolitano.com.gt\/es\/viceministro-de-transportes-impulsa-mejoras-en-sede-regional-de-provial-en-san-agustin-acasaguastlan\/\">Leer m\u00e1s<\/a><\/p>\n","protected":false},"author":1,"featured_media":112013,"comment_status":"open","ping_status":"closed","sticky":false,"template":"","format":"standard","meta":{"footnotes":""},"categories":[4],"tags":[13],"class_list":["post-112012","post","type-post","status-publish","format-standard","has-post-thumbnail","hentry","category-departamentales","tag-departamentales"],"_links":{"self":[{"href":"https:\/\/elmetropolitano.com.gt\/es\/wp-json\/wp\/v2\/posts\/112012","targetHints":{"allow":["GET"]}}],"collection":[{"href":"https:\/\/elmetropolitano.com.gt\/es\/wp-json\/wp\/v2\/posts"}],"about":[{"href":"https:\/\/elmetropolitano.com.gt\/es\/wp-json\/wp\/v2\/types\/post"}],"author":[{"embeddable":true,"href":"https:\/\/elmetropolitano.com.gt\/es\/wp-json\/wp\/v2\/users\/1"}],"replies":[{"embeddable":true,"href":"https:\/\/elmetropolitano.com.gt\/es\/wp-json\/wp\/v2\/comments?post=112012"}],"version-history":[{"count":1,"href":"https:\/\/elmetropolitano.com.gt\/es\/wp-json\/wp\/v2\/posts\/112012\/revisions"}],"predecessor-version":[{"id":112020,"href":"https:\/\/elmetropolitano.com.gt\/es\/wp-json\/wp\/v2\/posts\/112012\/revisions\/112020"}],"wp:featuredmedia":[{"embeddable":true,"href":"https:\/\/elmetropolitano.com.gt\/es\/wp-json\/wp\/v2\/media\/112013"}],"wp:attachment":[{"href":"https:\/\/elmetropolitano.com.gt\/es\/wp-json\/wp\/v2\/media?parent=112012"}],"wp:term":[{"taxonomy":"category","embeddable":true,"href":"https:\/\/elmetropolitano.com.gt\/es\/wp-json\/wp\/v2\/categories?post=112012"},{"taxonomy":"post_tag","embeddable":true,"href":"https:\/\/elmetropolitano.com.gt\/es\/wp-json\/wp\/v2\/tags?post=112012"}],"curies":[{"name":"wp","href":"https:\/\/api.w.org\/{rel}","templated":true}]}}