{"id":112106,"date":"2025-09-18T08:44:21","date_gmt":"2025-09-18T14:44:21","guid":{"rendered":"https:\/\/elmetropolitano.com.gt\/es\/?p=112106"},"modified":"2025-09-18T08:44:21","modified_gmt":"2025-09-18T14:44:21","slug":"consejo-mundial-de-boxeo-confirma-revancha-entre-lester-martinez-y-christian-mbilli","status":"publish","type":"post","link":"https:\/\/elmetropolitano.com.gt\/es\/consejo-mundial-de-boxeo-confirma-revancha-entre-lester-martinez-y-christian-mbilli\/","title":{"rendered":"Consejo Mundial de Boxeo confirma revancha entre Lester Mart\u00ednez y Christian Mbilli"},"content":{"rendered":"\n<p><a><\/a>El boxeo guatemalteco volver\u00e1 a tener una noche de alto voltaje. El petenero Lester Mart\u00ednez tendr\u00e1 la revancha ante el franco-canadience Christian Mbilli, actual campe\u00f3n mundial supermediano de la OMB, en una pelea que promete electrizar el cuadril\u00e1tero.<\/p>\n\n\n\n<p>Mediante las redes sociales WBC (Consejo Mundial de Boxeo, por sus siglas en ingl\u00e9s), comparti\u00f3 una imagen en donde se anunci\u00f3 el segundo cap\u00edtulo de esta rivalidad entre dos grandes pugilistas, aunque no se revel\u00f3 fecha del combate.<\/p><div class=\"elmet-contenido\" id=\"elmet-2827362459\"><div class=\"elmet-adlabel\">Anuncios<\/div><div style=\"margin-top: 20px;margin-right: 20px;margin-bottom: 20px;margin-left: 20px;\" id=\"elmet-952627789\"><a href=\"https:\/\/www.facebook.com\/arrincuanantigua\/\" aria-label=\"cintillo-arrin-cual\"><img loading=\"lazy\" decoding=\"async\" src=\"https:\/\/elmetropolitano.com.gt\/es\/wp-content\/uploads\/2021\/11\/cintillo-arrin-cual-1.jpg\" alt=\"\"  srcset=\"https:\/\/elmetropolitano.com.gt\/es\/wp-content\/uploads\/2021\/11\/cintillo-arrin-cual-1.jpg 750w, https:\/\/elmetropolitano.com.gt\/es\/wp-content\/uploads\/2021\/11\/cintillo-arrin-cual-1-300x36.jpg 300w, https:\/\/elmetropolitano.com.gt\/es\/wp-content\/uploads\/2021\/11\/cintillo-arrin-cual-1-600x72.jpg 600w\" sizes=\"(max-width: 750px) 100vw, 750px\" width=\"750\" height=\"90\"   \/><\/a><\/div><\/div>\n\n\n\n<p>La Junta de Gobernadores del CMB vot\u00f3 un\u00e1nimemente a favor de ordenar la revancha entre el campe\u00f3n interino del CMB, Cristian Mbilli, contra Lester Mart\u00ednez despu\u00e9s de su sensacional pelea que termin\u00f3 en empate con una gran demanda p\u00fablica de una revancha.<\/p>\n\n\n\n<p>Confirman revancha entre Lester Mart\u00ednez y Christian Mbilli<\/p>\n\n\n\n<p>Mart\u00ednez ya se midi\u00f3 a Mbilli en el pasado s\u00e1bado, en un combate que termin\u00f3 con un empate t\u00e9cnico, dejando claro que el guatemalteco ten\u00eda nivel para estar entre los grandes. Ahora, con sed de proclamarse campe\u00f3n Lester quiere demostrar que aprendi\u00f3 de aquella primera batalla y que est\u00e1 listo para escribir otra p\u00e1gina dorada para el deporte nacional.<\/p>\n\n\n\n<p>El reto no ser\u00e1 f\u00e1cil. Mbilli llega con una pegada devastadora y un estilo agresivo que lo convierte en uno de los peleadores m\u00e1s temidos de la divisi\u00f3n. Sin embargo, Lester tiene algo que su rival no: el hambre de gloria de todo un pa\u00eds que lo respalda. Guatemala se ha acostumbrado a ver a Mart\u00ednez abrir puertas hist\u00f3ricas y este desaf\u00edo puede ser el m\u00e1s grande de su carrera.<\/p>\n\n\n\n<p>Invicto de Lester Mart\u00ednez<\/p>\n\n\n\n<p>Desde su debut como profesional, el petenero ha conseguido un total de 19 victorias (16 por nocaut) y un empate manteni\u00e9ndose invicto hasta la fecha.<\/p>\n\n\n\n<p>13\/09\/2025 \u2013 Empate ante Christian Mbilli en Las Vegas, Estados Unidos.<\/p>\n\n\n\n<p>22\/03\/2025 \u2013 Ante Joeshon James, en San Bernardino, Estados Unidos.<\/p>\n\n\n\n<p>24\/06\/2024 \u2013 Ante el ecuatoriano Carlos G\u00f3ngora, en Washington, Estados Unidos.<\/p>\n\n\n\n<p>23\/02\/2024 \u2013 Ante el colombiano Rub\u00e9n Angulo, en Ciudad de Guatemala.<\/p>\n\n\n\n<p>12\/07\/2023 \u2013 Ante el brasile\u00f1o Lucas de Abreu, en Florida, Estados Unidos.<\/p>\n\n\n\n<p>10\/04\/2023 \u2013 Ante el estadounidense Isaiah Steen, en Las Vegas, Estados Unidos.<\/p>\n\n\n\n<p>11\/11\/2022 \u2013 Ante el mexicano Fabi\u00e1n R\u00edos, en Acapulco, M\u00e9xico.<\/p>\n\n\n\n<p>08\/10\/2022 \u2013 Ante el estadounidense Jeremie Parks, en Misisipi, Estados Unidos.<\/p>\n\n\n\n<p>30\/07\/2022 \u2013 Ante el mexicano-estadounidense Rodolfo \u201cCobrita\u201d G\u00f3mez Jr., en Estados Unidos: Campe\u00f3n de la Asociaci\u00f3n Norteamericana de Boxeo (NABA).<\/p>\n\n\n\n<p>24\/03\/2022 \u2013 Ante el mexicano Jaime Hern\u00e1ndez, en Tepic, Nayarit, M\u00e9xico.<\/p>\n\n\n\n<p>14\/10\/2021 \u2013 Ante el cubano Raiko Santana, en Los Mochis, Sinaloa, M\u00e9xico: Retiene t\u00edtulo latino de la OMB.<\/p>\n\n\n\n<p>03\/04\/2021 \u2013 Ante el mexicano Gabriel \u201cDrago\u201d L\u00f3pez, en M\u00e9xico: Campe\u00f3n latino de la OMB.<\/p>\n\n\n\n<p>26\/02\/2021 \u2013 Ante el mexicano Juan Torres, en M\u00e9xico.<\/p>\n\n\n\n<p>09\/12\/2020 \u2013 Ante el mexicano Uriel Gonz\u00e1lez, en M\u00e9xico: Campe\u00f3n latinoamericano del CMB.<\/p>\n\n\n\n<p>22\/10\/2020 \u2013 Ante el mexicano Michi Mu\u00f1oz, en M\u00e9xico.<\/p>\n\n\n\n<p>27\/08\/2020 \u2013 Ante el mexicano Abraham Hern\u00e1ndez, en M\u00e9xico.<\/p>\n\n\n\n<p>27\/07\/2019 \u2013 Ante el costarricense Roy \u201cThe Machine\u201d Fern\u00e1ndez, en Guatemala.<\/p>\n\n\n\n<p>29\/06\/2019 \u2013 Ante el mexicano Luis Jim\u00e9nez, en M\u00e9xico.<\/p>\n\n\n\n<p>15\/06\/2019 \u2013 Ante el mexicano Daniel \u201cMaravilla\u201d Montejo, en M\u00e9xico.<\/p>\n\n\n\n<p>06\/04\/2019 \u2013 Ante el nicarag\u00fcense Ricardo \u201cMatador\u201d Mayorga, en Guatemala.<\/p>\n\n\n\n<p>Texto: Josu\u00e9 David Acevedo Rivas<\/p>\n\n\n\n<p><a href=\"https:\/\/www.facebook.com\/hashtag\/boxeo?__eep__=6&amp;__cft__[0]=AZUMxkSQezXOHQJrnqQ7656E1RKEzlt8EsJQHVwPF08nmYIRZauHJJfF6iUUDCMdDxv4gMwJLL0H1LJSuHMDrXZamfXr0p0aP_JYWri8D2G7L_fRWvrFFbl5KVbV5mg1Qm51-ETlMwQGV5s6xi8N-tgUoCwd08A0HQRJc1srGhg9cCk5rGYEoLMSh1eazLPdmC8&amp;__tn__=*NK-R\">#Boxeo<\/a><a href=\"https:\/\/www.facebook.com\/hashtag\/lestermartinez?__eep__=6&amp;__cft__[0]=AZUMxkSQezXOHQJrnqQ7656E1RKEzlt8EsJQHVwPF08nmYIRZauHJJfF6iUUDCMdDxv4gMwJLL0H1LJSuHMDrXZamfXr0p0aP_JYWri8D2G7L_fRWvrFFbl5KVbV5mg1Qm51-ETlMwQGV5s6xi8N-tgUoCwd08A0HQRJc1srGhg9cCk5rGYEoLMSh1eazLPdmC8&amp;__tn__=*NK-R\">#LesterMartinez<\/a><a href=\"https:\/\/www.facebook.com\/hashtag\/metroredes?__eep__=6&amp;__cft__[0]=AZUMxkSQezXOHQJrnqQ7656E1RKEzlt8EsJQHVwPF08nmYIRZauHJJfF6iUUDCMdDxv4gMwJLL0H1LJSuHMDrXZamfXr0p0aP_JYWri8D2G7L_fRWvrFFbl5KVbV5mg1Qm51-ETlMwQGV5s6xi8N-tgUoCwd08A0HQRJc1srGhg9cCk5rGYEoLMSh1eazLPdmC8&amp;__tn__=*NK-R\">#metroredes<\/a><\/p>\n\n\n\n<figure class=\"wp-block-gallery has-nested-images columns-default is-cropped wp-block-gallery-1 is-layout-flex wp-block-gallery-is-layout-flex\">\n<figure class=\"wp-block-image size-large\"><img loading=\"lazy\" decoding=\"async\" width=\"819\" height=\"1024\" data-id=\"112108\" src=\"https:\/\/elmetropolitano.com.gt\/es\/wp-content\/uploads\/2025\/09\/550306683_1330059095786837_1201455301365050549_n-1-819x1024.jpg\" alt=\"\" class=\"wp-image-112108\" srcset=\"https:\/\/elmetropolitano.com.gt\/es\/wp-content\/uploads\/2025\/09\/550306683_1330059095786837_1201455301365050549_n-1-819x1024.jpg 819w, https:\/\/elmetropolitano.com.gt\/es\/wp-content\/uploads\/2025\/09\/550306683_1330059095786837_1201455301365050549_n-1-240x300.jpg 240w, https:\/\/elmetropolitano.com.gt\/es\/wp-content\/uploads\/2025\/09\/550306683_1330059095786837_1201455301365050549_n-1-768x960.jpg 768w, https:\/\/elmetropolitano.com.gt\/es\/wp-content\/uploads\/2025\/09\/550306683_1330059095786837_1201455301365050549_n-1.jpg 1152w\" sizes=\"auto, (max-width: 819px) 100vw, 819px\" \/><\/figure>\n<\/figure>\n","protected":false},"excerpt":{"rendered":"<p>El boxeo guatemalteco volver\u00e1 a tener una noche de alto voltaje. El petenero Lester Mart\u00ednez tendr\u00e1 la revancha ante el franco-canadience Christian Mbilli, actual campe\u00f3n mundial supermediano de la OMB, en una pelea que promete electrizar el cuadril\u00e1tero. Mediante las redes sociales WBC (Consejo Mundial de Boxeo, por sus siglas en ingl\u00e9s), comparti\u00f3 una imagen <a class=\"read-more\" href=\"https:\/\/elmetropolitano.com.gt\/es\/consejo-mundial-de-boxeo-confirma-revancha-entre-lester-martinez-y-christian-mbilli\/\">Leer m\u00e1s<\/a><\/p>\n","protected":false},"author":1,"featured_media":112107,"comment_status":"open","ping_status":"closed","sticky":false,"template":"","format":"standard","meta":{"footnotes":""},"categories":[43],"tags":[44],"class_list":["post-112106","post","type-post","status-publish","format-standard","has-post-thumbnail","hentry","category-deportes","tag-deportes"],"_links":{"self":[{"href":"https:\/\/elmetropolitano.com.gt\/es\/wp-json\/wp\/v2\/posts\/112106","targetHints":{"allow":["GET"]}}],"collection":[{"href":"https:\/\/elmetropolitano.com.gt\/es\/wp-json\/wp\/v2\/posts"}],"about":[{"href":"https:\/\/elmetropolitano.com.gt\/es\/wp-json\/wp\/v2\/types\/post"}],"author":[{"embeddable":true,"href":"https:\/\/elmetropolitano.com.gt\/es\/wp-json\/wp\/v2\/users\/1"}],"replies":[{"embeddable":true,"href":"https:\/\/elmetropolitano.com.gt\/es\/wp-json\/wp\/v2\/comments?post=112106"}],"version-history":[{"count":1,"href":"https:\/\/elmetropolitano.com.gt\/es\/wp-json\/wp\/v2\/posts\/112106\/revisions"}],"predecessor-version":[{"id":112109,"href":"https:\/\/elmetropolitano.com.gt\/es\/wp-json\/wp\/v2\/posts\/112106\/revisions\/112109"}],"wp:featuredmedia":[{"embeddable":true,"href":"https:\/\/elmetropolitano.com.gt\/es\/wp-json\/wp\/v2\/media\/112107"}],"wp:attachment":[{"href":"https:\/\/elmetropolitano.com.gt\/es\/wp-json\/wp\/v2\/media?parent=112106"}],"wp:term":[{"taxonomy":"category","embeddable":true,"href":"https:\/\/elmetropolitano.com.gt\/es\/wp-json\/wp\/v2\/categories?post=112106"},{"taxonomy":"post_tag","embeddable":true,"href":"https:\/\/elmetropolitano.com.gt\/es\/wp-json\/wp\/v2\/tags?post=112106"}],"curies":[{"name":"wp","href":"https:\/\/api.w.org\/{rel}","templated":true}]}}