{"id":112110,"date":"2025-09-18T08:48:43","date_gmt":"2025-09-18T14:48:43","guid":{"rendered":"https:\/\/elmetropolitano.com.gt\/es\/?p=112110"},"modified":"2025-09-18T08:48:44","modified_gmt":"2025-09-18T14:48:44","slug":"diputado-de-une-martin-nicolas-segunda-rechaza-que-edificio-allanado-en-huehuetenango-sea-suyo","status":"publish","type":"post","link":"https:\/\/elmetropolitano.com.gt\/es\/diputado-de-une-martin-nicolas-segunda-rechaza-que-edificio-allanado-en-huehuetenango-sea-suyo\/","title":{"rendered":"Diputado de UNE Mart\u00edn Nicol\u00e1s Segunda rechaza que edificio allanado en Huehuetenango sea suyo"},"content":{"rendered":"\n<p><a><\/a>El diputado del Partido Unidad Nacional de la Esperanza UNE Mart\u00edn Nicol\u00e1s Segundo del departamento de Huehuetenango neg\u00f3 por medio de un comunicado de prensa que sea el due\u00f1o del Centro de Convenciones<\/p>\n\n\n\n<p>California, ubicadas en el municipio y departamento de Huehuetenango, fueron objeto de un allanamiento por parte de las autoridades, en cumplimiento a una orden emitida por un Juzgado de Extinci\u00f3n de Dominio.<\/p><div class=\"elmet-contenido\" id=\"elmet-3215712712\"><div class=\"elmet-adlabel\">Anuncios<\/div><div style=\"margin-top: 20px;margin-right: 20px;margin-bottom: 20px;margin-left: 20px;\" id=\"elmet-2183068784\"><a href=\"https:\/\/www.facebook.com\/arrincuanantigua\/\" aria-label=\"cintillo-arrin-cual\"><img loading=\"lazy\" decoding=\"async\" src=\"https:\/\/elmetropolitano.com.gt\/es\/wp-content\/uploads\/2021\/11\/cintillo-arrin-cual-1.jpg\" alt=\"\"  srcset=\"https:\/\/elmetropolitano.com.gt\/es\/wp-content\/uploads\/2021\/11\/cintillo-arrin-cual-1.jpg 750w, https:\/\/elmetropolitano.com.gt\/es\/wp-content\/uploads\/2021\/11\/cintillo-arrin-cual-1-300x36.jpg 300w, https:\/\/elmetropolitano.com.gt\/es\/wp-content\/uploads\/2021\/11\/cintillo-arrin-cual-1-600x72.jpg 600w\" sizes=\"(max-width: 750px) 100vw, 750px\" width=\"750\" height=\"90\"   \/><\/a><\/div><\/div>\n\n\n\n<p>\u201cAclaro de manera categ\u00f3rica que no soy propietario del inmueble allanado. No existe ninguna relaci\u00f3n jur\u00eddica ni patrimonial de mi parte con dicho bien. Cualquier<\/p>\n\n\n\n<p>se\u00f1alamiento que busque vincularme carece de sustento y \u00fanicamente obedece a intentos de aprovechar mi condici\u00f3n de persona p\u00fablica, derivado de mi cargo como<\/p>\n\n\n\n<p>Diputado al Congreso de la Rep\u00fablica\u201d expresa en el comunicado de prensa el Parlamentario Mart\u00edn Nicol\u00e1s<\/p>\n\n\n\n<p>\u201cMi compromiso con la legalidad y la transparencia ha sido constante. A pesar de que mi investidura como diputado me confiere el derecho de antejuicio, reitero mi plena disposici\u00f3n de colaborar con las instituciones de justicia en cualquier investigaci\u00f3n que se instruya en mi contra, porque no tengo nada que ocultar y porque conf\u00edo en el debido proceso\u201d enfatiza en el comunicado de prensa<\/p>\n\n\n\n<p>Agregando que Rechaza \u201cen\u00e9rgicamente toda campa\u00f1a de desprestigio que pretenda da\u00f1ar mi honor, mi imagen y mi labor legislativa. A lo largo de mi trayectoria p\u00fablica he demostrado respeto por las instituciones y por la ley, y no permitir\u00e9 que rumores infundados intenten empa\u00f1ar mi trabajo en beneficio de la ciudadan\u00eda\u201d<\/p>\n\n\n\n<p>Indica tambi\u00e9n el comunicado que \u201cExhorto a la poblaci\u00f3n guatemalteca a informarse por medios oficiales y responsables, y no dejarse llevar por publicaciones o comentarios malintencionados en redes sociales que \u00fanicamente generan desinformaci\u00f3n y confusi\u00f3n\u201d<\/p>\n\n\n\n<p><a href=\"https:\/\/www.facebook.com\/hashtag\/huehuetenango?__eep__=6&amp;__cft__[0]=AZWbNOKVczzkn9X4sWZl1qJK0GsltuXSLnXJf6WKJkm3fLZ7OAZXaut9LCGI9duVC0enF2qXvFcRLzystUVJvE87tIOFWpNpYR0pS_eSv04kxXjCmI3FujWF19f-hr1eABM0_FRSw3v__pSNvHxagoGDzUAauljVt_HMQ4RtyM0YEiYDwLdyOi5oJKnybw-WFSA&amp;__tn__=*NK-R\">#Huehuetenango<\/a><a href=\"https:\/\/www.facebook.com\/hashtag\/mpfuerteyfirme?__eep__=6&amp;__cft__[0]=AZWbNOKVczzkn9X4sWZl1qJK0GsltuXSLnXJf6WKJkm3fLZ7OAZXaut9LCGI9duVC0enF2qXvFcRLzystUVJvE87tIOFWpNpYR0pS_eSv04kxXjCmI3FujWF19f-hr1eABM0_FRSw3v__pSNvHxagoGDzUAauljVt_HMQ4RtyM0YEiYDwLdyOi5oJKnybw-WFSA&amp;__tn__=*NK-R\">#MPFuerteyFirme<\/a><\/p>\n\n\n\n<figure class=\"wp-block-gallery has-nested-images columns-default is-cropped wp-block-gallery-1 is-layout-flex wp-block-gallery-is-layout-flex\">\n<figure class=\"wp-block-image size-large\"><img loading=\"lazy\" decoding=\"async\" width=\"638\" height=\"960\" data-id=\"112112\" src=\"https:\/\/elmetropolitano.com.gt\/es\/wp-content\/uploads\/2025\/09\/548187673_1330086182450795_8544828526849719122_n-1.jpg\" alt=\"\" class=\"wp-image-112112\" srcset=\"https:\/\/elmetropolitano.com.gt\/es\/wp-content\/uploads\/2025\/09\/548187673_1330086182450795_8544828526849719122_n-1.jpg 638w, https:\/\/elmetropolitano.com.gt\/es\/wp-content\/uploads\/2025\/09\/548187673_1330086182450795_8544828526849719122_n-1-199x300.jpg 199w\" sizes=\"auto, (max-width: 638px) 100vw, 638px\" \/><\/figure>\n\n\n\n<figure class=\"wp-block-image size-large\"><img loading=\"lazy\" decoding=\"async\" width=\"720\" height=\"960\" data-id=\"112114\" src=\"https:\/\/elmetropolitano.com.gt\/es\/wp-content\/uploads\/2025\/09\/548211312_1330086225784124_2218700806310862869_n.jpg\" alt=\"\" class=\"wp-image-112114\" srcset=\"https:\/\/elmetropolitano.com.gt\/es\/wp-content\/uploads\/2025\/09\/548211312_1330086225784124_2218700806310862869_n.jpg 720w, https:\/\/elmetropolitano.com.gt\/es\/wp-content\/uploads\/2025\/09\/548211312_1330086225784124_2218700806310862869_n-225x300.jpg 225w\" sizes=\"auto, (max-width: 720px) 100vw, 720px\" \/><\/figure>\n\n\n\n<figure class=\"wp-block-image size-large\"><img loading=\"lazy\" decoding=\"async\" width=\"678\" height=\"960\" data-id=\"112113\" src=\"https:\/\/elmetropolitano.com.gt\/es\/wp-content\/uploads\/2025\/09\/549636877_1330086179117462_6233643447560075306_n.jpg\" alt=\"\" class=\"wp-image-112113\" srcset=\"https:\/\/elmetropolitano.com.gt\/es\/wp-content\/uploads\/2025\/09\/549636877_1330086179117462_6233643447560075306_n.jpg 678w, https:\/\/elmetropolitano.com.gt\/es\/wp-content\/uploads\/2025\/09\/549636877_1330086179117462_6233643447560075306_n-212x300.jpg 212w\" sizes=\"auto, (max-width: 678px) 100vw, 678px\" \/><\/figure>\n<\/figure>\n","protected":false},"excerpt":{"rendered":"<p>El diputado del Partido Unidad Nacional de la Esperanza UNE Mart\u00edn Nicol\u00e1s Segundo del departamento de Huehuetenango neg\u00f3 por medio de un comunicado de prensa que sea el due\u00f1o del Centro de Convenciones California, ubicadas en el municipio y departamento de Huehuetenango, fueron objeto de un allanamiento por parte de las autoridades, en cumplimiento a <a class=\"read-more\" href=\"https:\/\/elmetropolitano.com.gt\/es\/diputado-de-une-martin-nicolas-segunda-rechaza-que-edificio-allanado-en-huehuetenango-sea-suyo\/\">Leer m\u00e1s<\/a><\/p>\n","protected":false},"author":1,"featured_media":112111,"comment_status":"open","ping_status":"closed","sticky":false,"template":"","format":"standard","meta":{"footnotes":""},"categories":[4],"tags":[13],"class_list":["post-112110","post","type-post","status-publish","format-standard","has-post-thumbnail","hentry","category-departamentales","tag-departamentales"],"_links":{"self":[{"href":"https:\/\/elmetropolitano.com.gt\/es\/wp-json\/wp\/v2\/posts\/112110","targetHints":{"allow":["GET"]}}],"collection":[{"href":"https:\/\/elmetropolitano.com.gt\/es\/wp-json\/wp\/v2\/posts"}],"about":[{"href":"https:\/\/elmetropolitano.com.gt\/es\/wp-json\/wp\/v2\/types\/post"}],"author":[{"embeddable":true,"href":"https:\/\/elmetropolitano.com.gt\/es\/wp-json\/wp\/v2\/users\/1"}],"replies":[{"embeddable":true,"href":"https:\/\/elmetropolitano.com.gt\/es\/wp-json\/wp\/v2\/comments?post=112110"}],"version-history":[{"count":1,"href":"https:\/\/elmetropolitano.com.gt\/es\/wp-json\/wp\/v2\/posts\/112110\/revisions"}],"predecessor-version":[{"id":112115,"href":"https:\/\/elmetropolitano.com.gt\/es\/wp-json\/wp\/v2\/posts\/112110\/revisions\/112115"}],"wp:featuredmedia":[{"embeddable":true,"href":"https:\/\/elmetropolitano.com.gt\/es\/wp-json\/wp\/v2\/media\/112111"}],"wp:attachment":[{"href":"https:\/\/elmetropolitano.com.gt\/es\/wp-json\/wp\/v2\/media?parent=112110"}],"wp:term":[{"taxonomy":"category","embeddable":true,"href":"https:\/\/elmetropolitano.com.gt\/es\/wp-json\/wp\/v2\/categories?post=112110"},{"taxonomy":"post_tag","embeddable":true,"href":"https:\/\/elmetropolitano.com.gt\/es\/wp-json\/wp\/v2\/tags?post=112110"}],"curies":[{"name":"wp","href":"https:\/\/api.w.org\/{rel}","templated":true}]}}