{"id":112124,"date":"2025-09-18T08:54:41","date_gmt":"2025-09-18T14:54:41","guid":{"rendered":"https:\/\/elmetropolitano.com.gt\/es\/?p=112124"},"modified":"2025-09-18T08:54:42","modified_gmt":"2025-09-18T14:54:42","slug":"pnc-rescato-a-nina-que-estaba-secuestrada-en-chimaltenango-y-capturo-a-pareja-de-plagiarios","status":"publish","type":"post","link":"https:\/\/elmetropolitano.com.gt\/es\/pnc-rescato-a-nina-que-estaba-secuestrada-en-chimaltenango-y-capturo-a-pareja-de-plagiarios\/","title":{"rendered":"PNC rescat\u00f3 a ni\u00f1a que estaba secuestrada en Chimaltenango y captur\u00f3 a pareja de plagiarios"},"content":{"rendered":"\n<p><a><\/a>Helen Andrea Mishell Raquec Jochol\u00e1, de 25 a\u00f1os y su pareja Germ\u00e1n Servando P\u00e9rez P\u00e9rez, de 31 a\u00f1os, ten\u00edan secuestrada a una ni\u00f1a, atada de las manos y piernas con cinta adhesiva, bajo condiciones inhumanas, as\u00ed la encontraron polic\u00edas del Comando Antisecuestros que la liberaron sana, salva y sin pagar un centavo a criminales.<\/p>\n\n\n\n<p>El trabajo de inteligencia y estrategia de negociaci\u00f3n, investigadores del Comando Antisecuestros de la Polic\u00eda Nacional Civil PNC los lleva a la aldea Buena Vista, zona 8 de Chimaltenango, donde la ni\u00f1a de nueve a\u00f1os que estaba secuestrada desde el 15 de septiembre pasado y por quien ped\u00edan 2 millones de quetzales para su liberaci\u00f3n.<\/p><div class=\"elmet-contenido\" id=\"elmet-365164780\"><div class=\"elmet-adlabel\">Anuncios<\/div><div style=\"margin-top: 20px;margin-right: 20px;margin-bottom: 20px;margin-left: 20px;\" id=\"elmet-2760368964\"><a href=\"https:\/\/www.facebook.com\/arrincuanantigua\/\" aria-label=\"cintillo-arrin-cual\"><img loading=\"lazy\" decoding=\"async\" src=\"https:\/\/elmetropolitano.com.gt\/es\/wp-content\/uploads\/2021\/11\/cintillo-arrin-cual-1.jpg\" alt=\"\"  srcset=\"https:\/\/elmetropolitano.com.gt\/es\/wp-content\/uploads\/2021\/11\/cintillo-arrin-cual-1.jpg 750w, https:\/\/elmetropolitano.com.gt\/es\/wp-content\/uploads\/2021\/11\/cintillo-arrin-cual-1-300x36.jpg 300w, https:\/\/elmetropolitano.com.gt\/es\/wp-content\/uploads\/2021\/11\/cintillo-arrin-cual-1-600x72.jpg 600w\" sizes=\"(max-width: 750px) 100vw, 750px\" width=\"750\" height=\"90\"   \/><\/a><\/div><\/div>\n\n\n\n<p>La inmediata denuncia de los padres fue vital para que los expertos de PNC realizaran un trabajo preciso que culmin\u00f3 con la liberaci\u00f3n de la ni\u00f1a y la captura de los presuntos plagiarios, los primeros, porque la investigaci\u00f3n sigue.<\/p>\n\n\n\n<p>El plagio ocurri\u00f3 el 15 de septiembre en la aldea Los Lanos, Zaragoza, Chimaltenango. Minutos despu\u00e9s, un secuestrador se comunica v\u00eda telef\u00f3nica con la familia y exige una suma millonaria a cambio de liberar con vida a la ni\u00f1a.<\/p>\n\n\n\n<p>Los padres de la ni\u00f1a reconocieron al hombre detenido como un extrabajador de la familia.<\/p>\n\n\n\n<p><a href=\"https:\/\/www.facebook.com\/hashtag\/pncdeguatemala?__eep__=6&amp;__cft__[0]=AZUIbtOm35-fpBPl4H9dLFaMvPHyCMvjoRqFm_n_YeT5yMzaw0pzx_DzeVYMxYOWBIi_Y6kNufp9lHCUwXe9IFou6J7hR-jj8wsmVub8UANLfr7dYLGAG4QKNCLjcplGG2ar1sgz3-GSBllRcJUViGPrSCuwVqaVid6XBIdBfR5Pbx_DzlL9yU5NYlaDgNn_ZLM&amp;__tn__=*NK-R\">#PNCdeGuatemala<\/a><a href=\"https:\/\/www.facebook.com\/hashtag\/comandoantisecuestros?__eep__=6&amp;__cft__[0]=AZUIbtOm35-fpBPl4H9dLFaMvPHyCMvjoRqFm_n_YeT5yMzaw0pzx_DzeVYMxYOWBIi_Y6kNufp9lHCUwXe9IFou6J7hR-jj8wsmVub8UANLfr7dYLGAG4QKNCLjcplGG2ar1sgz3-GSBllRcJUViGPrSCuwVqaVid6XBIdBfR5Pbx_DzlL9yU5NYlaDgNn_ZLM&amp;__tn__=*NK-R\">#ComandoAntisecuestros<\/a><\/p>\n\n\n\n<p><a href=\"https:\/\/www.facebook.com\/hashtag\/pncenacci%C3%B3n?__eep__=6&amp;__cft__[0]=AZUIbtOm35-fpBPl4H9dLFaMvPHyCMvjoRqFm_n_YeT5yMzaw0pzx_DzeVYMxYOWBIi_Y6kNufp9lHCUwXe9IFou6J7hR-jj8wsmVub8UANLfr7dYLGAG4QKNCLjcplGG2ar1sgz3-GSBllRcJUViGPrSCuwVqaVid6XBIdBfR5Pbx_DzlL9yU5NYlaDgNn_ZLM&amp;__tn__=*NK-R\">#PNCEnAcci\u00f3n<\/a><a href=\"https:\/\/www.facebook.com\/hashtag\/metroredes?__eep__=6&amp;__cft__[0]=AZUIbtOm35-fpBPl4H9dLFaMvPHyCMvjoRqFm_n_YeT5yMzaw0pzx_DzeVYMxYOWBIi_Y6kNufp9lHCUwXe9IFou6J7hR-jj8wsmVub8UANLfr7dYLGAG4QKNCLjcplGG2ar1sgz3-GSBllRcJUViGPrSCuwVqaVid6XBIdBfR5Pbx_DzlL9yU5NYlaDgNn_ZLM&amp;__tn__=*NK-R\">#metroredes<\/a><\/p>\n","protected":false},"excerpt":{"rendered":"<p>Helen Andrea Mishell Raquec Jochol\u00e1, de 25 a\u00f1os y su pareja Germ\u00e1n Servando P\u00e9rez P\u00e9rez, de 31 a\u00f1os, ten\u00edan secuestrada a una ni\u00f1a, atada de las manos y piernas con cinta adhesiva, bajo condiciones inhumanas, as\u00ed la encontraron polic\u00edas del Comando Antisecuestros que la liberaron sana, salva y sin pagar un centavo a criminales. El <a class=\"read-more\" href=\"https:\/\/elmetropolitano.com.gt\/es\/pnc-rescato-a-nina-que-estaba-secuestrada-en-chimaltenango-y-capturo-a-pareja-de-plagiarios\/\">Leer m\u00e1s<\/a><\/p>\n","protected":false},"author":1,"featured_media":112125,"comment_status":"open","ping_status":"closed","sticky":false,"template":"","format":"standard","meta":{"footnotes":""},"categories":[4],"tags":[13],"class_list":["post-112124","post","type-post","status-publish","format-standard","has-post-thumbnail","hentry","category-departamentales","tag-departamentales"],"_links":{"self":[{"href":"https:\/\/elmetropolitano.com.gt\/es\/wp-json\/wp\/v2\/posts\/112124","targetHints":{"allow":["GET"]}}],"collection":[{"href":"https:\/\/elmetropolitano.com.gt\/es\/wp-json\/wp\/v2\/posts"}],"about":[{"href":"https:\/\/elmetropolitano.com.gt\/es\/wp-json\/wp\/v2\/types\/post"}],"author":[{"embeddable":true,"href":"https:\/\/elmetropolitano.com.gt\/es\/wp-json\/wp\/v2\/users\/1"}],"replies":[{"embeddable":true,"href":"https:\/\/elmetropolitano.com.gt\/es\/wp-json\/wp\/v2\/comments?post=112124"}],"version-history":[{"count":1,"href":"https:\/\/elmetropolitano.com.gt\/es\/wp-json\/wp\/v2\/posts\/112124\/revisions"}],"predecessor-version":[{"id":112126,"href":"https:\/\/elmetropolitano.com.gt\/es\/wp-json\/wp\/v2\/posts\/112124\/revisions\/112126"}],"wp:featuredmedia":[{"embeddable":true,"href":"https:\/\/elmetropolitano.com.gt\/es\/wp-json\/wp\/v2\/media\/112125"}],"wp:attachment":[{"href":"https:\/\/elmetropolitano.com.gt\/es\/wp-json\/wp\/v2\/media?parent=112124"}],"wp:term":[{"taxonomy":"category","embeddable":true,"href":"https:\/\/elmetropolitano.com.gt\/es\/wp-json\/wp\/v2\/categories?post=112124"},{"taxonomy":"post_tag","embeddable":true,"href":"https:\/\/elmetropolitano.com.gt\/es\/wp-json\/wp\/v2\/tags?post=112124"}],"curies":[{"name":"wp","href":"https:\/\/api.w.org\/{rel}","templated":true}]}}