{"id":112136,"date":"2025-09-18T09:13:20","date_gmt":"2025-09-18T15:13:20","guid":{"rendered":"https:\/\/elmetropolitano.com.gt\/es\/?p=112136"},"modified":"2025-09-18T09:13:20","modified_gmt":"2025-09-18T15:13:20","slug":"civ-da-seguimiento-a-proyectos-de-infraestructura-en-suchitepequez","status":"publish","type":"post","link":"https:\/\/elmetropolitano.com.gt\/es\/civ-da-seguimiento-a-proyectos-de-infraestructura-en-suchitepequez\/","title":{"rendered":"CIV da seguimiento a proyectos de infraestructura en Suchitep\u00e9quez"},"content":{"rendered":"\n<p>El ministro de Comunicaciones, Infraestructura y Vivienda, Miguel \u00c1ngel D\u00edaz, junto con el diputado del Oartido Viva Gerson Geovanny Barrag\u00e1n Morales , sostuvo un encuentro con l\u00edderes comunitarios del departamento de Suchitep\u00e9quez, con el prop\u00f3sito de atender las principales necesidades de infraestructura vial de la regi\u00f3n.<\/p>\n\n\n\n<p>Durante la reuni\u00f3n, se abordaron proyectos de mantenimiento en distintos puentes, entre ellos el libramiento de Cocales, Puente Nahualate, Puente Moca y Puente Ixtacapa, as\u00ed como otras obras de importancia para el tr\u00e1nsito en el \u00e1rea. Adem\u00e1s, se anunci\u00f3 el inicio de los trabajos de bacheo en rutas clave del departamento a partir del mes de octubre.<\/p><div class=\"elmet-contenido\" id=\"elmet-1190133877\"><div class=\"elmet-adlabel\">Anuncios<\/div><div style=\"margin-top: 20px;margin-right: 20px;margin-bottom: 20px;margin-left: 20px;\" id=\"elmet-1995314576\"><a href=\"https:\/\/www.facebook.com\/arrincuanantigua\/\" aria-label=\"cintillo-arrin-cual\"><img loading=\"lazy\" decoding=\"async\" src=\"https:\/\/elmetropolitano.com.gt\/es\/wp-content\/uploads\/2021\/11\/cintillo-arrin-cual-1.jpg\" alt=\"\"  srcset=\"https:\/\/elmetropolitano.com.gt\/es\/wp-content\/uploads\/2021\/11\/cintillo-arrin-cual-1.jpg 750w, https:\/\/elmetropolitano.com.gt\/es\/wp-content\/uploads\/2021\/11\/cintillo-arrin-cual-1-300x36.jpg 300w, https:\/\/elmetropolitano.com.gt\/es\/wp-content\/uploads\/2021\/11\/cintillo-arrin-cual-1-600x72.jpg 600w\" sizes=\"(max-width: 750px) 100vw, 750px\" width=\"750\" height=\"90\"   \/><\/a><\/div><\/div>\n\n\n\n<p>Como parte de los acuerdos alcanzados, se dar\u00e1 seguimiento al mantenimiento de los puentes mencionados. Asimismo, las comunidades solicitaron el impulso de dos proyectos estrat\u00e9gicos:<\/p>\n\n\n\n<p>1-Estudio de preinversi\u00f3n de tramos carreteros: L\u00ednea-B4 a comunidad aldea Tahuexco, con rutas RD-SCH-07 A y bifurcaci\u00f3n RD-SCH-21, con el fin de realizar los an\u00e1lisis correspondientes y obtener los avales y aprobaciones para continuar con el tr\u00e1mite.<\/p>\n\n\n\n<p>2-Construcci\u00f3n de puente en la aldea El Cristo: Ubicado en las coordenadas 14.1463428, -91.6347095, sobre la ruta RD-SCH-21 bifurcaci\u00f3n RD-SCH-09 Churir\u00edn, con una longitud de 9.85 kil\u00f3metros.<\/p>\n\n\n\n<p>Con estas acciones, el Ministerio de Comunicaciones reafirma su compromiso de trabajar en coordinaci\u00f3n con las comunidades para mejorar la conectividad, la seguridad vial y el desarrollo del departamento de Suchitep\u00e9quez.<\/p>\n\n\n\n<p><a href=\"https:\/\/www.facebook.com\/hashtag\/civ?__eep__=6&amp;__cft__[0]=AZW2mwt0RvTQX7V3lOJPm4hjaK8ixV3QS8a_Rt3KVlAAl5nT6biKmV_hWGjtTdD7usyf7AT9O2PY_H34A8lpfKRPCt0vR1zXehsW0LHrcTjz3fBSklIBdaRtavM8SaiWAPfLELzqGogivLvY52p8wHb5YNy-fyCfLYNfDjxHIdYh7_OJmRUha7J-YhdGQ8xcOug&amp;__tn__=*NK-R\">#CIV<\/a><a href=\"https:\/\/www.facebook.com\/hashtag\/metroredes?__eep__=6&amp;__cft__[0]=AZW2mwt0RvTQX7V3lOJPm4hjaK8ixV3QS8a_Rt3KVlAAl5nT6biKmV_hWGjtTdD7usyf7AT9O2PY_H34A8lpfKRPCt0vR1zXehsW0LHrcTjz3fBSklIBdaRtavM8SaiWAPfLELzqGogivLvY52p8wHb5YNy-fyCfLYNfDjxHIdYh7_OJmRUha7J-YhdGQ8xcOug&amp;__tn__=*NK-R\">#metroredes<\/a><a href=\"https:\/\/www.facebook.com\/hashtag\/infraestructuravial?__eep__=6&amp;__cft__[0]=AZW2mwt0RvTQX7V3lOJPm4hjaK8ixV3QS8a_Rt3KVlAAl5nT6biKmV_hWGjtTdD7usyf7AT9O2PY_H34A8lpfKRPCt0vR1zXehsW0LHrcTjz3fBSklIBdaRtavM8SaiWAPfLELzqGogivLvY52p8wHb5YNy-fyCfLYNfDjxHIdYh7_OJmRUha7J-YhdGQ8xcOug&amp;__tn__=*NK-R\">#InfraestructuraVial<\/a><a href=\"https:\/\/www.facebook.com\/hashtag\/congresodelarepublica?__eep__=6&amp;__cft__[0]=AZW2mwt0RvTQX7V3lOJPm4hjaK8ixV3QS8a_Rt3KVlAAl5nT6biKmV_hWGjtTdD7usyf7AT9O2PY_H34A8lpfKRPCt0vR1zXehsW0LHrcTjz3fBSklIBdaRtavM8SaiWAPfLELzqGogivLvY52p8wHb5YNy-fyCfLYNfDjxHIdYh7_OJmRUha7J-YhdGQ8xcOug&amp;__tn__=*NK-R\">#CongresoDeLaRepublica<\/a><a href=\"https:\/\/www.facebook.com\/hashtag\/partidoviva?__eep__=6&amp;__cft__[0]=AZW2mwt0RvTQX7V3lOJPm4hjaK8ixV3QS8a_Rt3KVlAAl5nT6biKmV_hWGjtTdD7usyf7AT9O2PY_H34A8lpfKRPCt0vR1zXehsW0LHrcTjz3fBSklIBdaRtavM8SaiWAPfLELzqGogivLvY52p8wHb5YNy-fyCfLYNfDjxHIdYh7_OJmRUha7J-YhdGQ8xcOug&amp;__tn__=*NK-R\">#PartidoViva<\/a><\/p>\n\n\n\n<figure class=\"wp-block-gallery has-nested-images columns-default is-cropped wp-block-gallery-1 is-layout-flex wp-block-gallery-is-layout-flex\">\n<figure class=\"wp-block-image size-large\"><img loading=\"lazy\" decoding=\"async\" width=\"720\" height=\"480\" data-id=\"112138\" src=\"https:\/\/elmetropolitano.com.gt\/es\/wp-content\/uploads\/2025\/09\/547649785_1330425755750171_6103296098597487770_n.jpg\" alt=\"\" class=\"wp-image-112138\" srcset=\"https:\/\/elmetropolitano.com.gt\/es\/wp-content\/uploads\/2025\/09\/547649785_1330425755750171_6103296098597487770_n.jpg 720w, https:\/\/elmetropolitano.com.gt\/es\/wp-content\/uploads\/2025\/09\/547649785_1330425755750171_6103296098597487770_n-300x200.jpg 300w\" sizes=\"auto, (max-width: 720px) 100vw, 720px\" \/><\/figure>\n\n\n\n<figure class=\"wp-block-image size-large\"><img loading=\"lazy\" decoding=\"async\" width=\"1024\" height=\"683\" data-id=\"112140\" src=\"https:\/\/elmetropolitano.com.gt\/es\/wp-content\/uploads\/2025\/09\/548835070_1330425895750157_8624336177118550142_n-1024x683.jpg\" alt=\"\" class=\"wp-image-112140\" srcset=\"https:\/\/elmetropolitano.com.gt\/es\/wp-content\/uploads\/2025\/09\/548835070_1330425895750157_8624336177118550142_n-1024x683.jpg 1024w, https:\/\/elmetropolitano.com.gt\/es\/wp-content\/uploads\/2025\/09\/548835070_1330425895750157_8624336177118550142_n-300x200.jpg 300w, https:\/\/elmetropolitano.com.gt\/es\/wp-content\/uploads\/2025\/09\/548835070_1330425895750157_8624336177118550142_n-768x512.jpg 768w, https:\/\/elmetropolitano.com.gt\/es\/wp-content\/uploads\/2025\/09\/548835070_1330425895750157_8624336177118550142_n.jpg 1500w\" sizes=\"auto, (max-width: 1024px) 100vw, 1024px\" \/><\/figure>\n\n\n\n<figure class=\"wp-block-image size-large\"><img loading=\"lazy\" decoding=\"async\" width=\"800\" height=\"500\" data-id=\"112139\" src=\"https:\/\/elmetropolitano.com.gt\/es\/wp-content\/uploads\/2025\/09\/550077853_1330425752416838_690396183073762023_n-1.jpg\" alt=\"\" class=\"wp-image-112139\" srcset=\"https:\/\/elmetropolitano.com.gt\/es\/wp-content\/uploads\/2025\/09\/550077853_1330425752416838_690396183073762023_n-1.jpg 800w, https:\/\/elmetropolitano.com.gt\/es\/wp-content\/uploads\/2025\/09\/550077853_1330425752416838_690396183073762023_n-1-300x188.jpg 300w, https:\/\/elmetropolitano.com.gt\/es\/wp-content\/uploads\/2025\/09\/550077853_1330425752416838_690396183073762023_n-1-768x480.jpg 768w\" sizes=\"auto, (max-width: 800px) 100vw, 800px\" \/><\/figure>\n<\/figure>\n","protected":false},"excerpt":{"rendered":"<p>El ministro de Comunicaciones, Infraestructura y Vivienda, Miguel \u00c1ngel D\u00edaz, junto con el diputado del Oartido Viva Gerson Geovanny Barrag\u00e1n Morales , sostuvo un encuentro con l\u00edderes comunitarios del departamento de Suchitep\u00e9quez, con el prop\u00f3sito de atender las principales necesidades de infraestructura vial de la regi\u00f3n. Durante la reuni\u00f3n, se abordaron proyectos de mantenimiento en <a class=\"read-more\" href=\"https:\/\/elmetropolitano.com.gt\/es\/civ-da-seguimiento-a-proyectos-de-infraestructura-en-suchitepequez\/\">Leer m\u00e1s<\/a><\/p>\n","protected":false},"author":1,"featured_media":112137,"comment_status":"open","ping_status":"closed","sticky":false,"template":"","format":"standard","meta":{"footnotes":""},"categories":[4],"tags":[13],"class_list":["post-112136","post","type-post","status-publish","format-standard","has-post-thumbnail","hentry","category-departamentales","tag-departamentales"],"_links":{"self":[{"href":"https:\/\/elmetropolitano.com.gt\/es\/wp-json\/wp\/v2\/posts\/112136","targetHints":{"allow":["GET"]}}],"collection":[{"href":"https:\/\/elmetropolitano.com.gt\/es\/wp-json\/wp\/v2\/posts"}],"about":[{"href":"https:\/\/elmetropolitano.com.gt\/es\/wp-json\/wp\/v2\/types\/post"}],"author":[{"embeddable":true,"href":"https:\/\/elmetropolitano.com.gt\/es\/wp-json\/wp\/v2\/users\/1"}],"replies":[{"embeddable":true,"href":"https:\/\/elmetropolitano.com.gt\/es\/wp-json\/wp\/v2\/comments?post=112136"}],"version-history":[{"count":1,"href":"https:\/\/elmetropolitano.com.gt\/es\/wp-json\/wp\/v2\/posts\/112136\/revisions"}],"predecessor-version":[{"id":112141,"href":"https:\/\/elmetropolitano.com.gt\/es\/wp-json\/wp\/v2\/posts\/112136\/revisions\/112141"}],"wp:featuredmedia":[{"embeddable":true,"href":"https:\/\/elmetropolitano.com.gt\/es\/wp-json\/wp\/v2\/media\/112137"}],"wp:attachment":[{"href":"https:\/\/elmetropolitano.com.gt\/es\/wp-json\/wp\/v2\/media?parent=112136"}],"wp:term":[{"taxonomy":"category","embeddable":true,"href":"https:\/\/elmetropolitano.com.gt\/es\/wp-json\/wp\/v2\/categories?post=112136"},{"taxonomy":"post_tag","embeddable":true,"href":"https:\/\/elmetropolitano.com.gt\/es\/wp-json\/wp\/v2\/tags?post=112136"}],"curies":[{"name":"wp","href":"https:\/\/api.w.org\/{rel}","templated":true}]}}