{"id":112155,"date":"2025-09-18T14:48:27","date_gmt":"2025-09-18T20:48:27","guid":{"rendered":"https:\/\/elmetropolitano.com.gt\/es\/?p=112155"},"modified":"2025-09-18T14:48:28","modified_gmt":"2025-09-18T20:48:28","slug":"dgt-lidera-operativos-viales-en-alta-verapaz-escuintla-y-chimaltenango","status":"publish","type":"post","link":"https:\/\/elmetropolitano.com.gt\/es\/dgt-lidera-operativos-viales-en-alta-verapaz-escuintla-y-chimaltenango\/","title":{"rendered":"DGT lidera operativos viales en Alta Verapaz, Escuintla y Chimaltenango"},"content":{"rendered":"\n<p>La Direcci\u00f3n General de Transportes (DGT) y la Direcci\u00f3n General de Protecci\u00f3n y Seguridad Vial (Provial), ambas entidades adscritas del Ministerio de Comunicaciones, Infraestructura y Vivienda (CIV) unen esfuerzos para garantizar la seguridad vial y el bienestar de los usuarios de la red vial del pa\u00eds.<\/p>\n\n\n\n<p>Como parte de este compromiso, Provial y DGT desarrollaron una jornada de operativos en Pal\u00edn, Escuintla; El Tejar, Chimaltenango y Cob\u00e1n, Alta Verapaz.<\/p><div class=\"elmet-contenido\" id=\"elmet-1467690869\"><div class=\"elmet-adlabel\">Anuncios<\/div><div style=\"margin-top: 20px;margin-right: 20px;margin-bottom: 20px;margin-left: 20px;\" id=\"elmet-3037822103\"><a href=\"https:\/\/www.facebook.com\/arrincuanantigua\/\" aria-label=\"cintillo-arrin-cual\"><img loading=\"lazy\" decoding=\"async\" src=\"https:\/\/elmetropolitano.com.gt\/es\/wp-content\/uploads\/2021\/11\/cintillo-arrin-cual-1.jpg\" alt=\"\"  srcset=\"https:\/\/elmetropolitano.com.gt\/es\/wp-content\/uploads\/2021\/11\/cintillo-arrin-cual-1.jpg 750w, https:\/\/elmetropolitano.com.gt\/es\/wp-content\/uploads\/2021\/11\/cintillo-arrin-cual-1-300x36.jpg 300w, https:\/\/elmetropolitano.com.gt\/es\/wp-content\/uploads\/2021\/11\/cintillo-arrin-cual-1-600x72.jpg 600w\" sizes=\"(max-width: 750px) 100vw, 750px\" width=\"750\" height=\"90\"   \/><\/a><\/div><\/div>\n\n\n\n<p>Asimismo, estos operativos buscan supervisar el cumplimiento de la Ley de Tr\u00e1nsito y la Ley para el Fortalecimiento de la Seguridad Vial, promoviendo as\u00ed una movilidad segura y responsable.<\/p>\n\n\n\n<p>Operativos en el interior del pa\u00eds<\/p>\n\n\n\n<p>En el kil\u00f3metro 38 de la autopista Pal\u00edn-Escuintla, el operativo se llev\u00f3 a cabo junto a la Direcci\u00f3n de Tr\u00e1nsito de la Polic\u00eda Nacional Civil (DT-PNC) y un representante del gremio de transportistas.<\/p>\n\n\n\n<p>Durante la jornada, se verific\u00f3 la documentaci\u00f3n de buses extraurbanos y transporte pesado, adem\u00e1s de la portaci\u00f3n de equipamiento adicional, como cintas reflectivas en la parte lateral y posterior del veh\u00edculo.<\/p>\n\n\n\n<p>De igual manera en Cob\u00e1n, la DGT efectu\u00f3 un mega operativo multidisciplinario que dej\u00f3 como resultado dos sanciones por falta de permisos de operaci\u00f3n y 115 unidades verificadas.<\/p>\n\n\n\n<p>Adem\u00e1s, en el kil\u00f3metro 39 de la ruta a occidente, en jurisdicci\u00f3n de El Tejar, Chimaltenango, se inspeccionaron 44 veh\u00edculos de transporte colectivo y de carga, y tambi\u00e9n se emitieron dos sanciones, una por falta de registro de pilotos y otra por carecer de tarjeta de operaci\u00f3n.<\/p>\n\n\n\n<p>Orientaci\u00f3n para prevenir hechos de tr\u00e1nsito<\/p>\n\n\n\n<p>Durante los operativos se brindaron recomendaciones para la prevenci\u00f3n de accidentes, tales como:<\/p>\n\n\n\n<p>No sobrecargar las unidades<\/p>\n\n\n\n<p>Mantener vigentes los permisos de circulaci\u00f3n<\/p>\n\n\n\n<p>Portar la tarjeta de operaciones y el registro de pilotos<\/p>\n\n\n\n<p>Uso de plataformas digitales<\/p>\n\n\n\n<p>De esta manera, el CIV, la PNC y el sector de transportistas reflejan su compromiso conjunto de garantizar carreteras m\u00e1s seguras y un transporte p\u00fablico digno.<\/p>\n\n\n\n<p>Texto Mariana L\u00f3pez<\/p>\n\n\n\n<p>#seguridadvial &nbsp;#metroredes <a href=\"http:\/\/www.elmetropolitano.com.gt\">www.elmetropolitano.com.gt<\/a> <a href=\"http:\/\/www.metroredes.com\">www.metroredes.com<\/a> <a href=\"http:\/\/www.elescuintleco.com\">www.elescuintleco.com<\/a><\/p>\n\n\n\n<figure class=\"wp-block-gallery has-nested-images columns-default is-cropped wp-block-gallery-1 is-layout-flex wp-block-gallery-is-layout-flex\">\n<figure class=\"wp-block-image size-large\"><img loading=\"lazy\" decoding=\"async\" width=\"750\" height=\"375\" data-id=\"112158\" src=\"https:\/\/elmetropolitano.com.gt\/es\/wp-content\/uploads\/2025\/09\/Captura-de-pantalla-2025-09-18-095753-750x375-2.png\" alt=\"\" class=\"wp-image-112158\" srcset=\"https:\/\/elmetropolitano.com.gt\/es\/wp-content\/uploads\/2025\/09\/Captura-de-pantalla-2025-09-18-095753-750x375-2.png 750w, https:\/\/elmetropolitano.com.gt\/es\/wp-content\/uploads\/2025\/09\/Captura-de-pantalla-2025-09-18-095753-750x375-2-300x150.png 300w\" sizes=\"auto, (max-width: 750px) 100vw, 750px\" \/><\/figure>\n\n\n\n<figure class=\"wp-block-image size-large\"><img loading=\"lazy\" decoding=\"async\" width=\"680\" height=\"453\" data-id=\"112157\" src=\"https:\/\/elmetropolitano.com.gt\/es\/wp-content\/uploads\/2025\/09\/G1FZ1wmXgAAwSv4.jpeg\" alt=\"\" class=\"wp-image-112157\" srcset=\"https:\/\/elmetropolitano.com.gt\/es\/wp-content\/uploads\/2025\/09\/G1FZ1wmXgAAwSv4.jpeg 680w, https:\/\/elmetropolitano.com.gt\/es\/wp-content\/uploads\/2025\/09\/G1FZ1wmXgAAwSv4-300x200.jpeg 300w\" sizes=\"auto, (max-width: 680px) 100vw, 680px\" \/><\/figure>\n<\/figure>\n","protected":false},"excerpt":{"rendered":"<p>La Direcci\u00f3n General de Transportes (DGT) y la Direcci\u00f3n General de Protecci\u00f3n y Seguridad Vial (Provial), ambas entidades adscritas del Ministerio de Comunicaciones, Infraestructura y Vivienda (CIV) unen esfuerzos para garantizar la seguridad vial y el bienestar de los usuarios de la red vial del pa\u00eds. Como parte de este compromiso, Provial y DGT desarrollaron <a class=\"read-more\" href=\"https:\/\/elmetropolitano.com.gt\/es\/dgt-lidera-operativos-viales-en-alta-verapaz-escuintla-y-chimaltenango\/\">Leer m\u00e1s<\/a><\/p>\n","protected":false},"author":1,"featured_media":112156,"comment_status":"open","ping_status":"closed","sticky":false,"template":"","format":"standard","meta":{"footnotes":""},"categories":[4],"tags":[13],"class_list":["post-112155","post","type-post","status-publish","format-standard","has-post-thumbnail","hentry","category-departamentales","tag-departamentales"],"_links":{"self":[{"href":"https:\/\/elmetropolitano.com.gt\/es\/wp-json\/wp\/v2\/posts\/112155","targetHints":{"allow":["GET"]}}],"collection":[{"href":"https:\/\/elmetropolitano.com.gt\/es\/wp-json\/wp\/v2\/posts"}],"about":[{"href":"https:\/\/elmetropolitano.com.gt\/es\/wp-json\/wp\/v2\/types\/post"}],"author":[{"embeddable":true,"href":"https:\/\/elmetropolitano.com.gt\/es\/wp-json\/wp\/v2\/users\/1"}],"replies":[{"embeddable":true,"href":"https:\/\/elmetropolitano.com.gt\/es\/wp-json\/wp\/v2\/comments?post=112155"}],"version-history":[{"count":1,"href":"https:\/\/elmetropolitano.com.gt\/es\/wp-json\/wp\/v2\/posts\/112155\/revisions"}],"predecessor-version":[{"id":112159,"href":"https:\/\/elmetropolitano.com.gt\/es\/wp-json\/wp\/v2\/posts\/112155\/revisions\/112159"}],"wp:featuredmedia":[{"embeddable":true,"href":"https:\/\/elmetropolitano.com.gt\/es\/wp-json\/wp\/v2\/media\/112156"}],"wp:attachment":[{"href":"https:\/\/elmetropolitano.com.gt\/es\/wp-json\/wp\/v2\/media?parent=112155"}],"wp:term":[{"taxonomy":"category","embeddable":true,"href":"https:\/\/elmetropolitano.com.gt\/es\/wp-json\/wp\/v2\/categories?post=112155"},{"taxonomy":"post_tag","embeddable":true,"href":"https:\/\/elmetropolitano.com.gt\/es\/wp-json\/wp\/v2\/tags?post=112155"}],"curies":[{"name":"wp","href":"https:\/\/api.w.org\/{rel}","templated":true}]}}