{"id":112254,"date":"2025-09-19T10:56:02","date_gmt":"2025-09-19T16:56:02","guid":{"rendered":"https:\/\/elmetropolitano.com.gt\/es\/?p=112254"},"modified":"2025-09-19T10:56:03","modified_gmt":"2025-09-19T16:56:03","slug":"el-barrio-el-sauce-en-teleman-panzos-afectado-por-inundaciones-ya-conred-atiende-la-emergencia","status":"publish","type":"post","link":"https:\/\/elmetropolitano.com.gt\/es\/el-barrio-el-sauce-en-teleman-panzos-afectado-por-inundaciones-ya-conred-atiende-la-emergencia\/","title":{"rendered":"El Barrio El Sauce en Teleman Panz\u00f3s afectado por Inundaciones ya Conred atiende la emergencia"},"content":{"rendered":"\n<p>A <a><\/a>trav\u00e9s de la COLRED, se realizaron acciones de respuesta ante las inundaciones registradas en las viviendas ubicadas en el barrio El Sauce, Telem\u00e1n, en el municipio de Panz\u00f3s, Alta Verapaz.<\/p>\n\n\n\n<p>El Sistema CONRED sigue evaluando la situaci\u00f3n para brindar la asistencia necesaria a las familias afectadas y tomar medidas preventivas para evitar m\u00e1s da\u00f1os.<\/p><div class=\"elmet-contenido\" id=\"elmet-4229569866\"><div class=\"elmet-adlabel\">Anuncios<\/div><div style=\"margin-top: 20px;margin-right: 20px;margin-bottom: 20px;margin-left: 20px;\" id=\"elmet-3749551097\"><a href=\"https:\/\/www.facebook.com\/arrincuanantigua\/\" aria-label=\"cintillo-arrin-cual\"><img loading=\"lazy\" decoding=\"async\" src=\"https:\/\/elmetropolitano.com.gt\/es\/wp-content\/uploads\/2021\/11\/cintillo-arrin-cual-1.jpg\" alt=\"\"  srcset=\"https:\/\/elmetropolitano.com.gt\/es\/wp-content\/uploads\/2021\/11\/cintillo-arrin-cual-1.jpg 750w, https:\/\/elmetropolitano.com.gt\/es\/wp-content\/uploads\/2021\/11\/cintillo-arrin-cual-1-300x36.jpg 300w, https:\/\/elmetropolitano.com.gt\/es\/wp-content\/uploads\/2021\/11\/cintillo-arrin-cual-1-600x72.jpg 600w\" sizes=\"(max-width: 750px) 100vw, 750px\" width=\"750\" height=\"90\"   \/><\/a><\/div><\/div>\n\n\n\n<p><a href=\"https:\/\/www.facebook.com\/hashtag\/altaverapaz?__eep__=6&amp;__cft__[0]=AZX0UzDAqgFzCW2BmVQBOMuRfZflEx3LGSQzHfTQwvqn8eH-2CnVt7LRw1Eb1ZtqC6lKfkSQdN02wLJ975jdrZcg-Gn-wqPy_ZKSyQE8rBkGsOmzb1_OEOACBi9529okNFfhVnM3dr5ydopqxlKJu4PMbLLPlAoPRrz_PsT4fcTOvWZZbt_2ezosl3Qzm58nB-o&amp;__tn__=*NK-R\">#AltaVerapaz<\/a><a href=\"https:\/\/www.facebook.com\/hashtag\/inundaciones?__eep__=6&amp;__cft__[0]=AZX0UzDAqgFzCW2BmVQBOMuRfZflEx3LGSQzHfTQwvqn8eH-2CnVt7LRw1Eb1ZtqC6lKfkSQdN02wLJ975jdrZcg-Gn-wqPy_ZKSyQE8rBkGsOmzb1_OEOACBi9529okNFfhVnM3dr5ydopqxlKJu4PMbLLPlAoPRrz_PsT4fcTOvWZZbt_2ezosl3Qzm58nB-o&amp;__tn__=*NK-R\">#Inundaciones<\/a><a href=\"https:\/\/www.facebook.com\/hashtag\/conred?__eep__=6&amp;__cft__[0]=AZX0UzDAqgFzCW2BmVQBOMuRfZflEx3LGSQzHfTQwvqn8eH-2CnVt7LRw1Eb1ZtqC6lKfkSQdN02wLJ975jdrZcg-Gn-wqPy_ZKSyQE8rBkGsOmzb1_OEOACBi9529okNFfhVnM3dr5ydopqxlKJu4PMbLLPlAoPRrz_PsT4fcTOvWZZbt_2ezosl3Qzm58nB-o&amp;__tn__=*NK-R\">#CONRED<\/a><a href=\"https:\/\/www.facebook.com\/hashtag\/lluviasgt?__eep__=6&amp;__cft__[0]=AZX0UzDAqgFzCW2BmVQBOMuRfZflEx3LGSQzHfTQwvqn8eH-2CnVt7LRw1Eb1ZtqC6lKfkSQdN02wLJ975jdrZcg-Gn-wqPy_ZKSyQE8rBkGsOmzb1_OEOACBi9529okNFfhVnM3dr5ydopqxlKJu4PMbLLPlAoPRrz_PsT4fcTOvWZZbt_2ezosl3Qzm58nB-o&amp;__tn__=*NK-R\">#LluviasGT<\/a><a href=\"https:\/\/www.facebook.com\/hashtag\/metroredes?__eep__=6&amp;__cft__[0]=AZX0UzDAqgFzCW2BmVQBOMuRfZflEx3LGSQzHfTQwvqn8eH-2CnVt7LRw1Eb1ZtqC6lKfkSQdN02wLJ975jdrZcg-Gn-wqPy_ZKSyQE8rBkGsOmzb1_OEOACBi9529okNFfhVnM3dr5ydopqxlKJu4PMbLLPlAoPRrz_PsT4fcTOvWZZbt_2ezosl3Qzm58nB-o&amp;__tn__=*NK-R\">#metroredes<\/a><\/p>\n\n\n\n<figure class=\"wp-block-gallery has-nested-images columns-default is-cropped wp-block-gallery-1 is-layout-flex wp-block-gallery-is-layout-flex\">\n<figure class=\"wp-block-image size-large\"><img loading=\"lazy\" decoding=\"async\" width=\"600\" height=\"450\" data-id=\"112258\" src=\"https:\/\/elmetropolitano.com.gt\/es\/wp-content\/uploads\/2025\/09\/548976826_1331469018979178_2746218818954641110_n.jpg\" alt=\"\" class=\"wp-image-112258\" srcset=\"https:\/\/elmetropolitano.com.gt\/es\/wp-content\/uploads\/2025\/09\/548976826_1331469018979178_2746218818954641110_n.jpg 600w, https:\/\/elmetropolitano.com.gt\/es\/wp-content\/uploads\/2025\/09\/548976826_1331469018979178_2746218818954641110_n-300x225.jpg 300w\" sizes=\"auto, (max-width: 600px) 100vw, 600px\" \/><\/figure>\n\n\n\n<figure class=\"wp-block-image size-large\"><img loading=\"lazy\" decoding=\"async\" width=\"600\" height=\"450\" data-id=\"112256\" src=\"https:\/\/elmetropolitano.com.gt\/es\/wp-content\/uploads\/2025\/09\/549030710_1331468965645850_1196114861928088009_n.jpg\" alt=\"\" class=\"wp-image-112256\" srcset=\"https:\/\/elmetropolitano.com.gt\/es\/wp-content\/uploads\/2025\/09\/549030710_1331468965645850_1196114861928088009_n.jpg 600w, https:\/\/elmetropolitano.com.gt\/es\/wp-content\/uploads\/2025\/09\/549030710_1331468965645850_1196114861928088009_n-300x225.jpg 300w\" sizes=\"auto, (max-width: 600px) 100vw, 600px\" \/><\/figure>\n\n\n\n<figure class=\"wp-block-image size-large\"><img loading=\"lazy\" decoding=\"async\" width=\"600\" height=\"450\" data-id=\"112259\" src=\"https:\/\/elmetropolitano.com.gt\/es\/wp-content\/uploads\/2025\/09\/549938370_1331469012312512_4684737679086219894_n.jpg\" alt=\"\" class=\"wp-image-112259\" srcset=\"https:\/\/elmetropolitano.com.gt\/es\/wp-content\/uploads\/2025\/09\/549938370_1331469012312512_4684737679086219894_n.jpg 600w, https:\/\/elmetropolitano.com.gt\/es\/wp-content\/uploads\/2025\/09\/549938370_1331469012312512_4684737679086219894_n-300x225.jpg 300w\" sizes=\"auto, (max-width: 600px) 100vw, 600px\" \/><\/figure>\n\n\n\n<figure class=\"wp-block-image size-large\"><img loading=\"lazy\" decoding=\"async\" width=\"600\" height=\"450\" data-id=\"112257\" src=\"https:\/\/elmetropolitano.com.gt\/es\/wp-content\/uploads\/2025\/09\/550308069_1331468972312516_632077517431001759_n-1.jpg\" alt=\"\" class=\"wp-image-112257\" srcset=\"https:\/\/elmetropolitano.com.gt\/es\/wp-content\/uploads\/2025\/09\/550308069_1331468972312516_632077517431001759_n-1.jpg 600w, https:\/\/elmetropolitano.com.gt\/es\/wp-content\/uploads\/2025\/09\/550308069_1331468972312516_632077517431001759_n-1-300x225.jpg 300w\" sizes=\"auto, (max-width: 600px) 100vw, 600px\" \/><\/figure>\n<\/figure>\n","protected":false},"excerpt":{"rendered":"<p>A trav\u00e9s de la COLRED, se realizaron acciones de respuesta ante las inundaciones registradas en las viviendas ubicadas en el barrio El Sauce, Telem\u00e1n, en el municipio de Panz\u00f3s, Alta Verapaz. El Sistema CONRED sigue evaluando la situaci\u00f3n para brindar la asistencia necesaria a las familias afectadas y tomar medidas preventivas para evitar m\u00e1s da\u00f1os. <a class=\"read-more\" href=\"https:\/\/elmetropolitano.com.gt\/es\/el-barrio-el-sauce-en-teleman-panzos-afectado-por-inundaciones-ya-conred-atiende-la-emergencia\/\">Leer m\u00e1s<\/a><\/p>\n","protected":false},"author":1,"featured_media":112255,"comment_status":"open","ping_status":"closed","sticky":false,"template":"","format":"standard","meta":{"footnotes":""},"categories":[4],"tags":[13],"class_list":["post-112254","post","type-post","status-publish","format-standard","has-post-thumbnail","hentry","category-departamentales","tag-departamentales"],"_links":{"self":[{"href":"https:\/\/elmetropolitano.com.gt\/es\/wp-json\/wp\/v2\/posts\/112254","targetHints":{"allow":["GET"]}}],"collection":[{"href":"https:\/\/elmetropolitano.com.gt\/es\/wp-json\/wp\/v2\/posts"}],"about":[{"href":"https:\/\/elmetropolitano.com.gt\/es\/wp-json\/wp\/v2\/types\/post"}],"author":[{"embeddable":true,"href":"https:\/\/elmetropolitano.com.gt\/es\/wp-json\/wp\/v2\/users\/1"}],"replies":[{"embeddable":true,"href":"https:\/\/elmetropolitano.com.gt\/es\/wp-json\/wp\/v2\/comments?post=112254"}],"version-history":[{"count":1,"href":"https:\/\/elmetropolitano.com.gt\/es\/wp-json\/wp\/v2\/posts\/112254\/revisions"}],"predecessor-version":[{"id":112260,"href":"https:\/\/elmetropolitano.com.gt\/es\/wp-json\/wp\/v2\/posts\/112254\/revisions\/112260"}],"wp:featuredmedia":[{"embeddable":true,"href":"https:\/\/elmetropolitano.com.gt\/es\/wp-json\/wp\/v2\/media\/112255"}],"wp:attachment":[{"href":"https:\/\/elmetropolitano.com.gt\/es\/wp-json\/wp\/v2\/media?parent=112254"}],"wp:term":[{"taxonomy":"category","embeddable":true,"href":"https:\/\/elmetropolitano.com.gt\/es\/wp-json\/wp\/v2\/categories?post=112254"},{"taxonomy":"post_tag","embeddable":true,"href":"https:\/\/elmetropolitano.com.gt\/es\/wp-json\/wp\/v2\/tags?post=112254"}],"curies":[{"name":"wp","href":"https:\/\/api.w.org\/{rel}","templated":true}]}}