{"id":112341,"date":"2025-09-20T09:39:31","date_gmt":"2025-09-20T15:39:31","guid":{"rendered":"https:\/\/elmetropolitano.com.gt\/es\/?p=112341"},"modified":"2025-09-20T09:39:32","modified_gmt":"2025-09-20T15:39:32","slug":"limpian-derrumbe-en-san-vicente-pacaya","status":"publish","type":"post","link":"https:\/\/elmetropolitano.com.gt\/es\/limpian-derrumbe-en-san-vicente-pacaya\/","title":{"rendered":"Limpian derrumbe en San Vicente Pacaya"},"content":{"rendered":"\n<p>ESCUINTLA\u2026Personal de Servicios P\u00fablicos de la Municipalidad de San Vicente Pacaya realizan esta ma\u00f1ana acciones de limpieza en el derrumbe registrado en el <a><\/a>Km 44 de la ruta San Vicente Pacaya, a ruta al Pac\u00edfico Escuintla.<\/p>\n\n\n\n<p>Personal de Provial regula el tr\u00e1fico vehicular en el sector tome sus precauciones.<\/p><div class=\"elmet-contenido\" id=\"elmet-3474536671\"><div class=\"elmet-adlabel\">Anuncios<\/div><div style=\"margin-top: 20px;margin-right: 20px;margin-bottom: 20px;margin-left: 20px;\" id=\"elmet-1536587759\"><a href=\"https:\/\/www.facebook.com\/arrincuanantigua\/\" aria-label=\"cintillo-arrin-cual\"><img loading=\"lazy\" decoding=\"async\" src=\"https:\/\/elmetropolitano.com.gt\/es\/wp-content\/uploads\/2021\/11\/cintillo-arrin-cual-1.jpg\" alt=\"\"  srcset=\"https:\/\/elmetropolitano.com.gt\/es\/wp-content\/uploads\/2021\/11\/cintillo-arrin-cual-1.jpg 750w, https:\/\/elmetropolitano.com.gt\/es\/wp-content\/uploads\/2021\/11\/cintillo-arrin-cual-1-300x36.jpg 300w, https:\/\/elmetropolitano.com.gt\/es\/wp-content\/uploads\/2021\/11\/cintillo-arrin-cual-1-600x72.jpg 600w\" sizes=\"(max-width: 750px) 100vw, 750px\" width=\"750\" height=\"90\"   \/><\/a><\/div><\/div>\n\n\n\n<p><a href=\"https:\/\/www.facebook.com\/hashtag\/metroredes?__eep__=6&amp;__cft__[0]=AZW_Yn14xHx8aHFSBk3_yzI46LdhIjr-g1d4JK8gCsc8K0a9K-T8MN5m_OKqgmxNJwToAw9pNnqGJPktqtWGlSK6yobFHIfP8s6nvQ7ETtTtQ6orBumNN_ckNcz_01u5OYmGoLDuXyJC9Z4qYqvL6RowARHk86v6W3EyJwQBXgefqdfa_7WS-7yKLl1NqayKZF8&amp;__tn__=*NK-R\">#metroredes<\/a><a href=\"https:\/\/www.facebook.com\/hashtag\/conred?__eep__=6&amp;__cft__[0]=AZW_Yn14xHx8aHFSBk3_yzI46LdhIjr-g1d4JK8gCsc8K0a9K-T8MN5m_OKqgmxNJwToAw9pNnqGJPktqtWGlSK6yobFHIfP8s6nvQ7ETtTtQ6orBumNN_ckNcz_01u5OYmGoLDuXyJC9Z4qYqvL6RowARHk86v6W3EyJwQBXgefqdfa_7WS-7yKLl1NqayKZF8&amp;__tn__=*NK-R\">#Conred<\/a><\/p>\n\n\n\n<figure class=\"wp-block-gallery has-nested-images columns-default is-cropped wp-block-gallery-1 is-layout-flex wp-block-gallery-is-layout-flex\">\n<figure class=\"wp-block-image size-large\"><img loading=\"lazy\" decoding=\"async\" width=\"337\" height=\"600\" data-id=\"112343\" src=\"https:\/\/elmetropolitano.com.gt\/es\/wp-content\/uploads\/2025\/09\/548818571_1332370732222340_6987647403104721102_n.jpg\" alt=\"\" class=\"wp-image-112343\" srcset=\"https:\/\/elmetropolitano.com.gt\/es\/wp-content\/uploads\/2025\/09\/548818571_1332370732222340_6987647403104721102_n.jpg 337w, https:\/\/elmetropolitano.com.gt\/es\/wp-content\/uploads\/2025\/09\/548818571_1332370732222340_6987647403104721102_n-169x300.jpg 169w\" sizes=\"auto, (max-width: 337px) 100vw, 337px\" \/><\/figure>\n\n\n\n<figure class=\"wp-block-image size-large\"><img loading=\"lazy\" decoding=\"async\" width=\"480\" height=\"600\" data-id=\"112344\" src=\"https:\/\/elmetropolitano.com.gt\/es\/wp-content\/uploads\/2025\/09\/550164131_1332370765555670_3422463501787791145_n.jpg\" alt=\"\" class=\"wp-image-112344\" srcset=\"https:\/\/elmetropolitano.com.gt\/es\/wp-content\/uploads\/2025\/09\/550164131_1332370765555670_3422463501787791145_n.jpg 480w, https:\/\/elmetropolitano.com.gt\/es\/wp-content\/uploads\/2025\/09\/550164131_1332370765555670_3422463501787791145_n-240x300.jpg 240w\" sizes=\"auto, (max-width: 480px) 100vw, 480px\" \/><\/figure>\n<\/figure>\n","protected":false},"excerpt":{"rendered":"<p>ESCUINTLA\u2026Personal de Servicios P\u00fablicos de la Municipalidad de San Vicente Pacaya realizan esta ma\u00f1ana acciones de limpieza en el derrumbe registrado en el Km 44 de la ruta San Vicente Pacaya, a ruta al Pac\u00edfico Escuintla. Personal de Provial regula el tr\u00e1fico vehicular en el sector tome sus precauciones. #metroredes#Conred<\/p>\n","protected":false},"author":1,"featured_media":112342,"comment_status":"open","ping_status":"closed","sticky":false,"template":"","format":"standard","meta":{"footnotes":""},"categories":[4],"tags":[13],"class_list":["post-112341","post","type-post","status-publish","format-standard","has-post-thumbnail","hentry","category-departamentales","tag-departamentales"],"_links":{"self":[{"href":"https:\/\/elmetropolitano.com.gt\/es\/wp-json\/wp\/v2\/posts\/112341","targetHints":{"allow":["GET"]}}],"collection":[{"href":"https:\/\/elmetropolitano.com.gt\/es\/wp-json\/wp\/v2\/posts"}],"about":[{"href":"https:\/\/elmetropolitano.com.gt\/es\/wp-json\/wp\/v2\/types\/post"}],"author":[{"embeddable":true,"href":"https:\/\/elmetropolitano.com.gt\/es\/wp-json\/wp\/v2\/users\/1"}],"replies":[{"embeddable":true,"href":"https:\/\/elmetropolitano.com.gt\/es\/wp-json\/wp\/v2\/comments?post=112341"}],"version-history":[{"count":1,"href":"https:\/\/elmetropolitano.com.gt\/es\/wp-json\/wp\/v2\/posts\/112341\/revisions"}],"predecessor-version":[{"id":112345,"href":"https:\/\/elmetropolitano.com.gt\/es\/wp-json\/wp\/v2\/posts\/112341\/revisions\/112345"}],"wp:featuredmedia":[{"embeddable":true,"href":"https:\/\/elmetropolitano.com.gt\/es\/wp-json\/wp\/v2\/media\/112342"}],"wp:attachment":[{"href":"https:\/\/elmetropolitano.com.gt\/es\/wp-json\/wp\/v2\/media?parent=112341"}],"wp:term":[{"taxonomy":"category","embeddable":true,"href":"https:\/\/elmetropolitano.com.gt\/es\/wp-json\/wp\/v2\/categories?post=112341"},{"taxonomy":"post_tag","embeddable":true,"href":"https:\/\/elmetropolitano.com.gt\/es\/wp-json\/wp\/v2\/tags?post=112341"}],"curies":[{"name":"wp","href":"https:\/\/api.w.org\/{rel}","templated":true}]}}