{"id":112537,"date":"2025-09-22T10:03:29","date_gmt":"2025-09-22T16:03:29","guid":{"rendered":"https:\/\/elmetropolitano.com.gt\/es\/?p=112537"},"modified":"2025-09-22T10:03:29","modified_gmt":"2025-09-22T16:03:29","slug":"las-lluvias-han-provocado-estragos-en-calles-y-avenidas-de-palin","status":"publish","type":"post","link":"https:\/\/elmetropolitano.com.gt\/es\/las-lluvias-han-provocado-estragos-en-calles-y-avenidas-de-palin\/","title":{"rendered":"Las lluvias han provocado estragos en calles y avenidas de Pal\u00edn"},"content":{"rendered":"\n<p><a><\/a>La circulaci\u00f3n veh\u00edcular es la que se ha visto afectada, este domingo por las fuertes lluvias en el municipio de Pal\u00edn, Escuintla.<\/p>\n\n\n\n<p>Las autoridades recomiendan precauci\u00f3n, varias calles del municipio han quedado intransitables, debido a las correntadas de agua, lodo, piedras y palos que han sido arrastrados.<\/p><div class=\"elmet-contenido\" id=\"elmet-2307104213\"><div class=\"elmet-adlabel\">Anuncios<\/div><div style=\"margin-top: 20px;margin-right: 20px;margin-bottom: 20px;margin-left: 20px;\" id=\"elmet-3111961284\"><a href=\"https:\/\/www.facebook.com\/arrincuanantigua\/\" aria-label=\"cintillo-arrin-cual\"><img loading=\"lazy\" decoding=\"async\" src=\"https:\/\/elmetropolitano.com.gt\/es\/wp-content\/uploads\/2021\/11\/cintillo-arrin-cual-1.jpg\" alt=\"\"  srcset=\"https:\/\/elmetropolitano.com.gt\/es\/wp-content\/uploads\/2021\/11\/cintillo-arrin-cual-1.jpg 750w, https:\/\/elmetropolitano.com.gt\/es\/wp-content\/uploads\/2021\/11\/cintillo-arrin-cual-1-300x36.jpg 300w, https:\/\/elmetropolitano.com.gt\/es\/wp-content\/uploads\/2021\/11\/cintillo-arrin-cual-1-600x72.jpg 600w\" sizes=\"(max-width: 750px) 100vw, 750px\" width=\"750\" height=\"90\"   \/><\/a><\/div><\/div>\n\n\n\n<p><a href=\"https:\/\/www.facebook.com\/hashtag\/lluviasgt?__eep__=6&amp;__cft__[0]=AZV-ROv7N1UC5sYmGl2KMuMWTAVBHctc_N2aL_zD68LJW2EJnvesLvXZUEVLNMb5uU1xsB4bDVSIPxj1dFUVDFqm-z_BLDiowhRn-WjpRy_Dg_B9osFVPGTVPnBIVLsiHVzGIIYBRvzGth4ts4LTbFSjddCCU-mLoom7yFAWOHfnQzt6MLHWiJmyqObv4G506zY&amp;__tn__=*NK-R\">#LluviasGT<\/a><a href=\"https:\/\/www.facebook.com\/hashtag\/metroredes?__eep__=6&amp;__cft__[0]=AZV-ROv7N1UC5sYmGl2KMuMWTAVBHctc_N2aL_zD68LJW2EJnvesLvXZUEVLNMb5uU1xsB4bDVSIPxj1dFUVDFqm-z_BLDiowhRn-WjpRy_Dg_B9osFVPGTVPnBIVLsiHVzGIIYBRvzGth4ts4LTbFSjddCCU-mLoom7yFAWOHfnQzt6MLHWiJmyqObv4G506zY&amp;__tn__=*NK-R\">#metroredes<\/a><\/p>\n\n\n\n<figure class=\"wp-block-gallery has-nested-images columns-default is-cropped wp-block-gallery-1 is-layout-flex wp-block-gallery-is-layout-flex\">\n<figure class=\"wp-block-image size-large\"><img loading=\"lazy\" decoding=\"async\" width=\"720\" height=\"420\" data-id=\"112542\" src=\"https:\/\/elmetropolitano.com.gt\/es\/wp-content\/uploads\/2025\/09\/549616334_1333731918752888_1378762552307951353_n.jpg\" alt=\"\" class=\"wp-image-112542\" srcset=\"https:\/\/elmetropolitano.com.gt\/es\/wp-content\/uploads\/2025\/09\/549616334_1333731918752888_1378762552307951353_n.jpg 720w, https:\/\/elmetropolitano.com.gt\/es\/wp-content\/uploads\/2025\/09\/549616334_1333731918752888_1378762552307951353_n-300x175.jpg 300w\" sizes=\"auto, (max-width: 720px) 100vw, 720px\" \/><\/figure>\n\n\n\n<figure class=\"wp-block-image size-large\"><img loading=\"lazy\" decoding=\"async\" width=\"720\" height=\"487\" data-id=\"112539\" src=\"https:\/\/elmetropolitano.com.gt\/es\/wp-content\/uploads\/2025\/09\/550603712_1333731922086221_5767814979443149402_n.jpg\" alt=\"\" class=\"wp-image-112539\" srcset=\"https:\/\/elmetropolitano.com.gt\/es\/wp-content\/uploads\/2025\/09\/550603712_1333731922086221_5767814979443149402_n.jpg 720w, https:\/\/elmetropolitano.com.gt\/es\/wp-content\/uploads\/2025\/09\/550603712_1333731922086221_5767814979443149402_n-300x203.jpg 300w\" sizes=\"auto, (max-width: 720px) 100vw, 720px\" \/><\/figure>\n\n\n\n<figure class=\"wp-block-image size-large\"><img loading=\"lazy\" decoding=\"async\" width=\"720\" height=\"420\" data-id=\"112541\" src=\"https:\/\/elmetropolitano.com.gt\/es\/wp-content\/uploads\/2025\/09\/552370894_1333731985419548_3102525705381662300_n-1.jpg\" alt=\"\" class=\"wp-image-112541\" srcset=\"https:\/\/elmetropolitano.com.gt\/es\/wp-content\/uploads\/2025\/09\/552370894_1333731985419548_3102525705381662300_n-1.jpg 720w, https:\/\/elmetropolitano.com.gt\/es\/wp-content\/uploads\/2025\/09\/552370894_1333731985419548_3102525705381662300_n-1-300x175.jpg 300w\" sizes=\"auto, (max-width: 720px) 100vw, 720px\" \/><\/figure>\n\n\n\n<figure class=\"wp-block-image size-large\"><img loading=\"lazy\" decoding=\"async\" width=\"662\" height=\"428\" data-id=\"112540\" src=\"https:\/\/elmetropolitano.com.gt\/es\/wp-content\/uploads\/2025\/09\/552713603_1333731982086215_2633293815807822233_n.jpg\" alt=\"\" class=\"wp-image-112540\" srcset=\"https:\/\/elmetropolitano.com.gt\/es\/wp-content\/uploads\/2025\/09\/552713603_1333731982086215_2633293815807822233_n.jpg 662w, https:\/\/elmetropolitano.com.gt\/es\/wp-content\/uploads\/2025\/09\/552713603_1333731982086215_2633293815807822233_n-300x194.jpg 300w\" sizes=\"auto, (max-width: 662px) 100vw, 662px\" \/><\/figure>\n<\/figure>\n","protected":false},"excerpt":{"rendered":"<p>La circulaci\u00f3n veh\u00edcular es la que se ha visto afectada, este domingo por las fuertes lluvias en el municipio de Pal\u00edn, Escuintla. Las autoridades recomiendan precauci\u00f3n, varias calles del municipio han quedado intransitables, debido a las correntadas de agua, lodo, piedras y palos que han sido arrastrados. #LluviasGT#metroredes<\/p>\n","protected":false},"author":1,"featured_media":112538,"comment_status":"open","ping_status":"closed","sticky":false,"template":"","format":"standard","meta":{"footnotes":""},"categories":[4],"tags":[13],"class_list":["post-112537","post","type-post","status-publish","format-standard","has-post-thumbnail","hentry","category-departamentales","tag-departamentales"],"_links":{"self":[{"href":"https:\/\/elmetropolitano.com.gt\/es\/wp-json\/wp\/v2\/posts\/112537","targetHints":{"allow":["GET"]}}],"collection":[{"href":"https:\/\/elmetropolitano.com.gt\/es\/wp-json\/wp\/v2\/posts"}],"about":[{"href":"https:\/\/elmetropolitano.com.gt\/es\/wp-json\/wp\/v2\/types\/post"}],"author":[{"embeddable":true,"href":"https:\/\/elmetropolitano.com.gt\/es\/wp-json\/wp\/v2\/users\/1"}],"replies":[{"embeddable":true,"href":"https:\/\/elmetropolitano.com.gt\/es\/wp-json\/wp\/v2\/comments?post=112537"}],"version-history":[{"count":1,"href":"https:\/\/elmetropolitano.com.gt\/es\/wp-json\/wp\/v2\/posts\/112537\/revisions"}],"predecessor-version":[{"id":112543,"href":"https:\/\/elmetropolitano.com.gt\/es\/wp-json\/wp\/v2\/posts\/112537\/revisions\/112543"}],"wp:featuredmedia":[{"embeddable":true,"href":"https:\/\/elmetropolitano.com.gt\/es\/wp-json\/wp\/v2\/media\/112538"}],"wp:attachment":[{"href":"https:\/\/elmetropolitano.com.gt\/es\/wp-json\/wp\/v2\/media?parent=112537"}],"wp:term":[{"taxonomy":"category","embeddable":true,"href":"https:\/\/elmetropolitano.com.gt\/es\/wp-json\/wp\/v2\/categories?post=112537"},{"taxonomy":"post_tag","embeddable":true,"href":"https:\/\/elmetropolitano.com.gt\/es\/wp-json\/wp\/v2\/tags?post=112537"}],"curies":[{"name":"wp","href":"https:\/\/api.w.org\/{rel}","templated":true}]}}