{"id":113023,"date":"2025-09-27T11:42:21","date_gmt":"2025-09-27T17:42:21","guid":{"rendered":"https:\/\/elmetropolitano.com.gt\/es\/?p=113023"},"modified":"2025-09-27T11:42:22","modified_gmt":"2025-09-27T17:42:22","slug":"plan-movilidad-de-metropoli-paso-historico-para-mejorar-calidad-de-vida-de-millones-de-guatemaltecos","status":"publish","type":"post","link":"https:\/\/elmetropolitano.com.gt\/es\/plan-movilidad-de-metropoli-paso-historico-para-mejorar-calidad-de-vida-de-millones-de-guatemaltecos\/","title":{"rendered":"Plan movilidad de metr\u00f3poli \u201cpaso hist\u00f3rico\u201d para mejorar calidad de vida de millones de guatemaltecos"},"content":{"rendered":"\n<p>El presidente Bernardo Ar\u00e9valo recibi\u00f3 este viernes el denominado Plan Maestro de Movilidad del \u00c1rea Metropolitana de Guatemala, cuyo objetivo es reducir dr\u00e1sticamente el tiempo de traslado de la poblaci\u00f3n mediante la \u00f3ptima conectividad entre los municipios del departamento.<\/p>\n\n\n\n<p>El mandatario encabez\u00f3 el acto en que se dio a conocer el Plan, el primero en su tipo, elaborado por expertos de Corea en las \u00e1reas de planificaci\u00f3n y movilidad urbana.<\/p><div class=\"elmet-contenido\" id=\"elmet-3322805888\"><div class=\"elmet-adlabel\">Anuncios<\/div><div style=\"margin-top: 20px;margin-right: 20px;margin-bottom: 20px;margin-left: 20px;\" id=\"elmet-3626796403\"><a href=\"https:\/\/www.facebook.com\/arrincuanantigua\/\" aria-label=\"cintillo-arrin-cual\"><img loading=\"lazy\" decoding=\"async\" src=\"https:\/\/elmetropolitano.com.gt\/es\/wp-content\/uploads\/2021\/11\/cintillo-arrin-cual-1.jpg\" alt=\"\"  srcset=\"https:\/\/elmetropolitano.com.gt\/es\/wp-content\/uploads\/2021\/11\/cintillo-arrin-cual-1.jpg 750w, https:\/\/elmetropolitano.com.gt\/es\/wp-content\/uploads\/2021\/11\/cintillo-arrin-cual-1-300x36.jpg 300w, https:\/\/elmetropolitano.com.gt\/es\/wp-content\/uploads\/2021\/11\/cintillo-arrin-cual-1-600x72.jpg 600w\" sizes=\"(max-width: 750px) 100vw, 750px\" width=\"750\" height=\"90\"   \/><\/a><\/div><\/div>\n\n\n\n<p>Dijo que este importante proyecto permite dar un paso hist\u00f3rico para mejorar la calidad de vida de millones de personas, de cientos de miles de familias guatemaltecas.<\/p>\n\n\n\n<p>No es normal que estemos siempre cansados porque a una jornada laboral de ocho horas se deben sumar entre tres y cuatro horas diarias para regresar a la casa, lo cual es causado por la congesti\u00f3n vehicular y la falta de soluciones de transporte p\u00fablico, indic\u00f3.<\/p>\n\n\n\n<p>El Plan Maestro tiene entre otros objetivos abatir la congesti\u00f3n vehicular, es decir, ganarle m\u00e1s tiempo a la vida de los guatemaltecos y las guatemaltecas, porque para hacerlo prioriza la conectividad entre los municipios del departamento de Guatemala.<\/p>\n\n\n\n<p>El presidente Ar\u00e9valo resalt\u00f3 que la iniciativa incluye soluciones integrales de transporte p\u00fablico, infraestructura vial, tecnolog\u00eda para el control de tr\u00e1nsito y fortalecimiento de capacidades institucionales.<\/p>\n\n\n\n<p>Siguiente etapa es poner en marcha el plan de movilidad<\/p>\n\n\n\n<p>Desde hoy tenemos una hoja de ruta a corto, mediano y largo plazo que nos permitir\u00e1 planificar con base t\u00e9cnica las obras prioritarias y garantizar un mejor futuro de movilidad para millones de personas, indic\u00f3.<\/p>\n\n\n\n<p>Reconoci\u00f3 el trabajo de la cooperaci\u00f3n coreana en este proyecto y dijo que se aborda la soluci\u00f3n de un problema que requiere una acci\u00f3n colectiva e interinstitucional y en este caso, una colaboraci\u00f3n entre amigos (Guatemala y Corea del Sur).<\/p>\n\n\n\n<p>Juntos podemos comenzar a darle respuesta a este problema, puntualiz\u00f3 el presidente Ar\u00e9valo, quien destac\u00f3 que, tras recibir el Plan Maestro de Movilidad, ahora corresponde poner en marcha inmediatamente los mecanismos para darle seguimiento.<\/p>\n\n\n\n<p>Dijo que la instancia del gobierno guatemalteco creada para atender la iniciativa deber\u00e1 definir la priorizaci\u00f3n efectiva de los proyectos y los mecanismos de contrataci\u00f3n que hagan realidad este Plan.<\/p>\n\n\n\n<p>Este grupo de autoridades del Ejecutivo est\u00e1 integrado por los ministerios de Comunicaciones, Infraestructura y Vivienda (CIV), y Finanzas P\u00fablicas, la Secretar\u00eda de Planificaci\u00f3n y Programaci\u00f3n de la Presidencia (Segeplan) y la Agencia Nacional de Alianzas para el Desarrollo de Infraestructura Econ\u00f3mica (Anadie).<\/p>\n\n\n\n<p>Asimismo, el mandatario asever\u00f3:<\/p>\n\n\n\n<p>Este es un plan de grandes dimensiones. Ni en t\u00e9rminos de ingenier\u00eda ni en t\u00e9rminos de financiamiento va a ser de f\u00e1cil soluci\u00f3n, pero juntos, colaborativamente, podremos empezar a darle una soluci\u00f3n constante, gradual y efectiva.<\/p>\n\n\n\n<p>Nueva etapa para el desarrollo<\/p>\n\n\n\n<p>El titular del CIV, Miguel \u00c1ngel D\u00edaz, dijo que este d\u00eda se presentaba al presidente Ar\u00e9valo los resultados de un esfuerzo conjunto que marca el inicio de una nueva etapa para el desarrollo del pa\u00eds.<\/p>\n\n\n\n<p>Agradeci\u00f3 al gobierno y a la Agencia de Cooperaci\u00f3n Internacional de Corea (KOICA) por su invaluable apoyo, su confianza en Guatemala, que se traduce en una inversi\u00f3n de nueve millones de d\u00f3lares destinados a generar soluciones reales frente al desaf\u00edo de la congesti\u00f3n vehicular en la zona metropolitana.<\/p>\n\n\n\n<p>Adem\u00e1s, el ministro resalt\u00f3 que este reto solo se podr\u00e1 superar mediante el trabajo articulado con las distintas municipalidades del departamento de Guatemala.<\/p>\n\n\n\n<p>Puntualiz\u00f3 que recibir hoy el Plan Maestro de Moviliad y los estudios de factibilidad no es un cierre, sino el inicio de una nueva etapa: la de su ejecuci\u00f3n.<\/p>\n\n\n\n<p>El ministro a\u00f1adi\u00f3:<\/p>\n\n\n\n<p>Estamos convencidos de que el trabajo conjunto entre el Gobierno central, las municipalidades y la cooperaci\u00f3n internacional ser\u00e1 la clave para mejorar la calidad de vida de la poblaci\u00f3n guatemalteca.<\/p>\n\n\n\n<p>El titular de la Anadie, Kevyn Valencia, dijo que el Plan Maestro de Movilidad del \u00c1rea Metropolitana de Guatemala se constituye en un instrumento estrat\u00e9gico y t\u00e9cnico que orientar\u00e1 la alternativa y soluciones de movilidad urbana para la principal metr\u00f3poli de la regi\u00f3n centroamericana.<\/p>\n\n\n\n<p>El Plan es resultado del compromiso de Anadie como instituci\u00f3n con una visi\u00f3n de planificaci\u00f3n integral y un enfoque de desarrollo con equidad para lograr ciudades sostenibles y sustentables que promuevan una convivencia con oportunidades para todos sus habitantes.<\/p>\n\n\n\n<p>La iniciativa tuvo como condici\u00f3n la promoci\u00f3n de coordinaci\u00f3n de la comunidad, la totalidad de municipios del departamento de Guatemala, dijo el funcionario en el acto celebrado en el Palacio Nacional de la Cultura.<\/p>\n\n\n\n<p>Texto Pablo Reyna<\/p>\n\n\n\n<p>#movilidad #metroredes <a href=\"http:\/\/www.elmetropolitano.com.gt\">www.elmetropolitano.com.gt<\/a> <a href=\"http:\/\/www.metroredes.com\">www.metroredes.com<\/a><\/p>\n","protected":false},"excerpt":{"rendered":"<p>El presidente Bernardo Ar\u00e9valo recibi\u00f3 este viernes el denominado Plan Maestro de Movilidad del \u00c1rea Metropolitana de Guatemala, cuyo objetivo es reducir dr\u00e1sticamente el tiempo de traslado de la poblaci\u00f3n mediante la \u00f3ptima conectividad entre los municipios del departamento. El mandatario encabez\u00f3 el acto en que se dio a conocer el Plan, el primero en <a class=\"read-more\" href=\"https:\/\/elmetropolitano.com.gt\/es\/plan-movilidad-de-metropoli-paso-historico-para-mejorar-calidad-de-vida-de-millones-de-guatemaltecos\/\">Leer m\u00e1s<\/a><\/p>\n","protected":false},"author":1,"featured_media":113024,"comment_status":"open","ping_status":"closed","sticky":false,"template":"","format":"standard","meta":{"footnotes":""},"categories":[2],"tags":[12],"class_list":["post-113023","post","type-post","status-publish","format-standard","has-post-thumbnail","hentry","category-nacionales","tag-nacionales"],"_links":{"self":[{"href":"https:\/\/elmetropolitano.com.gt\/es\/wp-json\/wp\/v2\/posts\/113023","targetHints":{"allow":["GET"]}}],"collection":[{"href":"https:\/\/elmetropolitano.com.gt\/es\/wp-json\/wp\/v2\/posts"}],"about":[{"href":"https:\/\/elmetropolitano.com.gt\/es\/wp-json\/wp\/v2\/types\/post"}],"author":[{"embeddable":true,"href":"https:\/\/elmetropolitano.com.gt\/es\/wp-json\/wp\/v2\/users\/1"}],"replies":[{"embeddable":true,"href":"https:\/\/elmetropolitano.com.gt\/es\/wp-json\/wp\/v2\/comments?post=113023"}],"version-history":[{"count":1,"href":"https:\/\/elmetropolitano.com.gt\/es\/wp-json\/wp\/v2\/posts\/113023\/revisions"}],"predecessor-version":[{"id":113025,"href":"https:\/\/elmetropolitano.com.gt\/es\/wp-json\/wp\/v2\/posts\/113023\/revisions\/113025"}],"wp:featuredmedia":[{"embeddable":true,"href":"https:\/\/elmetropolitano.com.gt\/es\/wp-json\/wp\/v2\/media\/113024"}],"wp:attachment":[{"href":"https:\/\/elmetropolitano.com.gt\/es\/wp-json\/wp\/v2\/media?parent=113023"}],"wp:term":[{"taxonomy":"category","embeddable":true,"href":"https:\/\/elmetropolitano.com.gt\/es\/wp-json\/wp\/v2\/categories?post=113023"},{"taxonomy":"post_tag","embeddable":true,"href":"https:\/\/elmetropolitano.com.gt\/es\/wp-json\/wp\/v2\/tags?post=113023"}],"curies":[{"name":"wp","href":"https:\/\/api.w.org\/{rel}","templated":true}]}}