{"id":113042,"date":"2025-09-27T20:40:02","date_gmt":"2025-09-28T02:40:02","guid":{"rendered":"https:\/\/elmetropolitano.com.gt\/es\/?p=113042"},"modified":"2025-09-27T20:40:03","modified_gmt":"2025-09-28T02:40:03","slug":"jaime-lucero-se-convierte-en-diputado-transfuga-llega-al-congreso-con-vamos-y-ahora-se-pasa-a-la-une","status":"publish","type":"post","link":"https:\/\/elmetropolitano.com.gt\/es\/jaime-lucero-se-convierte-en-diputado-transfuga-llega-al-congreso-con-vamos-y-ahora-se-pasa-a-la-une\/","title":{"rendered":"Jaime Lucero se convierte en \u201cdiputado transfuga\u201d, llega al congreso con VAMOS y ahora se pasa a la UNE"},"content":{"rendered":"\n<p><a><\/a>El diputado Jaime Octavio Augusto Lucero V\u00e1squez fue electo como nuevo Secretario Departamental de Jalapa del partido Unidad Nacional de la Esperanza (UNE), lo que lo convierte en un diputado ytasfuga m\u00e1s en el Legislativo<\/p>\n\n\n\n<p>Lucero, quien ya acumula dos periodos como legislador por Jalapa, con el Partido Vamos ahora buscar\u00e1 un nuevo per\u00edodo con el respaldo de la UNE, organizaci\u00f3n pol\u00edtica que mantiene una de las estructuras territoriales m\u00e1s s\u00f3lidas del pa\u00eds y quien en el actual proceso electoral llevara a varios diputados del anterior gobierno de Alejandro Giammattei<\/p><div class=\"elmet-contenido\" id=\"elmet-1580492738\"><div class=\"elmet-adlabel\">Anuncios<\/div><div style=\"margin-top: 20px;margin-right: 20px;margin-bottom: 20px;margin-left: 20px;\" id=\"elmet-3026356166\"><a href=\"https:\/\/www.facebook.com\/arrincuanantigua\/\" aria-label=\"cintillo-arrin-cual\"><img loading=\"lazy\" decoding=\"async\" src=\"https:\/\/elmetropolitano.com.gt\/es\/wp-content\/uploads\/2021\/11\/cintillo-arrin-cual-1.jpg\" alt=\"\"  srcset=\"https:\/\/elmetropolitano.com.gt\/es\/wp-content\/uploads\/2021\/11\/cintillo-arrin-cual-1.jpg 750w, https:\/\/elmetropolitano.com.gt\/es\/wp-content\/uploads\/2021\/11\/cintillo-arrin-cual-1-300x36.jpg 300w, https:\/\/elmetropolitano.com.gt\/es\/wp-content\/uploads\/2021\/11\/cintillo-arrin-cual-1-600x72.jpg 600w\" sizes=\"(max-width: 750px) 100vw, 750px\" width=\"750\" height=\"90\"   \/><\/a><\/div><\/div>\n\n\n\n<p>Todo p\u00e1rese indixar que no hay liderazgos en Jalapa y siguen con las mismas figuras como la de Lucero V\u00e1squez quien no se preocupa por el bienestar de sus vecinos y el \u00fanico inter\u00e9s es ahora ganar Q66 mil quetzales al mes.<\/p>\n\n\n\n<p><a href=\"https:\/\/www.facebook.com\/hashtag\/jalapa?__cft__[0]=AZWa5ziFfViMMaT-VcxEOYzMSlSRjMldvgDHtTUUDMDNCt_MIaIgotghlMVjlWhp_S_3NByLOeFtfPIgD7PmGgHS4s3_NM8i9L3aS7ZuiDDa9KfKYgquKeAgZLqprzsiF7TLmLuJykU0QztOrsGStpriBDKP2ieyHox9P89XGAEy35cUl4IiW6W3d20IdYdqVRA&amp;__tn__=*NK-R\">#Jalapa<\/a><a href=\"https:\/\/www.facebook.com\/hashtag\/partidoune?__cft__[0]=AZWa5ziFfViMMaT-VcxEOYzMSlSRjMldvgDHtTUUDMDNCt_MIaIgotghlMVjlWhp_S_3NByLOeFtfPIgD7PmGgHS4s3_NM8i9L3aS7ZuiDDa9KfKYgquKeAgZLqprzsiF7TLmLuJykU0QztOrsGStpriBDKP2ieyHox9P89XGAEy35cUl4IiW6W3d20IdYdqVRA&amp;__tn__=*NK-R\">#PartidoUNE<\/a><a href=\"https:\/\/www.facebook.com\/hashtag\/trasfugismo?__cft__[0]=AZWa5ziFfViMMaT-VcxEOYzMSlSRjMldvgDHtTUUDMDNCt_MIaIgotghlMVjlWhp_S_3NByLOeFtfPIgD7PmGgHS4s3_NM8i9L3aS7ZuiDDa9KfKYgquKeAgZLqprzsiF7TLmLuJykU0QztOrsGStpriBDKP2ieyHox9P89XGAEy35cUl4IiW6W3d20IdYdqVRA&amp;__tn__=*NK-R\">#Trasfugismo<\/a><a href=\"https:\/\/www.facebook.com\/hashtag\/metroredes?__cft__[0]=AZWa5ziFfViMMaT-VcxEOYzMSlSRjMldvgDHtTUUDMDNCt_MIaIgotghlMVjlWhp_S_3NByLOeFtfPIgD7PmGgHS4s3_NM8i9L3aS7ZuiDDa9KfKYgquKeAgZLqprzsiF7TLmLuJykU0QztOrsGStpriBDKP2ieyHox9P89XGAEy35cUl4IiW6W3d20IdYdqVRA&amp;__tn__=*NK-R\">#metroredes<\/a><a href=\"https:\/\/www.facebook.com\/hashtag\/congresodelarepublica?__cft__[0]=AZWa5ziFfViMMaT-VcxEOYzMSlSRjMldvgDHtTUUDMDNCt_MIaIgotghlMVjlWhp_S_3NByLOeFtfPIgD7PmGgHS4s3_NM8i9L3aS7ZuiDDa9KfKYgquKeAgZLqprzsiF7TLmLuJykU0QztOrsGStpriBDKP2ieyHox9P89XGAEy35cUl4IiW6W3d20IdYdqVRA&amp;__tn__=*NK-R\">#CongresoDeLaRepublica<\/a><\/p>\n","protected":false},"excerpt":{"rendered":"<p>El diputado Jaime Octavio Augusto Lucero V\u00e1squez fue electo como nuevo Secretario Departamental de Jalapa del partido Unidad Nacional de la Esperanza (UNE), lo que lo convierte en un diputado ytasfuga m\u00e1s en el Legislativo Lucero, quien ya acumula dos periodos como legislador por Jalapa, con el Partido Vamos ahora buscar\u00e1 un nuevo per\u00edodo con <a class=\"read-more\" href=\"https:\/\/elmetropolitano.com.gt\/es\/jaime-lucero-se-convierte-en-diputado-transfuga-llega-al-congreso-con-vamos-y-ahora-se-pasa-a-la-une\/\">Leer m\u00e1s<\/a><\/p>\n","protected":false},"author":1,"featured_media":113043,"comment_status":"open","ping_status":"closed","sticky":false,"template":"","format":"standard","meta":{"footnotes":""},"categories":[2],"tags":[12],"class_list":["post-113042","post","type-post","status-publish","format-standard","has-post-thumbnail","hentry","category-nacionales","tag-nacionales"],"_links":{"self":[{"href":"https:\/\/elmetropolitano.com.gt\/es\/wp-json\/wp\/v2\/posts\/113042","targetHints":{"allow":["GET"]}}],"collection":[{"href":"https:\/\/elmetropolitano.com.gt\/es\/wp-json\/wp\/v2\/posts"}],"about":[{"href":"https:\/\/elmetropolitano.com.gt\/es\/wp-json\/wp\/v2\/types\/post"}],"author":[{"embeddable":true,"href":"https:\/\/elmetropolitano.com.gt\/es\/wp-json\/wp\/v2\/users\/1"}],"replies":[{"embeddable":true,"href":"https:\/\/elmetropolitano.com.gt\/es\/wp-json\/wp\/v2\/comments?post=113042"}],"version-history":[{"count":1,"href":"https:\/\/elmetropolitano.com.gt\/es\/wp-json\/wp\/v2\/posts\/113042\/revisions"}],"predecessor-version":[{"id":113044,"href":"https:\/\/elmetropolitano.com.gt\/es\/wp-json\/wp\/v2\/posts\/113042\/revisions\/113044"}],"wp:featuredmedia":[{"embeddable":true,"href":"https:\/\/elmetropolitano.com.gt\/es\/wp-json\/wp\/v2\/media\/113043"}],"wp:attachment":[{"href":"https:\/\/elmetropolitano.com.gt\/es\/wp-json\/wp\/v2\/media?parent=113042"}],"wp:term":[{"taxonomy":"category","embeddable":true,"href":"https:\/\/elmetropolitano.com.gt\/es\/wp-json\/wp\/v2\/categories?post=113042"},{"taxonomy":"post_tag","embeddable":true,"href":"https:\/\/elmetropolitano.com.gt\/es\/wp-json\/wp\/v2\/tags?post=113042"}],"curies":[{"name":"wp","href":"https:\/\/api.w.org\/{rel}","templated":true}]}}