{"id":113067,"date":"2025-09-28T16:41:32","date_gmt":"2025-09-28T22:41:32","guid":{"rendered":"https:\/\/elmetropolitano.com.gt\/es\/?p=113067"},"modified":"2025-09-28T16:41:33","modified_gmt":"2025-09-28T22:41:33","slug":"donacion-de-nuevos-equipos-ampliara-la-capacidad-de-los-laboratorios-de-salud-publica","status":"publish","type":"post","link":"https:\/\/elmetropolitano.com.gt\/es\/donacion-de-nuevos-equipos-ampliara-la-capacidad-de-los-laboratorios-de-salud-publica\/","title":{"rendered":"Donaci\u00f3n de nuevos equipos ampliar\u00e1 la capacidad de los laboratorios de salud p\u00fablica"},"content":{"rendered":"\n<p><a><\/a>El Instituto de Nutrici\u00f3n de Centroam\u00e9rica y Panam\u00e1 (INCAP) entreg\u00f3 una donaci\u00f3n valorada en Q1,948,431.16 a laboratorios de la Regi\u00f3n Metropolitana y a las Direcciones de Redes Integradas de Servicios de Salud (DRISS), con el objetivo de fortalecer el diagn\u00f3stico oportuno de distintas enfermedades, incluido el c\u00e1ncer cervicouterino, una enfermedad que cada a\u00f1o provoca m\u00e1s de 1,700 casos y cerca de 1,000 muertes en Guatemala.<\/p>\n\n\n\n<p>La entrega incluy\u00f3 microscopios, refrigeradores, mecheros, term\u00f3metros, equipo de c\u00f3mputo y otros insumos, que mejorar\u00e1n la capacidad de an\u00e1lisis en las cuatro Direcciones Departamentales de Guatemala y en nueve DRISS adicionales.<\/p><div class=\"elmet-contenido\" id=\"elmet-3786514980\"><div class=\"elmet-adlabel\">Anuncios<\/div><div style=\"margin-top: 20px;margin-right: 20px;margin-bottom: 20px;margin-left: 20px;\" id=\"elmet-7294490\"><a href=\"https:\/\/www.facebook.com\/arrincuanantigua\/\" aria-label=\"cintillo-arrin-cual\"><img loading=\"lazy\" decoding=\"async\" src=\"https:\/\/elmetropolitano.com.gt\/es\/wp-content\/uploads\/2021\/11\/cintillo-arrin-cual-1.jpg\" alt=\"\"  srcset=\"https:\/\/elmetropolitano.com.gt\/es\/wp-content\/uploads\/2021\/11\/cintillo-arrin-cual-1.jpg 750w, https:\/\/elmetropolitano.com.gt\/es\/wp-content\/uploads\/2021\/11\/cintillo-arrin-cual-1-300x36.jpg 300w, https:\/\/elmetropolitano.com.gt\/es\/wp-content\/uploads\/2021\/11\/cintillo-arrin-cual-1-600x72.jpg 600w\" sizes=\"(max-width: 750px) 100vw, 750px\" width=\"750\" height=\"90\"   \/><\/a><\/div><\/div>\n\n\n\n<p>La doctora Berta Sam, directora de las Redes Integradas de Servicios de Salud, subray\u00f3: \u201cEsta donaci\u00f3n permitir\u00e1 cubrir en total 13 direcciones departamentales\u201d.<\/p>\n\n\n\n<p>Por su parte, el doctor Edgar Santos, director de Epidemiolog\u00eda y Gesti\u00f3n de Riesgos del Ministerio de Salud, destac\u00f3 la relevancia del equipo para la vigilancia epidemiol\u00f3gica, al se\u00f1alar que facilitar\u00e1 el seguimiento de casos de enfermedades de importancia como dengue, malaria y otras infecciones, as\u00ed como de enfermedades cr\u00f3nicas no transmisibles.<\/p>\n\n\n\n<p>\u201cEste equipo va a favorecer un diagn\u00f3stico certero con las enfermedades que ya mencionamos\u201d, puntualiz\u00f3.<\/p>\n\n\n\n<p>La licenciada Leticia Castillo, asistente t\u00e9cnica de las Redes Integradas de Servicios de Salud, agreg\u00f3: \u201cEstos recursos beneficiar\u00e1n a las direcciones departamentales y sus redes de laboratorio, fortaleciendo el seguimiento cl\u00ednico y el diagn\u00f3stico de pacientes con enfermedades de impacto epidemiol\u00f3gico y no transmisibles, como el c\u00e1ncer y la diabetes.<\/p>\n\n\n\n<p>Adem\u00e1s, contribuir\u00e1n a la detecci\u00f3n temprana y a una atenci\u00f3n m\u00e1s oportuna del c\u00e1ncer de c\u00e9rvix\u201d.<\/p>\n\n\n\n<p>La entrega de este equipo fortalece la red de servicios del Ministerio de Salud P\u00fablica y Asistencia Social, enmarcada en un modelo integral de salud con pertinencia cultural. Con ello se garantiza que la atenci\u00f3n en las comunidades responda de manera efectiva a los retos del c\u00e1ncer y otras enfermedades.<\/p>\n\n\n\n<p><a href=\"https:\/\/www.facebook.com\/hashtag\/incap?__cft__[0]=AZUZcFMLkfAGP596-mKNJ5JgNM5tkRTsMKV7BG1mjIODRDo8vt80MFdMzMxCiFz2eUGMsS34cjgEMXahfHV6bHIULXndAucBe6_s75LLy-djT0EOSSSy0Hpmxwlf6Z2F9O_VpyR2-F1eeyTW6dbvJB1SY6I5Etvr3e6hf_n9PDZCK-9ECHd_4oiEIQBq5nhHciU&amp;__tn__=*NK-R\">#Incap<\/a><a href=\"https:\/\/www.facebook.com\/hashtag\/metroredes?__cft__[0]=AZUZcFMLkfAGP596-mKNJ5JgNM5tkRTsMKV7BG1mjIODRDo8vt80MFdMzMxCiFz2eUGMsS34cjgEMXahfHV6bHIULXndAucBe6_s75LLy-djT0EOSSSy0Hpmxwlf6Z2F9O_VpyR2-F1eeyTW6dbvJB1SY6I5Etvr3e6hf_n9PDZCK-9ECHd_4oiEIQBq5nhHciU&amp;__tn__=*NK-R\">#metroredes<\/a><a href=\"https:\/\/www.facebook.com\/hashtag\/mspas?__cft__[0]=AZUZcFMLkfAGP596-mKNJ5JgNM5tkRTsMKV7BG1mjIODRDo8vt80MFdMzMxCiFz2eUGMsS34cjgEMXahfHV6bHIULXndAucBe6_s75LLy-djT0EOSSSy0Hpmxwlf6Z2F9O_VpyR2-F1eeyTW6dbvJB1SY6I5Etvr3e6hf_n9PDZCK-9ECHd_4oiEIQBq5nhHciU&amp;__tn__=*NK-R\">#MSPAS<\/a><\/p>\n\n\n\n<figure class=\"wp-block-gallery has-nested-images columns-default is-cropped wp-block-gallery-1 is-layout-flex wp-block-gallery-is-layout-flex\">\n<figure class=\"wp-block-image size-large\"><img loading=\"lazy\" decoding=\"async\" width=\"190\" height=\"127\" data-id=\"113070\" src=\"https:\/\/elmetropolitano.com.gt\/es\/wp-content\/uploads\/2025\/09\/555713566_1339324348193645_1773827679122139394_n.jpg\" alt=\"\" class=\"wp-image-113070\"\/><\/figure>\n\n\n\n<figure class=\"wp-block-image size-large\"><img loading=\"lazy\" decoding=\"async\" width=\"190\" height=\"127\" data-id=\"113071\" src=\"https:\/\/elmetropolitano.com.gt\/es\/wp-content\/uploads\/2025\/09\/556090216_1339324291526984_4503521054704124979_n.jpg\" alt=\"\" class=\"wp-image-113071\"\/><\/figure>\n\n\n\n<figure class=\"wp-block-image size-large\"><img loading=\"lazy\" decoding=\"async\" width=\"190\" height=\"127\" data-id=\"113069\" src=\"https:\/\/elmetropolitano.com.gt\/es\/wp-content\/uploads\/2025\/09\/556669384_1339324338193646_6370685062049496437_n.jpg\" alt=\"\" class=\"wp-image-113069\"\/><\/figure>\n<\/figure>\n","protected":false},"excerpt":{"rendered":"<p>El Instituto de Nutrici\u00f3n de Centroam\u00e9rica y Panam\u00e1 (INCAP) entreg\u00f3 una donaci\u00f3n valorada en Q1,948,431.16 a laboratorios de la Regi\u00f3n Metropolitana y a las Direcciones de Redes Integradas de Servicios de Salud (DRISS), con el objetivo de fortalecer el diagn\u00f3stico oportuno de distintas enfermedades, incluido el c\u00e1ncer cervicouterino, una enfermedad que cada a\u00f1o provoca m\u00e1s <a class=\"read-more\" href=\"https:\/\/elmetropolitano.com.gt\/es\/donacion-de-nuevos-equipos-ampliara-la-capacidad-de-los-laboratorios-de-salud-publica\/\">Leer m\u00e1s<\/a><\/p>\n","protected":false},"author":1,"featured_media":113068,"comment_status":"open","ping_status":"closed","sticky":false,"template":"","format":"standard","meta":{"footnotes":""},"categories":[2],"tags":[12],"class_list":["post-113067","post","type-post","status-publish","format-standard","has-post-thumbnail","hentry","category-nacionales","tag-nacionales"],"_links":{"self":[{"href":"https:\/\/elmetropolitano.com.gt\/es\/wp-json\/wp\/v2\/posts\/113067","targetHints":{"allow":["GET"]}}],"collection":[{"href":"https:\/\/elmetropolitano.com.gt\/es\/wp-json\/wp\/v2\/posts"}],"about":[{"href":"https:\/\/elmetropolitano.com.gt\/es\/wp-json\/wp\/v2\/types\/post"}],"author":[{"embeddable":true,"href":"https:\/\/elmetropolitano.com.gt\/es\/wp-json\/wp\/v2\/users\/1"}],"replies":[{"embeddable":true,"href":"https:\/\/elmetropolitano.com.gt\/es\/wp-json\/wp\/v2\/comments?post=113067"}],"version-history":[{"count":1,"href":"https:\/\/elmetropolitano.com.gt\/es\/wp-json\/wp\/v2\/posts\/113067\/revisions"}],"predecessor-version":[{"id":113073,"href":"https:\/\/elmetropolitano.com.gt\/es\/wp-json\/wp\/v2\/posts\/113067\/revisions\/113073"}],"wp:featuredmedia":[{"embeddable":true,"href":"https:\/\/elmetropolitano.com.gt\/es\/wp-json\/wp\/v2\/media\/113068"}],"wp:attachment":[{"href":"https:\/\/elmetropolitano.com.gt\/es\/wp-json\/wp\/v2\/media?parent=113067"}],"wp:term":[{"taxonomy":"category","embeddable":true,"href":"https:\/\/elmetropolitano.com.gt\/es\/wp-json\/wp\/v2\/categories?post=113067"},{"taxonomy":"post_tag","embeddable":true,"href":"https:\/\/elmetropolitano.com.gt\/es\/wp-json\/wp\/v2\/tags?post=113067"}],"curies":[{"name":"wp","href":"https:\/\/api.w.org\/{rel}","templated":true}]}}