{"id":113156,"date":"2025-09-29T11:45:19","date_gmt":"2025-09-29T17:45:19","guid":{"rendered":"https:\/\/elmetropolitano.com.gt\/es\/?p=113156"},"modified":"2025-09-29T11:45:19","modified_gmt":"2025-09-29T17:45:19","slug":"el-gobierno-impulsa-nueva-ley-de-contrataciones-junto-al-minfin-y-la-cnc","status":"publish","type":"post","link":"https:\/\/elmetropolitano.com.gt\/es\/el-gobierno-impulsa-nueva-ley-de-contrataciones-junto-al-minfin-y-la-cnc\/","title":{"rendered":"El Gobierno impulsa nueva ley de contrataciones junto al Minfin y la CNC"},"content":{"rendered":"\n<p>Durante La Ronda de este lunes, el presidente Bernardo Ar\u00e9valo abord\u00f3 diversos temas de inter\u00e9s nacional, como el trabajo que desarrolla el Ministerio de Comunicaciones, Infraestructura y Vivienda (CIV), una instituci\u00f3n que mencion\u00f3 es de las m\u00e1s da\u00f1adas por la corrupci\u00f3n en el pasado.<\/p>\n\n\n\n<p>Ar\u00e9valo se\u00f1al\u00f3 que el ministro Miguel \u00c1ngel D\u00edaz recibi\u00f3 esa cartera con m\u00e1s de mil 500 contratos heredados, deudas superiores al presupuesto y proyectos paralizados, todo seg\u00fan indic\u00f3 el presidente, por el efecto de la corrupci\u00f3n desbocada.<\/p><div class=\"elmet-contenido\" id=\"elmet-1048352247\"><div class=\"elmet-adlabel\">Anuncios<\/div><div style=\"margin-top: 20px;margin-right: 20px;margin-bottom: 20px;margin-left: 20px;\" id=\"elmet-2899726888\"><a href=\"https:\/\/www.facebook.com\/arrincuanantigua\/\" aria-label=\"cintillo-arrin-cual\"><img loading=\"lazy\" decoding=\"async\" src=\"https:\/\/elmetropolitano.com.gt\/es\/wp-content\/uploads\/2021\/11\/cintillo-arrin-cual-1.jpg\" alt=\"\"  srcset=\"https:\/\/elmetropolitano.com.gt\/es\/wp-content\/uploads\/2021\/11\/cintillo-arrin-cual-1.jpg 750w, https:\/\/elmetropolitano.com.gt\/es\/wp-content\/uploads\/2021\/11\/cintillo-arrin-cual-1-300x36.jpg 300w, https:\/\/elmetropolitano.com.gt\/es\/wp-content\/uploads\/2021\/11\/cintillo-arrin-cual-1-600x72.jpg 600w\" sizes=\"(max-width: 750px) 100vw, 750px\" width=\"750\" height=\"90\"   \/><\/a><\/div><\/div>\n\n\n\n<p>Al respecto, el mandatario afirm\u00f3:<\/p>\n\n\n\n<p>Porque la corrupci\u00f3n se financiaba con los contratos de obra p\u00fablica y, aun as\u00ed, se ha venido trabajando para sanear esta instituci\u00f3n y rescatar proyectos que llevaban a\u00f1os tirados.<\/p>\n\n\n\n<p>Ley de Contrataciones del Estado<\/p>\n\n\n\n<p>Adem\u00e1s, mencion\u00f3 que ya han ido avanzando en el rescate de las obras p\u00fablicos y como ejemplo comparti\u00f3 los trabajos en el paso a desnivel en la calzada Roosevelt, el kil\u00f3metro 11 de la carretera a El Salvador y el puente de Petapa, entre muchos otros.<\/p>\n\n\n\n<p>Sin embargo, se\u00f1al\u00f3 que la soluci\u00f3n de fondo no es solo tapar baches o reactivar obras, por eso se encuentran junto al Ministerio de Finanzas P\u00fablicas (Minfin)) y la Comisi\u00f3n Nacional contra la Corrupci\u00f3n (CNC), trabajando en una nueva ley de contrataciones, la cual, en sus palabras, ser\u00e1 clave para que nunca m\u00e1s el sistema de obra p\u00fablica quede atrapado en la corrupci\u00f3n y la par\u00e1lisis.<\/p>\n\n\n\n<p>Para finalizar, comparti\u00f3 que se encuentran en proceso de implementar la Ley de Infraestructura Vial Prioritaria, que ya se aprob\u00f3 y crea una instancia para poder acelerar y facilitar los grandes proyectos de infraestructura de primer orden del pa\u00eds.<\/p>\n\n\n\n<p>En cuanto a la iniciativa sobre la ley de contrataciones, concluy\u00f3 que se presentar\u00e1 al Congreso antes de fin de a\u00f1o y espera que sea apoyada con la urgencia que el pueblo requiere.<\/p>\n\n\n\n<p>Texto Lincy Alonzo<\/p>\n\n\n\n<p>#BernardoArevalo #metroredes <a href=\"http:\/\/www.elmetropolitano.com.gt\">www.elmetropolitano.com.gt<\/a>&nbsp; <a href=\"http:\/\/www.metroredes.com\">www.metroredes.com<\/a><\/p>\n","protected":false},"excerpt":{"rendered":"<p>Durante La Ronda de este lunes, el presidente Bernardo Ar\u00e9valo abord\u00f3 diversos temas de inter\u00e9s nacional, como el trabajo que desarrolla el Ministerio de Comunicaciones, Infraestructura y Vivienda (CIV), una instituci\u00f3n que mencion\u00f3 es de las m\u00e1s da\u00f1adas por la corrupci\u00f3n en el pasado. Ar\u00e9valo se\u00f1al\u00f3 que el ministro Miguel \u00c1ngel D\u00edaz recibi\u00f3 esa cartera <a class=\"read-more\" href=\"https:\/\/elmetropolitano.com.gt\/es\/el-gobierno-impulsa-nueva-ley-de-contrataciones-junto-al-minfin-y-la-cnc\/\">Leer m\u00e1s<\/a><\/p>\n","protected":false},"author":1,"featured_media":113157,"comment_status":"open","ping_status":"closed","sticky":false,"template":"","format":"standard","meta":{"footnotes":""},"categories":[2],"tags":[12],"class_list":["post-113156","post","type-post","status-publish","format-standard","has-post-thumbnail","hentry","category-nacionales","tag-nacionales"],"_links":{"self":[{"href":"https:\/\/elmetropolitano.com.gt\/es\/wp-json\/wp\/v2\/posts\/113156","targetHints":{"allow":["GET"]}}],"collection":[{"href":"https:\/\/elmetropolitano.com.gt\/es\/wp-json\/wp\/v2\/posts"}],"about":[{"href":"https:\/\/elmetropolitano.com.gt\/es\/wp-json\/wp\/v2\/types\/post"}],"author":[{"embeddable":true,"href":"https:\/\/elmetropolitano.com.gt\/es\/wp-json\/wp\/v2\/users\/1"}],"replies":[{"embeddable":true,"href":"https:\/\/elmetropolitano.com.gt\/es\/wp-json\/wp\/v2\/comments?post=113156"}],"version-history":[{"count":1,"href":"https:\/\/elmetropolitano.com.gt\/es\/wp-json\/wp\/v2\/posts\/113156\/revisions"}],"predecessor-version":[{"id":113158,"href":"https:\/\/elmetropolitano.com.gt\/es\/wp-json\/wp\/v2\/posts\/113156\/revisions\/113158"}],"wp:featuredmedia":[{"embeddable":true,"href":"https:\/\/elmetropolitano.com.gt\/es\/wp-json\/wp\/v2\/media\/113157"}],"wp:attachment":[{"href":"https:\/\/elmetropolitano.com.gt\/es\/wp-json\/wp\/v2\/media?parent=113156"}],"wp:term":[{"taxonomy":"category","embeddable":true,"href":"https:\/\/elmetropolitano.com.gt\/es\/wp-json\/wp\/v2\/categories?post=113156"},{"taxonomy":"post_tag","embeddable":true,"href":"https:\/\/elmetropolitano.com.gt\/es\/wp-json\/wp\/v2\/tags?post=113156"}],"curies":[{"name":"wp","href":"https:\/\/api.w.org\/{rel}","templated":true}]}}