{"id":113159,"date":"2025-09-29T12:28:35","date_gmt":"2025-09-29T18:28:35","guid":{"rendered":"https:\/\/elmetropolitano.com.gt\/es\/?p=113159"},"modified":"2025-09-29T12:28:36","modified_gmt":"2025-09-29T18:28:36","slug":"guatemala-cuenta-con-tres-licitaciones-para-la-generacion-transmision-y-electrificacion-rural","status":"publish","type":"post","link":"https:\/\/elmetropolitano.com.gt\/es\/guatemala-cuenta-con-tres-licitaciones-para-la-generacion-transmision-y-electrificacion-rural\/","title":{"rendered":"Guatemala cuenta con tres licitaciones para la generaci\u00f3n, transmisi\u00f3n y electrificaci\u00f3n rural"},"content":{"rendered":"\n<p>El ministro de Energ\u00eda y Minas, V\u00edctor Hugo Ventura, comparti\u00f3 durante la Ronda la puesta en marcha de tres procesos de licitaci\u00f3n que, seg\u00fan \u00e9l, representan la mayor inversi\u00f3n hist\u00f3rica en infraestructura el\u00e9ctrica de Guatemala.<\/p>\n\n\n\n<p>Las licitaciones abarcan generaci\u00f3n, transmisi\u00f3n y electrificaci\u00f3n rural, con una proyecci\u00f3n de m\u00e1s de 4 mil millones de d\u00f3lares en inversi\u00f3n.<\/p><div class=\"elmet-contenido\" id=\"elmet-3993125364\"><div class=\"elmet-adlabel\">Anuncios<\/div><div style=\"margin-top: 20px;margin-right: 20px;margin-bottom: 20px;margin-left: 20px;\" id=\"elmet-2506651142\"><a href=\"https:\/\/www.facebook.com\/arrincuanantigua\/\" aria-label=\"cintillo-arrin-cual\"><img loading=\"lazy\" decoding=\"async\" src=\"https:\/\/elmetropolitano.com.gt\/es\/wp-content\/uploads\/2021\/11\/cintillo-arrin-cual-1.jpg\" alt=\"\"  srcset=\"https:\/\/elmetropolitano.com.gt\/es\/wp-content\/uploads\/2021\/11\/cintillo-arrin-cual-1.jpg 750w, https:\/\/elmetropolitano.com.gt\/es\/wp-content\/uploads\/2021\/11\/cintillo-arrin-cual-1-300x36.jpg 300w, https:\/\/elmetropolitano.com.gt\/es\/wp-content\/uploads\/2021\/11\/cintillo-arrin-cual-1-600x72.jpg 600w\" sizes=\"(max-width: 750px) 100vw, 750px\" width=\"750\" height=\"90\"   \/><\/a><\/div><\/div>\n\n\n\n<p>Esto expres\u00f3 el ministro Ventura:<\/p>\n\n\n\n<p>Eso quiere decir que por primera vez y esto es hist\u00f3rico, el pa\u00eds tiene en el subsector el\u00e9ctrico o en la industria el\u00e9ctrica, tres licitaciones en camino.<\/p>\n\n\n\n<p>De acuerdo con el ministro, este esfuerzo busca reducir la brecha de acceso a la electricidad, que actualmente afecta a 344 mil familias en todo el pa\u00eds, principalmente en comunidades rurales.<\/p>\n\n\n\n<p>La primera etapa del plan contempla la ejecuci\u00f3n de ocho mil 750 proyectos de electrificaci\u00f3n rural, con una inversi\u00f3n de 157 millones de quetzales.<\/p>\n\n\n\n<p>Se estima que esta fase beneficiar\u00e1 directamente a 52 mil personas en los departamentos de Alta y Baja Verapaz, Pet\u00e9n, Izabal, Quich\u00e9, Huehuetenango y Chiquimula.<\/p>\n\n\n\n<p>Coordinaci\u00f3n interinstitucional<\/p>\n\n\n\n<p>El ministro Ventura comparti\u00f3 que el esfuerzo por la universalizaci\u00f3n de la electricidad requiere una coordinaci\u00f3n estrecha entre varias instituciones del Estado.<\/p>\n\n\n\n<p>En este proceso, el Ministerio de Energ\u00eda y Minas y el INDE trabajan de la mano con Segeplan, con el fin de que todos los proyectos cumplan con los lineamientos del Sistema Nacional de Inversi\u00f3n P\u00fablica (SNIP).<\/p>\n\n\n\n<p>Al respecto, el ministro se\u00f1al\u00f3:<\/p>\n\n\n\n<p>Nos complace mencionar que efectivamente la coordinaci\u00f3n ha permitido acelerar la aprobaci\u00f3n del n\u00famero de los proyectos y su aprobaci\u00f3n es creciente a nivel mensual.<\/p>\n\n\n\n<p>En cuanto al rol que cumple el Instituto Nacional de Electrificaci\u00f3n (INDE), se\u00f1al\u00f3 que mantiene un papel estrat\u00e9gico dentro del sistema el\u00e9ctrico nacional el cual, seg\u00fan su ley de creaci\u00f3n, est\u00e1 encargado de impulsar la electrificaci\u00f3n rural, fomentar el uso racional de la energ\u00eda y apoyar el desarrollo productivo.<\/p>\n\n\n\n<p>Asimismo, actualmente el INDE participa como generador de energ\u00eda, proveedor de transporte y transformaci\u00f3n, y como ente promotor de proyectos de ampliaci\u00f3n de cobertura.<\/p>\n\n\n\n<p>Texto Cindy Alonzo<\/p>\n\n\n\n<p>#electricidad&nbsp; #metroredes <a href=\"http:\/\/www.elmetropolitano.com.gt\">www.elmetropolitano.com.gt<\/a> <a href=\"http:\/\/www.metroredes.com\">www.metroredes.com<\/a><\/p>\n","protected":false},"excerpt":{"rendered":"<p>El ministro de Energ\u00eda y Minas, V\u00edctor Hugo Ventura, comparti\u00f3 durante la Ronda la puesta en marcha de tres procesos de licitaci\u00f3n que, seg\u00fan \u00e9l, representan la mayor inversi\u00f3n hist\u00f3rica en infraestructura el\u00e9ctrica de Guatemala. Las licitaciones abarcan generaci\u00f3n, transmisi\u00f3n y electrificaci\u00f3n rural, con una proyecci\u00f3n de m\u00e1s de 4 mil millones de d\u00f3lares en <a class=\"read-more\" href=\"https:\/\/elmetropolitano.com.gt\/es\/guatemala-cuenta-con-tres-licitaciones-para-la-generacion-transmision-y-electrificacion-rural\/\">Leer m\u00e1s<\/a><\/p>\n","protected":false},"author":1,"featured_media":113160,"comment_status":"open","ping_status":"closed","sticky":false,"template":"","format":"standard","meta":{"footnotes":""},"categories":[2],"tags":[12],"class_list":["post-113159","post","type-post","status-publish","format-standard","has-post-thumbnail","hentry","category-nacionales","tag-nacionales"],"_links":{"self":[{"href":"https:\/\/elmetropolitano.com.gt\/es\/wp-json\/wp\/v2\/posts\/113159","targetHints":{"allow":["GET"]}}],"collection":[{"href":"https:\/\/elmetropolitano.com.gt\/es\/wp-json\/wp\/v2\/posts"}],"about":[{"href":"https:\/\/elmetropolitano.com.gt\/es\/wp-json\/wp\/v2\/types\/post"}],"author":[{"embeddable":true,"href":"https:\/\/elmetropolitano.com.gt\/es\/wp-json\/wp\/v2\/users\/1"}],"replies":[{"embeddable":true,"href":"https:\/\/elmetropolitano.com.gt\/es\/wp-json\/wp\/v2\/comments?post=113159"}],"version-history":[{"count":1,"href":"https:\/\/elmetropolitano.com.gt\/es\/wp-json\/wp\/v2\/posts\/113159\/revisions"}],"predecessor-version":[{"id":113161,"href":"https:\/\/elmetropolitano.com.gt\/es\/wp-json\/wp\/v2\/posts\/113159\/revisions\/113161"}],"wp:featuredmedia":[{"embeddable":true,"href":"https:\/\/elmetropolitano.com.gt\/es\/wp-json\/wp\/v2\/media\/113160"}],"wp:attachment":[{"href":"https:\/\/elmetropolitano.com.gt\/es\/wp-json\/wp\/v2\/media?parent=113159"}],"wp:term":[{"taxonomy":"category","embeddable":true,"href":"https:\/\/elmetropolitano.com.gt\/es\/wp-json\/wp\/v2\/categories?post=113159"},{"taxonomy":"post_tag","embeddable":true,"href":"https:\/\/elmetropolitano.com.gt\/es\/wp-json\/wp\/v2\/tags?post=113159"}],"curies":[{"name":"wp","href":"https:\/\/api.w.org\/{rel}","templated":true}]}}