{"id":113171,"date":"2025-09-29T14:08:46","date_gmt":"2025-09-29T20:08:46","guid":{"rendered":"https:\/\/elmetropolitano.com.gt\/es\/?p=113171"},"modified":"2025-09-29T14:08:47","modified_gmt":"2025-09-29T20:08:47","slug":"mas-de-3-mil-nuevos-agentes-de-la-pnc-se-graduan-este-lunes","status":"publish","type":"post","link":"https:\/\/elmetropolitano.com.gt\/es\/mas-de-3-mil-nuevos-agentes-de-la-pnc-se-graduan-este-lunes\/","title":{"rendered":"M\u00e1s de 3 mil nuevos agentes de la PNC se grad\u00faan este lunes"},"content":{"rendered":"\n<p>Este lunes 29 de septiembre se llev\u00f3 a cabo el acto de graduaci\u00f3n de alrededor de 3,700 nuevos agentes de la Polic\u00eda Nacional Civil (PNC) en el Estadio Cementos Progreso, zona 6 capitalina.<\/p>\n\n\n\n<p>A la ceremonia acudi\u00f3 el presidente de La Rep\u00fablica Bernardo Ar\u00e9valo, el ministro de Gobernaci\u00f3n, Francisco Jim\u00e9nez y todos los mandos de la PNC, quienes en conjunto, realizaron la colocaci\u00f3n de insignias de ascenso a los sub comisarios, oficiales tercero de polic\u00eda, subinspectores, adem\u00e1s de prevenci\u00f3n de delito y docencia policial.<\/p><div class=\"elmet-contenido\" id=\"elmet-3841264395\"><div class=\"elmet-adlabel\">Anuncios<\/div><div style=\"margin-top: 20px;margin-right: 20px;margin-bottom: 20px;margin-left: 20px;\" id=\"elmet-4116112526\"><a href=\"https:\/\/www.facebook.com\/arrincuanantigua\/\" aria-label=\"cintillo-arrin-cual\"><img loading=\"lazy\" decoding=\"async\" src=\"https:\/\/elmetropolitano.com.gt\/es\/wp-content\/uploads\/2021\/11\/cintillo-arrin-cual-1.jpg\" alt=\"\"  srcset=\"https:\/\/elmetropolitano.com.gt\/es\/wp-content\/uploads\/2021\/11\/cintillo-arrin-cual-1.jpg 750w, https:\/\/elmetropolitano.com.gt\/es\/wp-content\/uploads\/2021\/11\/cintillo-arrin-cual-1-300x36.jpg 300w, https:\/\/elmetropolitano.com.gt\/es\/wp-content\/uploads\/2021\/11\/cintillo-arrin-cual-1-600x72.jpg 600w\" sizes=\"(max-width: 750px) 100vw, 750px\" width=\"750\" height=\"90\"   \/><\/a><\/div><\/div>\n\n\n\n<p>El Ministro Jim\u00e9nez, declar\u00f3 que esta actividad trata de un hecho hist\u00f3rico debido a la cantidad de agentes, inspectores y comisarios, quienes se han graduado para fortalecer la lucha contra el crimen organizado, pandillas y narcomenudeo.<\/p>\n\n\n\n<p>Asimismo, el Ministro de Gobernaci\u00f3n destac\u00f3 el hecho de que varias mujeres se hayan incorporado a ser agentes de la Polic\u00eda Nacional Civil PNC.<\/p>\n\n\n\n<p>Texto Oscar Estuardo Villalobos R.<\/p>\n","protected":false},"excerpt":{"rendered":"<p>Este lunes 29 de septiembre se llev\u00f3 a cabo el acto de graduaci\u00f3n de alrededor de 3,700 nuevos agentes de la Polic\u00eda Nacional Civil (PNC) en el Estadio Cementos Progreso, zona 6 capitalina. A la ceremonia acudi\u00f3 el presidente de La Rep\u00fablica Bernardo Ar\u00e9valo, el ministro de Gobernaci\u00f3n, Francisco Jim\u00e9nez y todos los mandos de <a class=\"read-more\" href=\"https:\/\/elmetropolitano.com.gt\/es\/mas-de-3-mil-nuevos-agentes-de-la-pnc-se-graduan-este-lunes\/\">Leer m\u00e1s<\/a><\/p>\n","protected":false},"author":1,"featured_media":113172,"comment_status":"open","ping_status":"closed","sticky":false,"template":"","format":"standard","meta":{"footnotes":""},"categories":[2],"tags":[12],"class_list":["post-113171","post","type-post","status-publish","format-standard","has-post-thumbnail","hentry","category-nacionales","tag-nacionales"],"_links":{"self":[{"href":"https:\/\/elmetropolitano.com.gt\/es\/wp-json\/wp\/v2\/posts\/113171","targetHints":{"allow":["GET"]}}],"collection":[{"href":"https:\/\/elmetropolitano.com.gt\/es\/wp-json\/wp\/v2\/posts"}],"about":[{"href":"https:\/\/elmetropolitano.com.gt\/es\/wp-json\/wp\/v2\/types\/post"}],"author":[{"embeddable":true,"href":"https:\/\/elmetropolitano.com.gt\/es\/wp-json\/wp\/v2\/users\/1"}],"replies":[{"embeddable":true,"href":"https:\/\/elmetropolitano.com.gt\/es\/wp-json\/wp\/v2\/comments?post=113171"}],"version-history":[{"count":1,"href":"https:\/\/elmetropolitano.com.gt\/es\/wp-json\/wp\/v2\/posts\/113171\/revisions"}],"predecessor-version":[{"id":113173,"href":"https:\/\/elmetropolitano.com.gt\/es\/wp-json\/wp\/v2\/posts\/113171\/revisions\/113173"}],"wp:featuredmedia":[{"embeddable":true,"href":"https:\/\/elmetropolitano.com.gt\/es\/wp-json\/wp\/v2\/media\/113172"}],"wp:attachment":[{"href":"https:\/\/elmetropolitano.com.gt\/es\/wp-json\/wp\/v2\/media?parent=113171"}],"wp:term":[{"taxonomy":"category","embeddable":true,"href":"https:\/\/elmetropolitano.com.gt\/es\/wp-json\/wp\/v2\/categories?post=113171"},{"taxonomy":"post_tag","embeddable":true,"href":"https:\/\/elmetropolitano.com.gt\/es\/wp-json\/wp\/v2\/tags?post=113171"}],"curies":[{"name":"wp","href":"https:\/\/api.w.org\/{rel}","templated":true}]}}