{"id":113174,"date":"2025-09-29T14:21:08","date_gmt":"2025-09-29T20:21:08","guid":{"rendered":"https:\/\/elmetropolitano.com.gt\/es\/?p=113174"},"modified":"2025-09-29T14:21:25","modified_gmt":"2025-09-29T20:21:25","slug":"segunda-etapa-del-plan-maestro-de-movilidad-se-centra-en-asegurar-recursos-para-la-ejecucion-de-proyectos","status":"publish","type":"post","link":"https:\/\/elmetropolitano.com.gt\/es\/segunda-etapa-del-plan-maestro-de-movilidad-se-centra-en-asegurar-recursos-para-la-ejecucion-de-proyectos\/","title":{"rendered":"Segunda etapa del Plan Maestro de Movilidad se centra en asegurar recursos para la ejecuci\u00f3n de proyectos"},"content":{"rendered":"\n<p>El titular del Ministerio de Comunicaciones, Infraestructura y Vivienda (CIV), Miguel \u00c1ngel D\u00edaz Bobadilla, comparti\u00f3 durante La Ronda de este lunes el siguiente paso del Plan Maestro de Movilidad en el \u00c1rea Metropolitana de Guatemala, con el fin de mitigar la congesti\u00f3n vehicular en los 17 municipios del departamento.<\/p>\n\n\n\n<p>La finalizaci\u00f3n del estudio solicitado por la Agencia Nacional de Alianzas para el Desarrollo de Infraestructura Econ\u00f3mica de Guatemala (Anadie) a la Agencia de Cooperaci\u00f3n Internacional de Corea (KOICA) representa una meta clara para el CIV, que lidera la ejecuci\u00f3n del proyecto.<\/p><div class=\"elmet-contenido\" id=\"elmet-661087891\"><div class=\"elmet-adlabel\">Anuncios<\/div><div style=\"margin-top: 20px;margin-right: 20px;margin-bottom: 20px;margin-left: 20px;\" id=\"elmet-1950099574\"><a href=\"https:\/\/www.facebook.com\/arrincuanantigua\/\" aria-label=\"cintillo-arrin-cual\"><img loading=\"lazy\" decoding=\"async\" src=\"https:\/\/elmetropolitano.com.gt\/es\/wp-content\/uploads\/2021\/11\/cintillo-arrin-cual-1.jpg\" alt=\"\"  srcset=\"https:\/\/elmetropolitano.com.gt\/es\/wp-content\/uploads\/2021\/11\/cintillo-arrin-cual-1.jpg 750w, https:\/\/elmetropolitano.com.gt\/es\/wp-content\/uploads\/2021\/11\/cintillo-arrin-cual-1-300x36.jpg 300w, https:\/\/elmetropolitano.com.gt\/es\/wp-content\/uploads\/2021\/11\/cintillo-arrin-cual-1-600x72.jpg 600w\" sizes=\"(max-width: 750px) 100vw, 750px\" width=\"750\" height=\"90\"   \/><\/a><\/div><\/div>\n\n\n\n<p>Al respecto, el ministro resalt\u00f3:<\/p>\n\n\n\n<p>Lo que sigue es asegurar recursos, alinear a los actores y comenzar a ejecutar obras que hagan realidad una movilidad moderna y sostenible para el \u00e1rea metropolitana, tomando en cuenta que se trabaja para vivir y no se vive para trabajar.<\/p>\n\n\n\n<p>Aspectos previos a la ejecuci\u00f3n del proyecto<\/p>\n\n\n\n<p>En este contexto, el CIV contin\u00faa con la etapa de implementaci\u00f3n y toma de decisiones para levantar este plan que beneficiar\u00e1 a millones de guatemaltecos. El ministro expuso que esta etapa consta de siete ejes principales a corto, mediano y largo plazo.<\/p>\n\n\n\n<p>De esta manera, la hoja de ruta a corto plazo, entre 2025 y 2026, da inicio con la socializaci\u00f3n y validaci\u00f3n del plan con las municipalidades, el sector privado y la sociedad civil para obtener respaldo pol\u00edtico e institucional de todos los involucrados.<\/p>\n\n\n\n<p>Se analizar\u00e1 cu\u00e1l de los proyectos deber\u00e1 priorizarse para ver efectos tangibles en la congesti\u00f3n vehicular, ya sea anillos de circunvalaci\u00f3n, ejes radiales o sistemas de monitoreo CCTV que propone el Plan Maestro de Movilidad.<\/p>\n\n\n\n<p>Posteriormente, contin\u00faa con a la gesti\u00f3n de financiamiento, en la que se verificar\u00e1n fuentes de ingreso para ejecutar los proyectos priorizados, entre ellas presupuesto nacional, pr\u00e9stamos internacionales, cooperaci\u00f3n o alianzas p\u00fablico-privadas.<\/p>\n\n\n\n<p>En esta etapa tambi\u00e9n se dise\u00f1ar\u00e1n proyectos piloto estrat\u00e9gicos que impacten r\u00e1pidamente en la movilidad del \u00e1rea metropolitana. Adem\u00e1s, todos los entes involucrados deber\u00e1n coordinarse para establecer roles y de esa manera evitar duplicidades.<\/p>\n\n\n\n<p>Etapas a mediano y largo plazo<\/p>\n\n\n\n<p>Para el 2027 y 2029 se contin\u00faa con la ejecuci\u00f3n de anillo de circunvalaci\u00f3n y ejes intermunicipales priorizados en la primera etapa, as\u00ed como la implementaci\u00f3n del monitoreo del tr\u00e1nsito.<\/p>\n\n\n\n<p>Adem\u00e1s, se iniciar\u00e1n alianzas p\u00fablico-privadas para ejecutar proyectos m\u00e1s grandes y la respectiva gesti\u00f3n social y ambiental a trav\u00e9s de procesos de di\u00e1logo comunitario y estudios ambientales para garantizar un desarrollo sostenible y ordenado.<\/p>\n\n\n\n<p>A largo plazo, de 2030 en adelante, se proseguir\u00e1 con la expansi\u00f3n de la red vial metropolitana junto a una red de transporte regional y la evaluaci\u00f3n de un impacto sostenido.<\/p>\n\n\n\n<p>Con este plan, el gobierno del presidente Ar\u00e9valo demuestra su voluntad para mejorar las condiciones de vida de toda la poblaci\u00f3n guatemalteca a trav\u00e9s de dise\u00f1ar nuevas rutas que favorezcan la movilidad en la zona metropolitana.<\/p>\n\n\n\n<p>Texto Mariana L\u00f3pez<\/p>\n\n\n\n<p>#movilidad #metroredes <a href=\"http:\/\/www.elmetropolitano.com.gt\">www.elmetropolitano.com.gt<\/a> <a href=\"http:\/\/www.metroredes.com\">www.metroredes.com<\/a><\/p>\n\n\n\n<figure class=\"wp-block-gallery has-nested-images columns-default is-cropped wp-block-gallery-1 is-layout-flex wp-block-gallery-is-layout-flex\">\n<figure class=\"wp-block-image size-large\"><img loading=\"lazy\" decoding=\"async\" width=\"1024\" height=\"512\" data-id=\"113177\" src=\"https:\/\/elmetropolitano.com.gt\/es\/wp-content\/uploads\/2025\/09\/Captura-de-pantalla-2025-09-29-113544-1140x570-2-1024x512.png\" alt=\"\" class=\"wp-image-113177\" srcset=\"https:\/\/elmetropolitano.com.gt\/es\/wp-content\/uploads\/2025\/09\/Captura-de-pantalla-2025-09-29-113544-1140x570-2-1024x512.png 1024w, https:\/\/elmetropolitano.com.gt\/es\/wp-content\/uploads\/2025\/09\/Captura-de-pantalla-2025-09-29-113544-1140x570-2-300x150.png 300w, https:\/\/elmetropolitano.com.gt\/es\/wp-content\/uploads\/2025\/09\/Captura-de-pantalla-2025-09-29-113544-1140x570-2-768x384.png 768w, https:\/\/elmetropolitano.com.gt\/es\/wp-content\/uploads\/2025\/09\/Captura-de-pantalla-2025-09-29-113544-1140x570-2.png 1140w\" sizes=\"auto, (max-width: 1024px) 100vw, 1024px\" \/><\/figure>\n<\/figure>\n","protected":false},"excerpt":{"rendered":"<p>El titular del Ministerio de Comunicaciones, Infraestructura y Vivienda (CIV), Miguel \u00c1ngel D\u00edaz Bobadilla, comparti\u00f3 durante La Ronda de este lunes el siguiente paso del Plan Maestro de Movilidad en el \u00c1rea Metropolitana de Guatemala, con el fin de mitigar la congesti\u00f3n vehicular en los 17 municipios del departamento. La finalizaci\u00f3n del estudio solicitado por <a class=\"read-more\" href=\"https:\/\/elmetropolitano.com.gt\/es\/segunda-etapa-del-plan-maestro-de-movilidad-se-centra-en-asegurar-recursos-para-la-ejecucion-de-proyectos\/\">Leer m\u00e1s<\/a><\/p>\n","protected":false},"author":1,"featured_media":113175,"comment_status":"open","ping_status":"closed","sticky":false,"template":"","format":"standard","meta":{"footnotes":""},"categories":[2],"tags":[12],"class_list":["post-113174","post","type-post","status-publish","format-standard","has-post-thumbnail","hentry","category-nacionales","tag-nacionales"],"_links":{"self":[{"href":"https:\/\/elmetropolitano.com.gt\/es\/wp-json\/wp\/v2\/posts\/113174","targetHints":{"allow":["GET"]}}],"collection":[{"href":"https:\/\/elmetropolitano.com.gt\/es\/wp-json\/wp\/v2\/posts"}],"about":[{"href":"https:\/\/elmetropolitano.com.gt\/es\/wp-json\/wp\/v2\/types\/post"}],"author":[{"embeddable":true,"href":"https:\/\/elmetropolitano.com.gt\/es\/wp-json\/wp\/v2\/users\/1"}],"replies":[{"embeddable":true,"href":"https:\/\/elmetropolitano.com.gt\/es\/wp-json\/wp\/v2\/comments?post=113174"}],"version-history":[{"count":2,"href":"https:\/\/elmetropolitano.com.gt\/es\/wp-json\/wp\/v2\/posts\/113174\/revisions"}],"predecessor-version":[{"id":113178,"href":"https:\/\/elmetropolitano.com.gt\/es\/wp-json\/wp\/v2\/posts\/113174\/revisions\/113178"}],"wp:featuredmedia":[{"embeddable":true,"href":"https:\/\/elmetropolitano.com.gt\/es\/wp-json\/wp\/v2\/media\/113175"}],"wp:attachment":[{"href":"https:\/\/elmetropolitano.com.gt\/es\/wp-json\/wp\/v2\/media?parent=113174"}],"wp:term":[{"taxonomy":"category","embeddable":true,"href":"https:\/\/elmetropolitano.com.gt\/es\/wp-json\/wp\/v2\/categories?post=113174"},{"taxonomy":"post_tag","embeddable":true,"href":"https:\/\/elmetropolitano.com.gt\/es\/wp-json\/wp\/v2\/tags?post=113174"}],"curies":[{"name":"wp","href":"https:\/\/api.w.org\/{rel}","templated":true}]}}