{"id":113179,"date":"2025-09-29T14:50:13","date_gmt":"2025-09-29T20:50:13","guid":{"rendered":"https:\/\/elmetropolitano.com.gt\/es\/?p=113179"},"modified":"2025-09-29T14:50:14","modified_gmt":"2025-09-29T20:50:14","slug":"en-mesa-tecnica-diputados-analizaran-tema-de-maras","status":"publish","type":"post","link":"https:\/\/elmetropolitano.com.gt\/es\/en-mesa-tecnica-diputados-analizaran-tema-de-maras\/","title":{"rendered":"En mesa t\u00e9cnica diputados analizar\u00e1n tema de maras"},"content":{"rendered":"\n<p><a><\/a>La instancia de jefes de bloque del Congreso de la Rep\u00fablica, presidida por el presidente Nery Ramos, aprobaron este lunes la instalaci\u00f3n de una mesa t\u00e9cnica representada por todos los diputados para tratar el tema de las extorsiones de los grupos de mareros.<\/p>\n\n\n\n<p>La misma estar\u00e1 presidida por el diputado Nery Ramos, quien ya fungi\u00f3 como director de la Polic\u00eda Nacional Civil, PNC y se reunir\u00e1n todos los jueves a partir de las dos de la tarde en el Congreso para sacar una ley de consenso.<\/p><div class=\"elmet-contenido\" id=\"elmet-3693418642\"><div class=\"elmet-adlabel\">Anuncios<\/div><div style=\"margin-top: 20px;margin-right: 20px;margin-bottom: 20px;margin-left: 20px;\" id=\"elmet-3224234131\"><a href=\"https:\/\/www.facebook.com\/arrincuanantigua\/\" aria-label=\"cintillo-arrin-cual\"><img loading=\"lazy\" decoding=\"async\" src=\"https:\/\/elmetropolitano.com.gt\/es\/wp-content\/uploads\/2021\/11\/cintillo-arrin-cual-1.jpg\" alt=\"\"  srcset=\"https:\/\/elmetropolitano.com.gt\/es\/wp-content\/uploads\/2021\/11\/cintillo-arrin-cual-1.jpg 750w, https:\/\/elmetropolitano.com.gt\/es\/wp-content\/uploads\/2021\/11\/cintillo-arrin-cual-1-300x36.jpg 300w, https:\/\/elmetropolitano.com.gt\/es\/wp-content\/uploads\/2021\/11\/cintillo-arrin-cual-1-600x72.jpg 600w\" sizes=\"(max-width: 750px) 100vw, 750px\" width=\"750\" height=\"90\"   \/><\/a><\/div><\/div>\n\n\n\n<p>La instalaci\u00f3n de esta comisi\u00f3n no fue del agrado del diputado del Partido Unionista PU, \u00c1lvaro Arz\u00fa Escobar, quien dijo que \u201cuna comisi\u00f3n sirve para darle larga a los temas\u201d.<\/p>\n\n\n\n<p>Sin embargo, Arz\u00fa s\u00ed expuso que se siga discutiendo la ley 5992 sobre declarar terroristas a las maras que ya fue conocida en el pleno.<\/p>\n\n\n\n<p>Ley 5992 va a segundo debate<\/p>\n\n\n\n<p>Despu\u00e9s de una amplia discusi\u00f3n se lleg\u00f3 al acuerdo que este martes se siga conociendo en segunda lectura la iniciativa de Ley 5692, que declara de alta peligrosidad a las maras y como Organizaciones Terroristas, y reformar 7 art\u00edculos del C\u00f3digo Penal que duplican las penas en delitos de coacci\u00f3n, amenazas, extorsi\u00f3n, usurpaci\u00f3n, intimidaci\u00f3n p\u00fablica y agrupaciones ilegales cuando los cometan mareros.<\/p>\n\n\n\n<p><a href=\"https:\/\/www.facebook.com\/hashtag\/congresodelarepublica?__cft__[0]=AZXVdZwmzmt0PM30XVv-dZOqFdfT8QeTsu9c0DlYjUGLmfAA2HAq6i12s0ci4Ou_1AjJYp_i1oLUBuZN-1-6shoOfWSyxTZ78eqVZ3dt1WYBaL6HAHy4cCYEiLPcQEmCowVv8oFYEEyTcdc2vLfUw7QQgcP1paDiXjvhy305-8KibdfiFV2tIIV4fCOw1hNpeKY&amp;__tn__=*NK-R\">#CongresoDeLaRepublica<\/a><a href=\"https:\/\/www.facebook.com\/hashtag\/metroredes?__cft__[0]=AZXVdZwmzmt0PM30XVv-dZOqFdfT8QeTsu9c0DlYjUGLmfAA2HAq6i12s0ci4Ou_1AjJYp_i1oLUBuZN-1-6shoOfWSyxTZ78eqVZ3dt1WYBaL6HAHy4cCYEiLPcQEmCowVv8oFYEEyTcdc2vLfUw7QQgcP1paDiXjvhy305-8KibdfiFV2tIIV4fCOw1hNpeKY&amp;__tn__=*NK-R\">#metroredes<\/a><a href=\"https:\/\/www.facebook.com\/hashtag\/xlegislatura?__cft__[0]=AZXVdZwmzmt0PM30XVv-dZOqFdfT8QeTsu9c0DlYjUGLmfAA2HAq6i12s0ci4Ou_1AjJYp_i1oLUBuZN-1-6shoOfWSyxTZ78eqVZ3dt1WYBaL6HAHy4cCYEiLPcQEmCowVv8oFYEEyTcdc2vLfUw7QQgcP1paDiXjvhy305-8KibdfiFV2tIIV4fCOw1hNpeKY&amp;__tn__=*NK-R\">#XLegislatura<\/a><a href=\"https:\/\/www.facebook.com\/hashtag\/violencia?__cft__[0]=AZXVdZwmzmt0PM30XVv-dZOqFdfT8QeTsu9c0DlYjUGLmfAA2HAq6i12s0ci4Ou_1AjJYp_i1oLUBuZN-1-6shoOfWSyxTZ78eqVZ3dt1WYBaL6HAHy4cCYEiLPcQEmCowVv8oFYEEyTcdc2vLfUw7QQgcP1paDiXjvhy305-8KibdfiFV2tIIV4fCOw1hNpeKY&amp;__tn__=*NK-R\">#Violencia<\/a><a href=\"https:\/\/www.facebook.com\/hashtag\/pncdeguatemala?__cft__[0]=AZXVdZwmzmt0PM30XVv-dZOqFdfT8QeTsu9c0DlYjUGLmfAA2HAq6i12s0ci4Ou_1AjJYp_i1oLUBuZN-1-6shoOfWSyxTZ78eqVZ3dt1WYBaL6HAHy4cCYEiLPcQEmCowVv8oFYEEyTcdc2vLfUw7QQgcP1paDiXjvhy305-8KibdfiFV2tIIV4fCOw1hNpeKY&amp;__tn__=*NK-R\">#PNCdeGuatemala<\/a><\/p>\n\n\n\n<figure class=\"wp-block-gallery has-nested-images columns-default is-cropped wp-block-gallery-1 is-layout-flex wp-block-gallery-is-layout-flex\">\n<figure class=\"wp-block-image size-large\"><img loading=\"lazy\" decoding=\"async\" width=\"1024\" height=\"683\" data-id=\"113183\" src=\"https:\/\/elmetropolitano.com.gt\/es\/wp-content\/uploads\/2025\/09\/556081055_1340905861368827_5363063573339047676_n-1-1024x683.jpg\" alt=\"\" class=\"wp-image-113183\" srcset=\"https:\/\/elmetropolitano.com.gt\/es\/wp-content\/uploads\/2025\/09\/556081055_1340905861368827_5363063573339047676_n-1-1024x683.jpg 1024w, https:\/\/elmetropolitano.com.gt\/es\/wp-content\/uploads\/2025\/09\/556081055_1340905861368827_5363063573339047676_n-1-300x200.jpg 300w, https:\/\/elmetropolitano.com.gt\/es\/wp-content\/uploads\/2025\/09\/556081055_1340905861368827_5363063573339047676_n-1-768x512.jpg 768w, https:\/\/elmetropolitano.com.gt\/es\/wp-content\/uploads\/2025\/09\/556081055_1340905861368827_5363063573339047676_n-1.jpg 1280w\" sizes=\"auto, (max-width: 1024px) 100vw, 1024px\" \/><\/figure>\n\n\n\n<figure class=\"wp-block-image size-large\"><img loading=\"lazy\" decoding=\"async\" width=\"1024\" height=\"682\" data-id=\"113181\" src=\"https:\/\/elmetropolitano.com.gt\/es\/wp-content\/uploads\/2025\/09\/556449309_1340905788035501_4839287207939790989_n-1024x682.jpg\" alt=\"\" class=\"wp-image-113181\" srcset=\"https:\/\/elmetropolitano.com.gt\/es\/wp-content\/uploads\/2025\/09\/556449309_1340905788035501_4839287207939790989_n-1024x682.jpg 1024w, https:\/\/elmetropolitano.com.gt\/es\/wp-content\/uploads\/2025\/09\/556449309_1340905788035501_4839287207939790989_n-300x200.jpg 300w, https:\/\/elmetropolitano.com.gt\/es\/wp-content\/uploads\/2025\/09\/556449309_1340905788035501_4839287207939790989_n-768x512.jpg 768w, https:\/\/elmetropolitano.com.gt\/es\/wp-content\/uploads\/2025\/09\/556449309_1340905788035501_4839287207939790989_n.jpg 1280w\" sizes=\"auto, (max-width: 1024px) 100vw, 1024px\" \/><\/figure>\n\n\n\n<figure class=\"wp-block-image size-large\"><img loading=\"lazy\" decoding=\"async\" width=\"1024\" height=\"683\" data-id=\"113185\" src=\"https:\/\/elmetropolitano.com.gt\/es\/wp-content\/uploads\/2025\/09\/556586303_1340905791368834_5896586011762936249_n-1024x683.jpg\" alt=\"\" class=\"wp-image-113185\" srcset=\"https:\/\/elmetropolitano.com.gt\/es\/wp-content\/uploads\/2025\/09\/556586303_1340905791368834_5896586011762936249_n-1024x683.jpg 1024w, https:\/\/elmetropolitano.com.gt\/es\/wp-content\/uploads\/2025\/09\/556586303_1340905791368834_5896586011762936249_n-300x200.jpg 300w, https:\/\/elmetropolitano.com.gt\/es\/wp-content\/uploads\/2025\/09\/556586303_1340905791368834_5896586011762936249_n-768x512.jpg 768w, https:\/\/elmetropolitano.com.gt\/es\/wp-content\/uploads\/2025\/09\/556586303_1340905791368834_5896586011762936249_n.jpg 1280w\" sizes=\"auto, (max-width: 1024px) 100vw, 1024px\" \/><\/figure>\n\n\n\n<figure class=\"wp-block-image size-large\"><img loading=\"lazy\" decoding=\"async\" width=\"682\" height=\"1024\" data-id=\"113184\" src=\"https:\/\/elmetropolitano.com.gt\/es\/wp-content\/uploads\/2025\/09\/558086956_1340905854702161_9073777508982549724_n-682x1024.jpg\" alt=\"\" class=\"wp-image-113184\" srcset=\"https:\/\/elmetropolitano.com.gt\/es\/wp-content\/uploads\/2025\/09\/558086956_1340905854702161_9073777508982549724_n-682x1024.jpg 682w, https:\/\/elmetropolitano.com.gt\/es\/wp-content\/uploads\/2025\/09\/558086956_1340905854702161_9073777508982549724_n-200x300.jpg 200w, https:\/\/elmetropolitano.com.gt\/es\/wp-content\/uploads\/2025\/09\/558086956_1340905854702161_9073777508982549724_n-768x1153.jpg 768w, https:\/\/elmetropolitano.com.gt\/es\/wp-content\/uploads\/2025\/09\/558086956_1340905854702161_9073777508982549724_n-1023x1536.jpg 1023w, https:\/\/elmetropolitano.com.gt\/es\/wp-content\/uploads\/2025\/09\/558086956_1340905854702161_9073777508982549724_n.jpg 1066w\" sizes=\"auto, (max-width: 682px) 100vw, 682px\" \/><\/figure>\n\n\n\n<figure class=\"wp-block-image size-large\"><img loading=\"lazy\" decoding=\"async\" width=\"1024\" height=\"683\" data-id=\"113182\" src=\"https:\/\/elmetropolitano.com.gt\/es\/wp-content\/uploads\/2025\/09\/558207527_1340905828035497_479462834395938158_n-1024x683.jpg\" alt=\"\" class=\"wp-image-113182\" srcset=\"https:\/\/elmetropolitano.com.gt\/es\/wp-content\/uploads\/2025\/09\/558207527_1340905828035497_479462834395938158_n-1024x683.jpg 1024w, https:\/\/elmetropolitano.com.gt\/es\/wp-content\/uploads\/2025\/09\/558207527_1340905828035497_479462834395938158_n-300x200.jpg 300w, https:\/\/elmetropolitano.com.gt\/es\/wp-content\/uploads\/2025\/09\/558207527_1340905828035497_479462834395938158_n-768x512.jpg 768w, https:\/\/elmetropolitano.com.gt\/es\/wp-content\/uploads\/2025\/09\/558207527_1340905828035497_479462834395938158_n.jpg 1280w\" sizes=\"auto, (max-width: 1024px) 100vw, 1024px\" \/><\/figure>\n<\/figure>\n","protected":false},"excerpt":{"rendered":"<p>La instancia de jefes de bloque del Congreso de la Rep\u00fablica, presidida por el presidente Nery Ramos, aprobaron este lunes la instalaci\u00f3n de una mesa t\u00e9cnica representada por todos los diputados para tratar el tema de las extorsiones de los grupos de mareros. La misma estar\u00e1 presidida por el diputado Nery Ramos, quien ya fungi\u00f3 <a class=\"read-more\" href=\"https:\/\/elmetropolitano.com.gt\/es\/en-mesa-tecnica-diputados-analizaran-tema-de-maras\/\">Leer m\u00e1s<\/a><\/p>\n","protected":false},"author":1,"featured_media":113180,"comment_status":"open","ping_status":"closed","sticky":false,"template":"","format":"standard","meta":{"footnotes":""},"categories":[2],"tags":[12],"class_list":["post-113179","post","type-post","status-publish","format-standard","has-post-thumbnail","hentry","category-nacionales","tag-nacionales"],"_links":{"self":[{"href":"https:\/\/elmetropolitano.com.gt\/es\/wp-json\/wp\/v2\/posts\/113179","targetHints":{"allow":["GET"]}}],"collection":[{"href":"https:\/\/elmetropolitano.com.gt\/es\/wp-json\/wp\/v2\/posts"}],"about":[{"href":"https:\/\/elmetropolitano.com.gt\/es\/wp-json\/wp\/v2\/types\/post"}],"author":[{"embeddable":true,"href":"https:\/\/elmetropolitano.com.gt\/es\/wp-json\/wp\/v2\/users\/1"}],"replies":[{"embeddable":true,"href":"https:\/\/elmetropolitano.com.gt\/es\/wp-json\/wp\/v2\/comments?post=113179"}],"version-history":[{"count":1,"href":"https:\/\/elmetropolitano.com.gt\/es\/wp-json\/wp\/v2\/posts\/113179\/revisions"}],"predecessor-version":[{"id":113186,"href":"https:\/\/elmetropolitano.com.gt\/es\/wp-json\/wp\/v2\/posts\/113179\/revisions\/113186"}],"wp:featuredmedia":[{"embeddable":true,"href":"https:\/\/elmetropolitano.com.gt\/es\/wp-json\/wp\/v2\/media\/113180"}],"wp:attachment":[{"href":"https:\/\/elmetropolitano.com.gt\/es\/wp-json\/wp\/v2\/media?parent=113179"}],"wp:term":[{"taxonomy":"category","embeddable":true,"href":"https:\/\/elmetropolitano.com.gt\/es\/wp-json\/wp\/v2\/categories?post=113179"},{"taxonomy":"post_tag","embeddable":true,"href":"https:\/\/elmetropolitano.com.gt\/es\/wp-json\/wp\/v2\/tags?post=113179"}],"curies":[{"name":"wp","href":"https:\/\/api.w.org\/{rel}","templated":true}]}}