{"id":113187,"date":"2025-09-29T16:01:49","date_gmt":"2025-09-29T22:01:49","guid":{"rendered":"https:\/\/elmetropolitano.com.gt\/es\/?p=113187"},"modified":"2025-09-29T16:01:50","modified_gmt":"2025-09-29T22:01:50","slug":"mp-propone-acciones-para-la-lucha-contra-las-maras","status":"publish","type":"post","link":"https:\/\/elmetropolitano.com.gt\/es\/mp-propone-acciones-para-la-lucha-contra-las-maras\/","title":{"rendered":"MP propone acciones para la lucha contra las maras"},"content":{"rendered":"\n<p>Para presentar acciones y fortalecer la lucha contra las maras, la fiscal general Consuelo Porras y diputados de las bancadas de Vamos, Une, Valor, Unionistas, Cambio y Viva, se reunieron en la sede del ente investigador y avalaron las enmiendas propuestas por el MP.<\/p>\n\n\n\n<p>La fiscal general ofreci\u00f3 trabajar en conjunto en relaci\u00f3n a la amenaza que representan las estructuras criminales conocidas como maras, cuya actividad delictiva ha dejado un profundo impacto en la poblaci\u00f3n guatemalteca.<\/p><div class=\"elmet-contenido\" id=\"elmet-4059489386\"><div class=\"elmet-adlabel\">Anuncios<\/div><div style=\"margin-top: 20px;margin-right: 20px;margin-bottom: 20px;margin-left: 20px;\" id=\"elmet-245622136\"><a href=\"https:\/\/www.facebook.com\/arrincuanantigua\/\" aria-label=\"cintillo-arrin-cual\"><img loading=\"lazy\" decoding=\"async\" src=\"https:\/\/elmetropolitano.com.gt\/es\/wp-content\/uploads\/2021\/11\/cintillo-arrin-cual-1.jpg\" alt=\"\"  srcset=\"https:\/\/elmetropolitano.com.gt\/es\/wp-content\/uploads\/2021\/11\/cintillo-arrin-cual-1.jpg 750w, https:\/\/elmetropolitano.com.gt\/es\/wp-content\/uploads\/2021\/11\/cintillo-arrin-cual-1-300x36.jpg 300w, https:\/\/elmetropolitano.com.gt\/es\/wp-content\/uploads\/2021\/11\/cintillo-arrin-cual-1-600x72.jpg 600w\" sizes=\"(max-width: 750px) 100vw, 750px\" width=\"750\" height=\"90\"   \/><\/a><\/div><\/div>\n\n\n\n<p>A\u00f1adi\u00f3 que la lucha contra las maras y pandillas no representan un desaf\u00edo nuevo, pero si creciente, m\u00e1s violento y m\u00e1s complejo, pues hoy operan bajo esquemas de financiamiento transnacional, ocultos y sumamente sofisticados.<\/p>\n\n\n\n<p>En un comunicado el MP dio a conocer los resultados de la reuni\u00f3n sostenida el mi\u00e9rcoles 28 de febrero del 2024 con relaci\u00f3n al punto resolutivo 6-2024 relacionado a los delitos de estafas, exponiendo diversos casos a trav\u00e9s de los cuales realizaron operativos que permitieron la captura de cabecillas de estructuras criminales y luego de los an\u00e1lisis jur\u00eddicos las investigaciones se encuadraron adem\u00e1s en delitos como estafa y usura, en otros como asociaci\u00f3n il\u00edcita y lavado de dinero.<\/p>\n\n\n\n<p>A\u00f1aden que como parte de este trabajo se formaron mesas t\u00e9cnicas buscando reformas legales para tipificar con mayor severidad los delitos de estafa y usura; adem\u00e1s para la discusi\u00f3n de la ley del cibercrimen, indispensable para que Guatemala pueda adherirse a la Convenci\u00f3n de Budapest y fortalecer la persecuci\u00f3n de la ciberdelincuencia.<\/p>\n\n\n\n<p>Denuncias se incrementaron<\/p>\n\n\n\n<p>Se indica que durante el 2025 las denuncias recibidas en el MP se incrementaron, especialmente en las \u00e1reas sur, oriente y norte del pa\u00eds con porcentajes m\u00e1s altos de incidencia de criminalidad. El departamento de Guatemala es el que m\u00e1s registra con un 48% de la totalidad, dentro de los municipios de Guatemala, Villa Nueva y Mixco. La zona 18 es la que m\u00e1s genera violencia.<\/p>\n\n\n\n<p>Guatemala 8 lugar de violencia en Latinoam\u00e9rica<\/p>\n\n\n\n<p>Las Naciones Unidas ha declarado zonas de riesgo a nivel mundial, las m\u00e1s violenta declar\u00e1ndose como zona de guerra y Guatemala y varios departamentos y municipios est\u00e1n por encima de este n\u00famero, al igual que algunas zonas de la ciudad de Guatemala que tienen la mitad de porcentaje de muertes que ocurren en la Franja de Gaza, haci\u00e9ndose necesario que se active el punto resolutivo.<\/p>\n\n\n\n<p>Cambio en todo el sistema penal<\/p>\n\n\n\n<p>El MP se\u00f1ala que se debe modificar el proceso penal dando mayor relevancia a los derechos de las v\u00edctimas de delitos, no solo con el aumento de las penas, sino cambiar todo el sistema penal para que se pueda tener un buen resultado y especialmente en el caso de las maras no se apliquen medidas sustitutivas, ni de criterio de oportunidad, ni de aceptaci\u00f3n de cargos y crear juzgados especializados para delitos cometidos por integrantes de las maras, adem\u00e1s de modificar el sistema penitenciario, fortaleciendo el rastreo de armas y control de telefon\u00edas.<\/p>\n\n\n\n<p>El desaf\u00edo de los actos de extorsi\u00f3n<\/p>\n\n\n\n<p>Estos deben convertirse en tipos penales pluriofensivos que afectan no solo a las personas sino tambi\u00e9n a las empresas, afectando la econom\u00eda del pa\u00eds, pues se aumentan los costos de los productos y se disminuye la inversi\u00f3n. Protocolos estrictos para las visitas, limitar el acceso a tel\u00e9fonos e internet, que los reos de alta peligrosidad no salgan a tribunales.<\/p>\n\n\n\n<p>Las propuestas ser\u00e1n remitidas al Congreso de la Rep\u00fablica<\/p>\n\n\n\n<p>La fiscal general se\u00f1ala que las propuestas del MP ser\u00e1n remitidas al Congreso de la Rep\u00fablica para su an\u00e1lisis e incorporaci\u00f3n seg\u00fan lo vean los legisladores.<\/p>\n\n\n\n<p>#MP #diputados #metroredes <a href=\"http:\/\/www.elmetropolitano.com.gt\">www.elmetropolitano.com.gt<\/a>&nbsp; <a href=\"http:\/\/www.metroredes.com\">www.metroredes.com<\/a><\/p>\n\n\n\n<figure class=\"wp-block-gallery has-nested-images columns-default is-cropped wp-block-gallery-1 is-layout-flex wp-block-gallery-is-layout-flex\">\n<figure class=\"wp-block-image size-large\"><img loading=\"lazy\" decoding=\"async\" width=\"1024\" height=\"480\" data-id=\"113190\" src=\"https:\/\/elmetropolitano.com.gt\/es\/wp-content\/uploads\/2025\/09\/7b1983e6-b6d8-4b49-8282-32574a75063b-1-1024x480.jpg\" alt=\"\" class=\"wp-image-113190\" srcset=\"https:\/\/elmetropolitano.com.gt\/es\/wp-content\/uploads\/2025\/09\/7b1983e6-b6d8-4b49-8282-32574a75063b-1-1024x480.jpg 1024w, https:\/\/elmetropolitano.com.gt\/es\/wp-content\/uploads\/2025\/09\/7b1983e6-b6d8-4b49-8282-32574a75063b-1-300x141.jpg 300w, https:\/\/elmetropolitano.com.gt\/es\/wp-content\/uploads\/2025\/09\/7b1983e6-b6d8-4b49-8282-32574a75063b-1-768x360.jpg 768w, https:\/\/elmetropolitano.com.gt\/es\/wp-content\/uploads\/2025\/09\/7b1983e6-b6d8-4b49-8282-32574a75063b-1.jpg 1049w\" sizes=\"auto, (max-width: 1024px) 100vw, 1024px\" \/><\/figure>\n\n\n\n<figure class=\"wp-block-image size-large\"><img loading=\"lazy\" decoding=\"async\" width=\"1024\" height=\"566\" data-id=\"113189\" src=\"https:\/\/elmetropolitano.com.gt\/es\/wp-content\/uploads\/2025\/09\/7e63251e-e7e2-4548-b291-79dc4e630bcb-1024x566.jpg\" alt=\"\" class=\"wp-image-113189\" srcset=\"https:\/\/elmetropolitano.com.gt\/es\/wp-content\/uploads\/2025\/09\/7e63251e-e7e2-4548-b291-79dc4e630bcb-1024x566.jpg 1024w, https:\/\/elmetropolitano.com.gt\/es\/wp-content\/uploads\/2025\/09\/7e63251e-e7e2-4548-b291-79dc4e630bcb-300x166.jpg 300w, https:\/\/elmetropolitano.com.gt\/es\/wp-content\/uploads\/2025\/09\/7e63251e-e7e2-4548-b291-79dc4e630bcb-768x425.jpg 768w, https:\/\/elmetropolitano.com.gt\/es\/wp-content\/uploads\/2025\/09\/7e63251e-e7e2-4548-b291-79dc4e630bcb.jpg 1170w\" sizes=\"auto, (max-width: 1024px) 100vw, 1024px\" \/><\/figure>\n<\/figure>\n","protected":false},"excerpt":{"rendered":"<p>Para presentar acciones y fortalecer la lucha contra las maras, la fiscal general Consuelo Porras y diputados de las bancadas de Vamos, Une, Valor, Unionistas, Cambio y Viva, se reunieron en la sede del ente investigador y avalaron las enmiendas propuestas por el MP. La fiscal general ofreci\u00f3 trabajar en conjunto en relaci\u00f3n a la <a class=\"read-more\" href=\"https:\/\/elmetropolitano.com.gt\/es\/mp-propone-acciones-para-la-lucha-contra-las-maras\/\">Leer m\u00e1s<\/a><\/p>\n","protected":false},"author":1,"featured_media":113188,"comment_status":"open","ping_status":"closed","sticky":false,"template":"","format":"standard","meta":{"footnotes":""},"categories":[2],"tags":[12],"class_list":["post-113187","post","type-post","status-publish","format-standard","has-post-thumbnail","hentry","category-nacionales","tag-nacionales"],"_links":{"self":[{"href":"https:\/\/elmetropolitano.com.gt\/es\/wp-json\/wp\/v2\/posts\/113187","targetHints":{"allow":["GET"]}}],"collection":[{"href":"https:\/\/elmetropolitano.com.gt\/es\/wp-json\/wp\/v2\/posts"}],"about":[{"href":"https:\/\/elmetropolitano.com.gt\/es\/wp-json\/wp\/v2\/types\/post"}],"author":[{"embeddable":true,"href":"https:\/\/elmetropolitano.com.gt\/es\/wp-json\/wp\/v2\/users\/1"}],"replies":[{"embeddable":true,"href":"https:\/\/elmetropolitano.com.gt\/es\/wp-json\/wp\/v2\/comments?post=113187"}],"version-history":[{"count":1,"href":"https:\/\/elmetropolitano.com.gt\/es\/wp-json\/wp\/v2\/posts\/113187\/revisions"}],"predecessor-version":[{"id":113191,"href":"https:\/\/elmetropolitano.com.gt\/es\/wp-json\/wp\/v2\/posts\/113187\/revisions\/113191"}],"wp:featuredmedia":[{"embeddable":true,"href":"https:\/\/elmetropolitano.com.gt\/es\/wp-json\/wp\/v2\/media\/113188"}],"wp:attachment":[{"href":"https:\/\/elmetropolitano.com.gt\/es\/wp-json\/wp\/v2\/media?parent=113187"}],"wp:term":[{"taxonomy":"category","embeddable":true,"href":"https:\/\/elmetropolitano.com.gt\/es\/wp-json\/wp\/v2\/categories?post=113187"},{"taxonomy":"post_tag","embeddable":true,"href":"https:\/\/elmetropolitano.com.gt\/es\/wp-json\/wp\/v2\/tags?post=113187"}],"curies":[{"name":"wp","href":"https:\/\/api.w.org\/{rel}","templated":true}]}}