{"id":113212,"date":"2025-09-30T10:03:46","date_gmt":"2025-09-30T16:03:46","guid":{"rendered":"https:\/\/elmetropolitano.com.gt\/es\/?p=113212"},"modified":"2025-09-30T10:03:46","modified_gmt":"2025-09-30T16:03:46","slug":"detenido-por-robar-mercaderia-de-almacen","status":"publish","type":"post","link":"https:\/\/elmetropolitano.com.gt\/es\/detenido-por-robar-mercaderia-de-almacen\/","title":{"rendered":"Detenido por robar mercader\u00eda de almac\u00e9n"},"content":{"rendered":"\n<p><a><\/a>En el kil\u00f3metro 55 de la ruta interamericana jurisdicci\u00f3n de Chimaltenango fue detenido \u00c1ngel de 20 a\u00f1os, denunciado por trabajadores de una supertienda luego que evadi\u00f3 los controles de seguridad y se fue sin pagar una factura de Q1 mil 423.98 en productos varios.<\/p>\n\n\n\n<p>Fue detenido inmediatamente y se le decomis\u00f3 un mil\u00edmetro digital, dos c\u00e1maras WiFi para interior, un par de aud\u00edfonos inal\u00e1mbricos y un tester de tensi\u00f3n, productos de los que no pudo demostrar su compra con la respectiva factura.<\/p><div class=\"elmet-contenido\" id=\"elmet-1273948903\"><div class=\"elmet-adlabel\">Anuncios<\/div><div style=\"margin-top: 20px;margin-right: 20px;margin-bottom: 20px;margin-left: 20px;\" id=\"elmet-1240753569\"><a href=\"https:\/\/www.facebook.com\/arrincuanantigua\/\" aria-label=\"cintillo-arrin-cual\"><img loading=\"lazy\" decoding=\"async\" src=\"https:\/\/elmetropolitano.com.gt\/es\/wp-content\/uploads\/2021\/11\/cintillo-arrin-cual-1.jpg\" alt=\"\"  srcset=\"https:\/\/elmetropolitano.com.gt\/es\/wp-content\/uploads\/2021\/11\/cintillo-arrin-cual-1.jpg 750w, https:\/\/elmetropolitano.com.gt\/es\/wp-content\/uploads\/2021\/11\/cintillo-arrin-cual-1-300x36.jpg 300w, https:\/\/elmetropolitano.com.gt\/es\/wp-content\/uploads\/2021\/11\/cintillo-arrin-cual-1-600x72.jpg 600w\" sizes=\"(max-width: 750px) 100vw, 750px\" width=\"750\" height=\"90\"   \/><\/a><\/div><\/div>\n\n\n\n<p><a href=\"https:\/\/www.facebook.com\/hashtag\/pncdeguatemala?__cft__[0]=AZV0Wvf6CClcAJX1U8l-03lDSrhpobH0HVmKV9NihopiG-Xmh4VU6eyyyACuPtryxNR6mMSSBh_QtIUGlS2-igNQLe3lolwISJ-OBi1JeN0-HUltJUUTFQicqOSWhIjeTjvpukjETFGuHk08nT3EnwbjPWeosIS80oUXaM7K_T8iYLNWeJwQdHsVQTPgkCA-oalCAyhi8czNnHUN870J_9RcDcrohMcq_qdKE3gAjpo_ZA&amp;__tn__=*NK-y-R\">#PNCdeGuatemala<\/a>  <a href=\"https:\/\/www.facebook.com\/hashtag\/pncenacci%C3%B3n?__cft__[0]=AZV0Wvf6CClcAJX1U8l-03lDSrhpobH0HVmKV9NihopiG-Xmh4VU6eyyyACuPtryxNR6mMSSBh_QtIUGlS2-igNQLe3lolwISJ-OBi1JeN0-HUltJUUTFQicqOSWhIjeTjvpukjETFGuHk08nT3EnwbjPWeosIS80oUXaM7K_T8iYLNWeJwQdHsVQTPgkCA-oalCAyhi8czNnHUN870J_9RcDcrohMcq_qdKE3gAjpo_ZA&amp;__tn__=*NK-y-R\">#PNCEnAcci\u00f3n<\/a><a href=\"https:\/\/www.facebook.com\/hashtag\/laprensadechimaltenango?__cft__[0]=AZV0Wvf6CClcAJX1U8l-03lDSrhpobH0HVmKV9NihopiG-Xmh4VU6eyyyACuPtryxNR6mMSSBh_QtIUGlS2-igNQLe3lolwISJ-OBi1JeN0-HUltJUUTFQicqOSWhIjeTjvpukjETFGuHk08nT3EnwbjPWeosIS80oUXaM7K_T8iYLNWeJwQdHsVQTPgkCA-oalCAyhi8czNnHUN870J_9RcDcrohMcq_qdKE3gAjpo_ZA&amp;__tn__=*NK-y-R\">#LaPrensaDeChimaltenango<\/a><\/p>\n\n\n\n<figure class=\"wp-block-gallery has-nested-images columns-default is-cropped wp-block-gallery-1 is-layout-flex wp-block-gallery-is-layout-flex\">\n<figure class=\"wp-block-image size-large\"><img loading=\"lazy\" decoding=\"async\" width=\"576\" height=\"1024\" data-id=\"113214\" src=\"https:\/\/elmetropolitano.com.gt\/es\/wp-content\/uploads\/2025\/09\/556099541_122108132103001230_655801322520030620_n-1-576x1024.jpg\" alt=\"\" class=\"wp-image-113214\" srcset=\"https:\/\/elmetropolitano.com.gt\/es\/wp-content\/uploads\/2025\/09\/556099541_122108132103001230_655801322520030620_n-1-576x1024.jpg 576w, https:\/\/elmetropolitano.com.gt\/es\/wp-content\/uploads\/2025\/09\/556099541_122108132103001230_655801322520030620_n-1-169x300.jpg 169w, https:\/\/elmetropolitano.com.gt\/es\/wp-content\/uploads\/2025\/09\/556099541_122108132103001230_655801322520030620_n-1.jpg 720w\" sizes=\"auto, (max-width: 576px) 100vw, 576px\" \/><\/figure>\n\n\n\n<figure class=\"wp-block-image size-large\"><img loading=\"lazy\" decoding=\"async\" width=\"576\" height=\"1024\" data-id=\"113215\" src=\"https:\/\/elmetropolitano.com.gt\/es\/wp-content\/uploads\/2025\/09\/556101000_122108132151001230_1493695262370124564_n-576x1024.jpg\" alt=\"\" class=\"wp-image-113215\" srcset=\"https:\/\/elmetropolitano.com.gt\/es\/wp-content\/uploads\/2025\/09\/556101000_122108132151001230_1493695262370124564_n-576x1024.jpg 576w, https:\/\/elmetropolitano.com.gt\/es\/wp-content\/uploads\/2025\/09\/556101000_122108132151001230_1493695262370124564_n-169x300.jpg 169w, https:\/\/elmetropolitano.com.gt\/es\/wp-content\/uploads\/2025\/09\/556101000_122108132151001230_1493695262370124564_n.jpg 720w\" sizes=\"auto, (max-width: 576px) 100vw, 576px\" \/><\/figure>\n<\/figure>\n","protected":false},"excerpt":{"rendered":"<p>En el kil\u00f3metro 55 de la ruta interamericana jurisdicci\u00f3n de Chimaltenango fue detenido \u00c1ngel de 20 a\u00f1os, denunciado por trabajadores de una supertienda luego que evadi\u00f3 los controles de seguridad y se fue sin pagar una factura de Q1 mil 423.98 en productos varios. Fue detenido inmediatamente y se le decomis\u00f3 un mil\u00edmetro digital, dos <a class=\"read-more\" href=\"https:\/\/elmetropolitano.com.gt\/es\/detenido-por-robar-mercaderia-de-almacen\/\">Leer m\u00e1s<\/a><\/p>\n","protected":false},"author":1,"featured_media":113213,"comment_status":"open","ping_status":"closed","sticky":false,"template":"","format":"standard","meta":{"footnotes":""},"categories":[2],"tags":[12],"class_list":["post-113212","post","type-post","status-publish","format-standard","has-post-thumbnail","hentry","category-nacionales","tag-nacionales"],"_links":{"self":[{"href":"https:\/\/elmetropolitano.com.gt\/es\/wp-json\/wp\/v2\/posts\/113212","targetHints":{"allow":["GET"]}}],"collection":[{"href":"https:\/\/elmetropolitano.com.gt\/es\/wp-json\/wp\/v2\/posts"}],"about":[{"href":"https:\/\/elmetropolitano.com.gt\/es\/wp-json\/wp\/v2\/types\/post"}],"author":[{"embeddable":true,"href":"https:\/\/elmetropolitano.com.gt\/es\/wp-json\/wp\/v2\/users\/1"}],"replies":[{"embeddable":true,"href":"https:\/\/elmetropolitano.com.gt\/es\/wp-json\/wp\/v2\/comments?post=113212"}],"version-history":[{"count":1,"href":"https:\/\/elmetropolitano.com.gt\/es\/wp-json\/wp\/v2\/posts\/113212\/revisions"}],"predecessor-version":[{"id":113217,"href":"https:\/\/elmetropolitano.com.gt\/es\/wp-json\/wp\/v2\/posts\/113212\/revisions\/113217"}],"wp:featuredmedia":[{"embeddable":true,"href":"https:\/\/elmetropolitano.com.gt\/es\/wp-json\/wp\/v2\/media\/113213"}],"wp:attachment":[{"href":"https:\/\/elmetropolitano.com.gt\/es\/wp-json\/wp\/v2\/media?parent=113212"}],"wp:term":[{"taxonomy":"category","embeddable":true,"href":"https:\/\/elmetropolitano.com.gt\/es\/wp-json\/wp\/v2\/categories?post=113212"},{"taxonomy":"post_tag","embeddable":true,"href":"https:\/\/elmetropolitano.com.gt\/es\/wp-json\/wp\/v2\/tags?post=113212"}],"curies":[{"name":"wp","href":"https:\/\/api.w.org\/{rel}","templated":true}]}}