{"id":113218,"date":"2025-09-30T10:19:38","date_gmt":"2025-09-30T16:19:38","guid":{"rendered":"https:\/\/elmetropolitano.com.gt\/es\/?p=113218"},"modified":"2025-09-30T10:19:39","modified_gmt":"2025-09-30T16:19:39","slug":"ministerio-de-energia-y-minas-trabaja-en-la-deuda-historica-de-reducir-la-brecha-electrica","status":"publish","type":"post","link":"https:\/\/elmetropolitano.com.gt\/es\/ministerio-de-energia-y-minas-trabaja-en-la-deuda-historica-de-reducir-la-brecha-electrica\/","title":{"rendered":"Ministerio de Energ\u00eda y Minas trabaja en la deuda hist\u00f3rica de reducir la brecha el\u00e9ctrica"},"content":{"rendered":"\n<p>El ministro de Energ\u00eda y Minas expuso la magnitud de la brecha en el acceso a la electricidad que a\u00fan enfrenta Guatemala. Y comparti\u00f3 que, seg\u00fan datos oficiales, alrededor del 8.5 % de la poblaci\u00f3n (que representan unas 344 mil familias) carece de energ\u00eda el\u00e9ctrica, con mayor incidencia en comunidades ind\u00edgenas y de bajos ingresos.<\/p>\n\n\n\n<p>Al igual, indic\u00f3 que Alta Verapaz es el departamento m\u00e1s rezagado, con una cobertura inferior al 60 %, seguido de territorios como Pet\u00e9n, Baja Verapaz, Izabal, Quich\u00e9, Huehuetenango, Jalapa y Chiquimula, donde la cobertura no supera el 90 %.<\/p><div class=\"elmet-contenido\" id=\"elmet-3078291176\"><div class=\"elmet-adlabel\">Anuncios<\/div><div style=\"margin-top: 20px;margin-right: 20px;margin-bottom: 20px;margin-left: 20px;\" id=\"elmet-1244363854\"><a href=\"https:\/\/www.facebook.com\/arrincuanantigua\/\" aria-label=\"cintillo-arrin-cual\"><img loading=\"lazy\" decoding=\"async\" src=\"https:\/\/elmetropolitano.com.gt\/es\/wp-content\/uploads\/2021\/11\/cintillo-arrin-cual-1.jpg\" alt=\"\"  srcset=\"https:\/\/elmetropolitano.com.gt\/es\/wp-content\/uploads\/2021\/11\/cintillo-arrin-cual-1.jpg 750w, https:\/\/elmetropolitano.com.gt\/es\/wp-content\/uploads\/2021\/11\/cintillo-arrin-cual-1-300x36.jpg 300w, https:\/\/elmetropolitano.com.gt\/es\/wp-content\/uploads\/2021\/11\/cintillo-arrin-cual-1-600x72.jpg 600w\" sizes=\"(max-width: 750px) 100vw, 750px\" width=\"750\" height=\"90\"   \/><\/a><\/div><\/div>\n\n\n\n<p>El titular de la cartera de Energ\u00eda explic\u00f3 que el costo del servicio se compone de generaci\u00f3n, transmisi\u00f3n y distribuci\u00f3n, a lo que se suman el alumbrado p\u00fablico y el impuesto al valor agregado. En ese sentido, cualquier limitaci\u00f3n en uno de estos componentes repercute directamente en la calidad del suministro y en la capacidad de atender la demanda nacional.<\/p>\n\n\n\n<p>Deuda hist\u00f3rica con la electrificaci\u00f3n<\/p>\n\n\n\n<p>En cuanto a los retos que ha enfrentado el sistema el\u00e9ctrico en el pa\u00eds, enfatiz\u00f3 en el cambio clim\u00e1tico, que ya ha puesto en evidencia la vulnerabilidad de la generaci\u00f3n, lo que oblig\u00f3 a implementar programas de emergencia para evitar apagones.<\/p>\n\n\n\n<p>Asimismo, apunt\u00f3 a los problemas en transmisi\u00f3n y transformaci\u00f3n derivados de la falta de inversi\u00f3n en infraestructura, as\u00ed como las deficiencias en distribuci\u00f3n que, en muchos casos, impiden conectar nuevas comunidades.<\/p>\n\n\n\n<p>Y para alcanzar la universalizaci\u00f3n del servicio, mencion\u00f3 que el pa\u00eds necesita inversiones estimadas entre 900 y mil millones de d\u00f3lares, lo que equivale a unos 7 mil 500 millones de quetzales.<\/p>\n\n\n\n<p>Texto Cindy Alonzo<\/p>\n\n\n\n<p>#electricidad #metroredes <a href=\"http:\/\/www.elmetropolitano.com.gt\">www.elmetropolitano.com.gt<\/a> <a href=\"http:\/\/www.metroredes.com\">www.metroredes.com<\/a><\/p>\n","protected":false},"excerpt":{"rendered":"<p>El ministro de Energ\u00eda y Minas expuso la magnitud de la brecha en el acceso a la electricidad que a\u00fan enfrenta Guatemala. Y comparti\u00f3 que, seg\u00fan datos oficiales, alrededor del 8.5 % de la poblaci\u00f3n (que representan unas 344 mil familias) carece de energ\u00eda el\u00e9ctrica, con mayor incidencia en comunidades ind\u00edgenas y de bajos ingresos. <a class=\"read-more\" href=\"https:\/\/elmetropolitano.com.gt\/es\/ministerio-de-energia-y-minas-trabaja-en-la-deuda-historica-de-reducir-la-brecha-electrica\/\">Leer m\u00e1s<\/a><\/p>\n","protected":false},"author":1,"featured_media":113219,"comment_status":"open","ping_status":"closed","sticky":false,"template":"","format":"standard","meta":{"footnotes":""},"categories":[2],"tags":[12],"class_list":["post-113218","post","type-post","status-publish","format-standard","has-post-thumbnail","hentry","category-nacionales","tag-nacionales"],"_links":{"self":[{"href":"https:\/\/elmetropolitano.com.gt\/es\/wp-json\/wp\/v2\/posts\/113218","targetHints":{"allow":["GET"]}}],"collection":[{"href":"https:\/\/elmetropolitano.com.gt\/es\/wp-json\/wp\/v2\/posts"}],"about":[{"href":"https:\/\/elmetropolitano.com.gt\/es\/wp-json\/wp\/v2\/types\/post"}],"author":[{"embeddable":true,"href":"https:\/\/elmetropolitano.com.gt\/es\/wp-json\/wp\/v2\/users\/1"}],"replies":[{"embeddable":true,"href":"https:\/\/elmetropolitano.com.gt\/es\/wp-json\/wp\/v2\/comments?post=113218"}],"version-history":[{"count":1,"href":"https:\/\/elmetropolitano.com.gt\/es\/wp-json\/wp\/v2\/posts\/113218\/revisions"}],"predecessor-version":[{"id":113220,"href":"https:\/\/elmetropolitano.com.gt\/es\/wp-json\/wp\/v2\/posts\/113218\/revisions\/113220"}],"wp:featuredmedia":[{"embeddable":true,"href":"https:\/\/elmetropolitano.com.gt\/es\/wp-json\/wp\/v2\/media\/113219"}],"wp:attachment":[{"href":"https:\/\/elmetropolitano.com.gt\/es\/wp-json\/wp\/v2\/media?parent=113218"}],"wp:term":[{"taxonomy":"category","embeddable":true,"href":"https:\/\/elmetropolitano.com.gt\/es\/wp-json\/wp\/v2\/categories?post=113218"},{"taxonomy":"post_tag","embeddable":true,"href":"https:\/\/elmetropolitano.com.gt\/es\/wp-json\/wp\/v2\/tags?post=113218"}],"curies":[{"name":"wp","href":"https:\/\/api.w.org\/{rel}","templated":true}]}}