{"id":113261,"date":"2025-09-30T15:05:35","date_gmt":"2025-09-30T21:05:35","guid":{"rendered":"https:\/\/elmetropolitano.com.gt\/es\/?p=113261"},"modified":"2025-09-30T15:05:35","modified_gmt":"2025-09-30T21:05:35","slug":"presidente-arevalo-inicio-gira-a-tu-tierra-en-peten-trabajando-junto-al-pueblo-de-guatemala","status":"publish","type":"post","link":"https:\/\/elmetropolitano.com.gt\/es\/presidente-arevalo-inicio-gira-a-tu-tierra-en-peten-trabajando-junto-al-pueblo-de-guatemala\/","title":{"rendered":"Presidente Ar\u00e9valo inici\u00f3 gira \u201cA Tu Tierra\u201d en Pet\u00e9n trabajando junto al pueblo de Guatemala"},"content":{"rendered":"\n<p>En un ambiente c\u00e1lido, rodeado por el Lago Pet\u00e9n Itz\u00e1, el presidente Bernardo Ar\u00e9valo, inici\u00f3 su gira de trabajo A Tu Tierra, en la Isla de Flores, del departamento de Pet\u00e9n, donde uno de los principales objetivos es iniciar el proceso de la instalaci\u00f3n del gobierno departamental.<\/p>\n\n\n\n<p>Tras su llegada al aeropuerto Mundo Maya, el presidente junto a su equipo de trabajo conformado por los ministros de Salud, Joaqu\u00edn Barnoya, de Finanzas, Jonathan Menkos, de Comunicaciones, Miguel D\u00edaz y otros funcionarios se dirigieron a la Isla de Flores para iniciar con las reuniones de trabajo.<\/p><div class=\"elmet-contenido\" id=\"elmet-2469719122\"><div class=\"elmet-adlabel\">Anuncios<\/div><div style=\"margin-top: 20px;margin-right: 20px;margin-bottom: 20px;margin-left: 20px;\" id=\"elmet-1131417608\"><a href=\"https:\/\/www.facebook.com\/arrincuanantigua\/\" aria-label=\"cintillo-arrin-cual\"><img loading=\"lazy\" decoding=\"async\" src=\"https:\/\/elmetropolitano.com.gt\/es\/wp-content\/uploads\/2021\/11\/cintillo-arrin-cual-1.jpg\" alt=\"\"  srcset=\"https:\/\/elmetropolitano.com.gt\/es\/wp-content\/uploads\/2021\/11\/cintillo-arrin-cual-1.jpg 750w, https:\/\/elmetropolitano.com.gt\/es\/wp-content\/uploads\/2021\/11\/cintillo-arrin-cual-1-300x36.jpg 300w, https:\/\/elmetropolitano.com.gt\/es\/wp-content\/uploads\/2021\/11\/cintillo-arrin-cual-1-600x72.jpg 600w\" sizes=\"(max-width: 750px) 100vw, 750px\" width=\"750\" height=\"90\"   \/><\/a><\/div><\/div>\n\n\n\n<p>Pero antes de iniciar, el presidente comparti\u00f3 en sus redes sociales que no hay otra forma de arrancar el d\u00eda en el Pet\u00e9n o en cualquier lugar del mundo que con un cafecito.<\/p>\n\n\n\n<p>Luego de pasar por una cafeter\u00eda local, el mandatario ya acompa\u00f1ado por el gobernador departamental de Pet\u00e9n, Mauricio Acevedo, caminaron hac\u00eda las instalaciones de la gobernaci\u00f3n, mientras saludaban a los comunitarios.<\/p>\n\n\n\n<p>Gobiernos departamentales<\/p>\n\n\n\n<p>Durante la gira de trabajo del presidente en Pet\u00e9n abordar\u00e1 diversos espacios de desarrollo junto a ministros, secretarios y la gobernaci\u00f3n departamental, entre ellos est\u00e1 una reuni\u00f3n para abordar la instalaci\u00f3n de los gobiernos departamentales, los cuales permitir\u00e1n que las decisiones se tomen m\u00e1s cerca de la gente y as\u00ed lograr una verdadera descentralizaci\u00f3n.<\/p>\n\n\n\n<p>A Tu Tierra es liderada por el presidente Ar\u00e9valo, con el fin de trabajar juntos gobiernos locales, Ejecutivo y los ministerios y secretar\u00edas del Estado para apoyar a la poblaci\u00f3n en general.<\/p>\n\n\n\n<p>Durante la reuni\u00f3n con autoridades locales, el presidente explic\u00f3 c\u00f3mo debe funcionar el gobierno departamental y las funciones que este tendr\u00e1 esta instancia.<\/p>\n\n\n\n<p>El mandatario detall\u00f3 a los funcionarios que el gobierno local debe funcionar como un gabinete departamental para dar seguimiento de las pol\u00edticas del Gobierno para ese departamento.<\/p>\n\n\n\n<p>La gira A Tu Tierra se inici\u00f3 el martes 2 de septiembre en el municipio de Cuilapa, Santa Rosa, para trabajar en conjunto con los gobiernos locales.<\/p>\n\n\n\n<p>A la fecha la gira a llegado a los departamentos de Santa Rosa el 2 y 3 de septiembre y Sacatep\u00e9quez el 9 y 10 de septiembre. Adem\u00e1s, se desarrollan di\u00e1logos con lideres empresariales, ind\u00edgenas y sociedad civil, con el fin de coordinar acciones conjuntas para el bien com\u00fan.<\/p>\n\n\n\n<p>Texto Cindy Alonzo<\/p>\n\n\n\n<p>#BernardoAr\u00e9valo #gobiernogt #metroredes <a href=\"http:\/\/www.elmetropolitano.com.gt\">www.elmetropolitano.com.gt<\/a> <a href=\"http:\/\/www.metroredes.com\">www.metroredes.com<\/a> <a href=\"http:\/\/www.elescuintleco.com\">www.elescuintleco.com<\/a><\/p>\n","protected":false},"excerpt":{"rendered":"<p>En un ambiente c\u00e1lido, rodeado por el Lago Pet\u00e9n Itz\u00e1, el presidente Bernardo Ar\u00e9valo, inici\u00f3 su gira de trabajo A Tu Tierra, en la Isla de Flores, del departamento de Pet\u00e9n, donde uno de los principales objetivos es iniciar el proceso de la instalaci\u00f3n del gobierno departamental. Tras su llegada al aeropuerto Mundo Maya, el <a class=\"read-more\" href=\"https:\/\/elmetropolitano.com.gt\/es\/presidente-arevalo-inicio-gira-a-tu-tierra-en-peten-trabajando-junto-al-pueblo-de-guatemala\/\">Leer m\u00e1s<\/a><\/p>\n","protected":false},"author":1,"featured_media":113262,"comment_status":"open","ping_status":"closed","sticky":false,"template":"","format":"standard","meta":{"footnotes":""},"categories":[4],"tags":[13],"class_list":["post-113261","post","type-post","status-publish","format-standard","has-post-thumbnail","hentry","category-departamentales","tag-departamentales"],"_links":{"self":[{"href":"https:\/\/elmetropolitano.com.gt\/es\/wp-json\/wp\/v2\/posts\/113261","targetHints":{"allow":["GET"]}}],"collection":[{"href":"https:\/\/elmetropolitano.com.gt\/es\/wp-json\/wp\/v2\/posts"}],"about":[{"href":"https:\/\/elmetropolitano.com.gt\/es\/wp-json\/wp\/v2\/types\/post"}],"author":[{"embeddable":true,"href":"https:\/\/elmetropolitano.com.gt\/es\/wp-json\/wp\/v2\/users\/1"}],"replies":[{"embeddable":true,"href":"https:\/\/elmetropolitano.com.gt\/es\/wp-json\/wp\/v2\/comments?post=113261"}],"version-history":[{"count":1,"href":"https:\/\/elmetropolitano.com.gt\/es\/wp-json\/wp\/v2\/posts\/113261\/revisions"}],"predecessor-version":[{"id":113263,"href":"https:\/\/elmetropolitano.com.gt\/es\/wp-json\/wp\/v2\/posts\/113261\/revisions\/113263"}],"wp:featuredmedia":[{"embeddable":true,"href":"https:\/\/elmetropolitano.com.gt\/es\/wp-json\/wp\/v2\/media\/113262"}],"wp:attachment":[{"href":"https:\/\/elmetropolitano.com.gt\/es\/wp-json\/wp\/v2\/media?parent=113261"}],"wp:term":[{"taxonomy":"category","embeddable":true,"href":"https:\/\/elmetropolitano.com.gt\/es\/wp-json\/wp\/v2\/categories?post=113261"},{"taxonomy":"post_tag","embeddable":true,"href":"https:\/\/elmetropolitano.com.gt\/es\/wp-json\/wp\/v2\/tags?post=113261"}],"curies":[{"name":"wp","href":"https:\/\/api.w.org\/{rel}","templated":true}]}}