{"id":113294,"date":"2025-10-01T08:58:50","date_gmt":"2025-10-01T14:58:50","guid":{"rendered":"https:\/\/elmetropolitano.com.gt\/es\/?p=113294"},"modified":"2025-10-01T08:58:50","modified_gmt":"2025-10-01T14:58:50","slug":"presidente-lidera-suscripcion-de-acuerdos-de-cooperacion-entre-el-conap-y-cuatro-comunidades-del-sur-de-peten","status":"publish","type":"post","link":"https:\/\/elmetropolitano.com.gt\/es\/presidente-lidera-suscripcion-de-acuerdos-de-cooperacion-entre-el-conap-y-cuatro-comunidades-del-sur-de-peten\/","title":{"rendered":"Presidente lidera suscripci\u00f3n de acuerdos de cooperaci\u00f3n entre el Conap y cuatro comunidades del sur de Pet\u00e9n"},"content":{"rendered":"\n<p><a><\/a>El presidente Bernardo Ar\u00e9valo contin\u00faa con su visita a Pet\u00e9n como parte de la gira A Tu Tierra en donde encabez\u00f3 la firma de acuerdos de cooperaci\u00f3n entre el Consejo Nacional de \u00c1reas Protegidas (Conap) y cuatro asentamientos humanos en \u00e1reas protegidas del sur de ese departamento para garantizar la protecci\u00f3n de los recursos naturales de la Gran Selva Maya a trav\u00e9s de una serie de compromisos con las familias alcanzadas.<\/p>\n\n\n\n<p>Los asentamientos Corral Pek, San Agust\u00edn y El Pato, del municipio de Popt\u00fan, y el asentamiento Nacimiento Nuevo Para\u00edso La Rejoya, de Melchor de Mencos, dan un paso adelante hacia la conservaci\u00f3n de los recursos naturales por medio de compromisos para el desarrollo sostenible y respetuoso de sus comunidades con el entorno.<\/p><div class=\"elmet-contenido\" id=\"elmet-41815772\"><div class=\"elmet-adlabel\">Anuncios<\/div><div style=\"margin-top: 20px;margin-right: 20px;margin-bottom: 20px;margin-left: 20px;\" id=\"elmet-3077203929\"><a href=\"https:\/\/www.facebook.com\/arrincuanantigua\/\" aria-label=\"cintillo-arrin-cual\"><img loading=\"lazy\" decoding=\"async\" src=\"https:\/\/elmetropolitano.com.gt\/es\/wp-content\/uploads\/2021\/11\/cintillo-arrin-cual-1.jpg\" alt=\"\"  srcset=\"https:\/\/elmetropolitano.com.gt\/es\/wp-content\/uploads\/2021\/11\/cintillo-arrin-cual-1.jpg 750w, https:\/\/elmetropolitano.com.gt\/es\/wp-content\/uploads\/2021\/11\/cintillo-arrin-cual-1-300x36.jpg 300w, https:\/\/elmetropolitano.com.gt\/es\/wp-content\/uploads\/2021\/11\/cintillo-arrin-cual-1-600x72.jpg 600w\" sizes=\"(max-width: 750px) 100vw, 750px\" width=\"750\" height=\"90\"   \/><\/a><\/div><\/div>\n\n\n\n<p>El Presidente record\u00f3 que las comunidades han asumido hist\u00f3ricamente la defensa de los recursos naturales. Como resultado, afirm\u00f3 que el bosque compensa ese cuidado con agua, con sombra, con ox\u00edgeno y con oportunidades para la agricultura, el turismo y el bienestar.<\/p>\n\n\n\n<p>No obstante, apunt\u00f3 a que regular y propiciar la relaci\u00f3n arm\u00f3nica entre las comunidades y su entorno es una obligaci\u00f3n compartida por m\u00faltiples actores y diversas entidades del Estado.<\/p>\n\n\n\n<p>Los acuerdos de cooperaci\u00f3n que hoy firmamos son el marco que permitir\u00e1 la acci\u00f3n conjunta para impactar positivamente en la calidad de vida de las 167 familias que habitan en estas comunidades y para garantizar el uso, goce y disfrute responsable de los recursos naturales de la zona.<\/p>\n\n\n\n<p>\u00c1reas protegidas beneficiadas<\/p>\n\n\n\n<p>Los representantes de los cuatro asentamientos; alcaldes municipales de Popt\u00fan y Melchor de Mencos; el secretario Ejecutivo del Conap, Igor de la Roca, y la ministra de Ambiente y Recursos Naturales, Patricia Orantes, plasmaron su firma para sellar los compromisos que ayudar\u00e1n a mantener condiciones de desarrollo sostenible y el cuidado de las \u00e1reas protegidas que estas comunidades habitan.<\/p>\n\n\n\n<p>En este sentido, los asentamientos Corral Pek, San Agust\u00edn y El Pato, se ubican en el Refugio de Vida Silvestre Machaquil\u00e1, Complejo IV, en Popt\u00fan; mientras que el asentamiento Nacimiento Nuevo Para\u00edso La Rejoya se encuentra en la Reserva de Biosfera Monta\u00f1as Mayas Chiquibul, Complejo III, en jurisdicci\u00f3n de Melchor de Mencos.<\/p>\n\n\n\n<p>En total, m\u00e1s de 600 personas de 167 familias de dichas comunidades cooperar\u00e1n para habitar de forma respetuosa con su entorno, ya que abarcan un pol\u00edgono de 4 mil 268.82 hect\u00e1reas de un complejo de \u00e1reas protegidas de 226 mil 223 hect\u00e1reas (incluyendo sus zonas de amortiguamiento).<\/p>\n\n\n\n<p>Con ello, el Gobierno central avanza en el cumplimiento de la Ley de \u00c1reas Protegidas y la Pol\u00edtica de Asentamientos Humanos.<\/p>\n\n\n\n<p>Sin ceder la propiedad de las tierras de las \u00e1reas protegidas de Pet\u00e9n, el Estado obtendr\u00e1 protecci\u00f3n de recursos naturales, incluyendo la labor de monitoreo para evitar mayor depredaci\u00f3n de las \u00e1reas protegidas en cuesti\u00f3n, a la vez que podr\u00e1 facilitar fondos para mejoramiento de caminos en las poblaciones participantes, as\u00ed como para facilitar el acceso a servicios esenciales. Por lo tanto, el mandatario Ar\u00e9valo asever\u00f3:<\/p>\n\n\n\n<p>Gracias a ellos (los convenios), el Estado podr\u00e1 invertir en programas sociales que acercan la salud, la educaci\u00f3n y la protecci\u00f3n social a las comunidades, fortaleciendo los lazos entre los distintos niveles de la administraci\u00f3n p\u00fablica y generando las oportunidades de desarrollo que todos y todas ustedes merecen.<\/p>\n\n\n\n<p>M\u00e1s comunidades protegiendo Pet\u00e9n<\/p>\n\n\n\n<p>El gobernante reiter\u00f3 que la protecci\u00f3n de la Gran Selva Maya resulta de inter\u00e9s tanto dentro como fuera del pa\u00eds. Agreg\u00f3 que acciones como la firma de estos convenios contribuyen a alcanzar ese objetivo.<\/p>\n\n\n\n<p>Adem\u00e1s, record\u00f3 que en mayo se firmaron convenios de este tipo con los caser\u00edos Cerro Lindo, El Toronjo, Monte de los Olivos, Chicales y Se-Saltul, de los municipios de Dolores, El Chal y Popt\u00fan. De acuerdo con el Conap, suman 18 comunidades beneficiadas con esta mec\u00e1nica.<\/p>\n\n\n\n<p>La Gran Selva Maya y sus entornos aleda\u00f1os constituyen un pulm\u00f3n imprescindible para el sostenimiento de la vida en la Tierra.<\/p>\n\n\n\n<p>Inst\u00f3 a las comunidades implicadas y a todos los guatemaltecos a proteger el medio ambiente, se\u00f1alando que pulmones verdes como este contribuir\u00e1n a mitigar los efectos m\u00e1s severos del cambio clim\u00e1tico.<\/p>\n\n\n\n<p>Reafirm\u00f3 tambi\u00e9n a los asentamientos firmantes su respaldo para apoyarles en todo lo que sea necesario en el seguimiento de lo pactado en los convenios.<\/p>\n\n\n\n<p>Hoy, m\u00e1s que nunca, debemos hacer un esfuerzo por garantizar sus derechos y proveer la infraestructura y los servicios que desde siempre les han correspondido, concluy\u00f3 el Presidente.<\/p>\n\n\n\n<p>Texto Daniel Coromac<\/p>\n\n\n\n<p><a href=\"https:\/\/www.facebook.com\/hashtag\/conap?__cft__[0]=AZUIMRgc_g0bWnLYDDOBYhMKmI3N-LIISSiOtXjzYTC5hta-A-nckVyAD-wUvcgV9S3yN1WVymBO6X0ZJpgMvZre0ZFH37A_wNuVzDVVbNKxlw8v6RCfZ5lYspoCzeGv5dNB35gjGlitGN-9ehPlT4itTHIbJ98iT1I5YuT-zUNz-81Rf_lNW0h3S0GdngIheJE&amp;__tn__=*NK-R\">#Conap<\/a><a href=\"https:\/\/www.facebook.com\/hashtag\/peten?__cft__[0]=AZUIMRgc_g0bWnLYDDOBYhMKmI3N-LIISSiOtXjzYTC5hta-A-nckVyAD-wUvcgV9S3yN1WVymBO6X0ZJpgMvZre0ZFH37A_wNuVzDVVbNKxlw8v6RCfZ5lYspoCzeGv5dNB35gjGlitGN-9ehPlT4itTHIbJ98iT1I5YuT-zUNz-81Rf_lNW0h3S0GdngIheJE&amp;__tn__=*NK-R\">#Peten<\/a><a href=\"https:\/\/www.facebook.com\/hashtag\/atutierra?__cft__[0]=AZUIMRgc_g0bWnLYDDOBYhMKmI3N-LIISSiOtXjzYTC5hta-A-nckVyAD-wUvcgV9S3yN1WVymBO6X0ZJpgMvZre0ZFH37A_wNuVzDVVbNKxlw8v6RCfZ5lYspoCzeGv5dNB35gjGlitGN-9ehPlT4itTHIbJ98iT1I5YuT-zUNz-81Rf_lNW0h3S0GdngIheJE&amp;__tn__=*NK-R\">#Atutierra<\/a><a href=\"https:\/\/www.facebook.com\/hashtag\/metroredes?__cft__[0]=AZUIMRgc_g0bWnLYDDOBYhMKmI3N-LIISSiOtXjzYTC5hta-A-nckVyAD-wUvcgV9S3yN1WVymBO6X0ZJpgMvZre0ZFH37A_wNuVzDVVbNKxlw8v6RCfZ5lYspoCzeGv5dNB35gjGlitGN-9ehPlT4itTHIbJ98iT1I5YuT-zUNz-81Rf_lNW0h3S0GdngIheJE&amp;__tn__=*NK-R\">#metroredes<\/a><\/p>\n\n\n\n<figure class=\"wp-block-gallery has-nested-images columns-default is-cropped wp-block-gallery-1 is-layout-flex wp-block-gallery-is-layout-flex\">\n<figure class=\"wp-block-image size-large\"><img loading=\"lazy\" decoding=\"async\" width=\"1024\" height=\"576\" data-id=\"113297\" src=\"https:\/\/elmetropolitano.com.gt\/es\/wp-content\/uploads\/2025\/10\/556155263_1342509121208501_5108466115404344862_n-1024x576.jpg\" alt=\"\" class=\"wp-image-113297\" srcset=\"https:\/\/elmetropolitano.com.gt\/es\/wp-content\/uploads\/2025\/10\/556155263_1342509121208501_5108466115404344862_n-1024x576.jpg 1024w, https:\/\/elmetropolitano.com.gt\/es\/wp-content\/uploads\/2025\/10\/556155263_1342509121208501_5108466115404344862_n-300x169.jpg 300w, https:\/\/elmetropolitano.com.gt\/es\/wp-content\/uploads\/2025\/10\/556155263_1342509121208501_5108466115404344862_n-768x432.jpg 768w, https:\/\/elmetropolitano.com.gt\/es\/wp-content\/uploads\/2025\/10\/556155263_1342509121208501_5108466115404344862_n-1536x864.jpg 1536w, https:\/\/elmetropolitano.com.gt\/es\/wp-content\/uploads\/2025\/10\/556155263_1342509121208501_5108466115404344862_n.jpg 1600w\" sizes=\"auto, (max-width: 1024px) 100vw, 1024px\" \/><\/figure>\n\n\n\n<figure class=\"wp-block-image size-large\"><img loading=\"lazy\" decoding=\"async\" width=\"1024\" height=\"512\" data-id=\"113296\" src=\"https:\/\/elmetropolitano.com.gt\/es\/wp-content\/uploads\/2025\/10\/556864984_1342509064541840_2006866807157841824_n-1-1024x512.jpg\" alt=\"\" class=\"wp-image-113296\" srcset=\"https:\/\/elmetropolitano.com.gt\/es\/wp-content\/uploads\/2025\/10\/556864984_1342509064541840_2006866807157841824_n-1-1024x512.jpg 1024w, https:\/\/elmetropolitano.com.gt\/es\/wp-content\/uploads\/2025\/10\/556864984_1342509064541840_2006866807157841824_n-1-300x150.jpg 300w, https:\/\/elmetropolitano.com.gt\/es\/wp-content\/uploads\/2025\/10\/556864984_1342509064541840_2006866807157841824_n-1-768x384.jpg 768w, https:\/\/elmetropolitano.com.gt\/es\/wp-content\/uploads\/2025\/10\/556864984_1342509064541840_2006866807157841824_n-1.jpg 1140w\" sizes=\"auto, (max-width: 1024px) 100vw, 1024px\" \/><\/figure>\n\n\n\n<figure class=\"wp-block-image size-large\"><img loading=\"lazy\" decoding=\"async\" width=\"1024\" height=\"683\" data-id=\"113302\" src=\"https:\/\/elmetropolitano.com.gt\/es\/wp-content\/uploads\/2025\/10\/557612437_1342509017875178_170774371222686219_n-1024x683.jpg\" alt=\"\" class=\"wp-image-113302\" srcset=\"https:\/\/elmetropolitano.com.gt\/es\/wp-content\/uploads\/2025\/10\/557612437_1342509017875178_170774371222686219_n-1024x683.jpg 1024w, https:\/\/elmetropolitano.com.gt\/es\/wp-content\/uploads\/2025\/10\/557612437_1342509017875178_170774371222686219_n-300x200.jpg 300w, https:\/\/elmetropolitano.com.gt\/es\/wp-content\/uploads\/2025\/10\/557612437_1342509017875178_170774371222686219_n-768x512.jpg 768w, https:\/\/elmetropolitano.com.gt\/es\/wp-content\/uploads\/2025\/10\/557612437_1342509017875178_170774371222686219_n.jpg 1536w\" sizes=\"auto, (max-width: 1024px) 100vw, 1024px\" \/><\/figure>\n\n\n\n<figure class=\"wp-block-image size-large\"><img loading=\"lazy\" decoding=\"async\" width=\"1024\" height=\"576\" data-id=\"113299\" src=\"https:\/\/elmetropolitano.com.gt\/es\/wp-content\/uploads\/2025\/10\/557625093_1342509021208511_1941319875210852229_n-1024x576.jpg\" alt=\"\" class=\"wp-image-113299\" srcset=\"https:\/\/elmetropolitano.com.gt\/es\/wp-content\/uploads\/2025\/10\/557625093_1342509021208511_1941319875210852229_n-1024x576.jpg 1024w, https:\/\/elmetropolitano.com.gt\/es\/wp-content\/uploads\/2025\/10\/557625093_1342509021208511_1941319875210852229_n-300x169.jpg 300w, https:\/\/elmetropolitano.com.gt\/es\/wp-content\/uploads\/2025\/10\/557625093_1342509021208511_1941319875210852229_n-768x432.jpg 768w, https:\/\/elmetropolitano.com.gt\/es\/wp-content\/uploads\/2025\/10\/557625093_1342509021208511_1941319875210852229_n-1536x864.jpg 1536w, https:\/\/elmetropolitano.com.gt\/es\/wp-content\/uploads\/2025\/10\/557625093_1342509021208511_1941319875210852229_n.jpg 1600w\" sizes=\"auto, (max-width: 1024px) 100vw, 1024px\" \/><\/figure>\n\n\n\n<figure class=\"wp-block-image size-large\"><img loading=\"lazy\" decoding=\"async\" width=\"1024\" height=\"576\" data-id=\"113301\" src=\"https:\/\/elmetropolitano.com.gt\/es\/wp-content\/uploads\/2025\/10\/557634191_1342509104541836_4657972696148701542_n-1024x576.jpg\" alt=\"\" class=\"wp-image-113301\" srcset=\"https:\/\/elmetropolitano.com.gt\/es\/wp-content\/uploads\/2025\/10\/557634191_1342509104541836_4657972696148701542_n-1024x576.jpg 1024w, https:\/\/elmetropolitano.com.gt\/es\/wp-content\/uploads\/2025\/10\/557634191_1342509104541836_4657972696148701542_n-300x169.jpg 300w, https:\/\/elmetropolitano.com.gt\/es\/wp-content\/uploads\/2025\/10\/557634191_1342509104541836_4657972696148701542_n-768x432.jpg 768w, https:\/\/elmetropolitano.com.gt\/es\/wp-content\/uploads\/2025\/10\/557634191_1342509104541836_4657972696148701542_n-1536x864.jpg 1536w, https:\/\/elmetropolitano.com.gt\/es\/wp-content\/uploads\/2025\/10\/557634191_1342509104541836_4657972696148701542_n.jpg 1600w\" sizes=\"auto, (max-width: 1024px) 100vw, 1024px\" \/><\/figure>\n\n\n\n<figure class=\"wp-block-image size-large\"><img loading=\"lazy\" decoding=\"async\" width=\"1024\" height=\"576\" data-id=\"113300\" src=\"https:\/\/elmetropolitano.com.gt\/es\/wp-content\/uploads\/2025\/10\/557647967_1342509097875170_550324570686422801_n-1024x576.jpg\" alt=\"\" class=\"wp-image-113300\" srcset=\"https:\/\/elmetropolitano.com.gt\/es\/wp-content\/uploads\/2025\/10\/557647967_1342509097875170_550324570686422801_n-1024x576.jpg 1024w, https:\/\/elmetropolitano.com.gt\/es\/wp-content\/uploads\/2025\/10\/557647967_1342509097875170_550324570686422801_n-300x169.jpg 300w, https:\/\/elmetropolitano.com.gt\/es\/wp-content\/uploads\/2025\/10\/557647967_1342509097875170_550324570686422801_n-768x432.jpg 768w, https:\/\/elmetropolitano.com.gt\/es\/wp-content\/uploads\/2025\/10\/557647967_1342509097875170_550324570686422801_n-1536x864.jpg 1536w, https:\/\/elmetropolitano.com.gt\/es\/wp-content\/uploads\/2025\/10\/557647967_1342509097875170_550324570686422801_n.jpg 1600w\" sizes=\"auto, (max-width: 1024px) 100vw, 1024px\" \/><\/figure>\n\n\n\n<figure class=\"wp-block-image size-large\"><img loading=\"lazy\" decoding=\"async\" width=\"1024\" height=\"576\" data-id=\"113298\" src=\"https:\/\/elmetropolitano.com.gt\/es\/wp-content\/uploads\/2025\/10\/557648774_1342509071208506_246250532882683448_n-1024x576.jpg\" alt=\"\" class=\"wp-image-113298\" srcset=\"https:\/\/elmetropolitano.com.gt\/es\/wp-content\/uploads\/2025\/10\/557648774_1342509071208506_246250532882683448_n-1024x576.jpg 1024w, https:\/\/elmetropolitano.com.gt\/es\/wp-content\/uploads\/2025\/10\/557648774_1342509071208506_246250532882683448_n-300x169.jpg 300w, https:\/\/elmetropolitano.com.gt\/es\/wp-content\/uploads\/2025\/10\/557648774_1342509071208506_246250532882683448_n-768x432.jpg 768w, https:\/\/elmetropolitano.com.gt\/es\/wp-content\/uploads\/2025\/10\/557648774_1342509071208506_246250532882683448_n-1536x864.jpg 1536w, https:\/\/elmetropolitano.com.gt\/es\/wp-content\/uploads\/2025\/10\/557648774_1342509071208506_246250532882683448_n.jpg 1600w\" sizes=\"auto, (max-width: 1024px) 100vw, 1024px\" \/><\/figure>\n<\/figure>\n","protected":false},"excerpt":{"rendered":"<p>El presidente Bernardo Ar\u00e9valo contin\u00faa con su visita a Pet\u00e9n como parte de la gira A Tu Tierra en donde encabez\u00f3 la firma de acuerdos de cooperaci\u00f3n entre el Consejo Nacional de \u00c1reas Protegidas (Conap) y cuatro asentamientos humanos en \u00e1reas protegidas del sur de ese departamento para garantizar la protecci\u00f3n de los recursos naturales <a class=\"read-more\" href=\"https:\/\/elmetropolitano.com.gt\/es\/presidente-lidera-suscripcion-de-acuerdos-de-cooperacion-entre-el-conap-y-cuatro-comunidades-del-sur-de-peten\/\">Leer m\u00e1s<\/a><\/p>\n","protected":false},"author":1,"featured_media":113295,"comment_status":"open","ping_status":"closed","sticky":false,"template":"","format":"standard","meta":{"footnotes":""},"categories":[4],"tags":[13],"class_list":["post-113294","post","type-post","status-publish","format-standard","has-post-thumbnail","hentry","category-departamentales","tag-departamentales"],"_links":{"self":[{"href":"https:\/\/elmetropolitano.com.gt\/es\/wp-json\/wp\/v2\/posts\/113294","targetHints":{"allow":["GET"]}}],"collection":[{"href":"https:\/\/elmetropolitano.com.gt\/es\/wp-json\/wp\/v2\/posts"}],"about":[{"href":"https:\/\/elmetropolitano.com.gt\/es\/wp-json\/wp\/v2\/types\/post"}],"author":[{"embeddable":true,"href":"https:\/\/elmetropolitano.com.gt\/es\/wp-json\/wp\/v2\/users\/1"}],"replies":[{"embeddable":true,"href":"https:\/\/elmetropolitano.com.gt\/es\/wp-json\/wp\/v2\/comments?post=113294"}],"version-history":[{"count":1,"href":"https:\/\/elmetropolitano.com.gt\/es\/wp-json\/wp\/v2\/posts\/113294\/revisions"}],"predecessor-version":[{"id":113303,"href":"https:\/\/elmetropolitano.com.gt\/es\/wp-json\/wp\/v2\/posts\/113294\/revisions\/113303"}],"wp:featuredmedia":[{"embeddable":true,"href":"https:\/\/elmetropolitano.com.gt\/es\/wp-json\/wp\/v2\/media\/113295"}],"wp:attachment":[{"href":"https:\/\/elmetropolitano.com.gt\/es\/wp-json\/wp\/v2\/media?parent=113294"}],"wp:term":[{"taxonomy":"category","embeddable":true,"href":"https:\/\/elmetropolitano.com.gt\/es\/wp-json\/wp\/v2\/categories?post=113294"},{"taxonomy":"post_tag","embeddable":true,"href":"https:\/\/elmetropolitano.com.gt\/es\/wp-json\/wp\/v2\/tags?post=113294"}],"curies":[{"name":"wp","href":"https:\/\/api.w.org\/{rel}","templated":true}]}}